{"id":33631,"date":"2026-01-28T12:49:47","date_gmt":"2026-01-28T15:49:47","guid":{"rendered":"https:\/\/diariodocomercio.com.br\/mix\/?p=33631"},"modified":"2026-01-28T18:32:25","modified_gmt":"2026-01-28T21:32:25","slug":"brasil-pode-tomar-territorio-peruano-de-482-km%c2%b2","status":"publish","type":"post","link":"https:\/\/diariodocomercio.com.br\/mix\/brasil-pode-tomar-territorio-peruano-de-482-km%c2%b2\/","title":{"rendered":"Brasil pode tomar territ\u00f3rio peruano de 48,2 km\u00b2"},"content":{"rendered":"\n<p>Uma <strong>comunidade ind\u00edgena<\/strong> localizada no extremo norte do <strong>Peru <\/strong>deu um ultimato ao governo do pa\u00eds neste m\u00eas de janeiro. Liderada por Desiderio Flores Ayambo, a comunidade de Bellavista Callar\u00fa, situada na regi\u00e3o de Loreto, estabeleceu um prazo de 30 dias para que o Estado peruano responda \u00e0s suas reivindica\u00e7\u00f5es.<\/p>\n\n\n\n<p>Essas demandas envolvem quest\u00f5es cr\u00edticas de seguran\u00e7a e acesso a servi\u00e7os p\u00fablicos essenciais. Caso o governo n\u00e3o atenda a esses pedidos dentro do prazo estabelecido, a comunidade est\u00e1 considerando a possibilidade de <strong>integra\u00e7\u00e3o ao territ\u00f3rio brasileiro.<\/strong><\/p>\n\n\n\n<h2 class=\"wp-block-heading\">Press\u00e3o na tr\u00edplice fronteira<\/h2>\n\n\n\n<p>Bellavista Callar\u00fa, predominantemente habitada por ind\u00edgenas da etnia ticuna, est\u00e1 localizada na tr\u00edplice fronteira entre o Peru, Brasil e Col\u00f4mbia. A regi\u00e3o de 48,2 km\u00b2 enfrenta um agravamento dos problemas de viol\u00eancia e narcotr\u00e1fico, impulsionados pela falta de atua\u00e7\u00e3o estatal.<\/p>\n\n\n\n<p>A aus\u00eancia do governo tem permitido o aumento de atividades criminosas e a predomin\u00e2ncia das moedas dos pa\u00edses vizinhos, como o real brasileiro e o peso colombiano, nas transa\u00e7\u00f5es locais, substituindo o sol peruano.<\/p>\n\n\n\n<h2 class=\"wp-block-heading\">Defici\u00eancias cr\u00edticas nos servi\u00e7os<\/h2>\n\n\n\n<p>A comunidade sofre com a falta de servi\u00e7os b\u00e1sicos. A seguran\u00e7a p\u00fablica \u00e9 prec\u00e1ria, sem a presen\u00e7a permanente de policiamento ou sistema de justi\u00e7a funcional.<\/p>\n\n\n\n<p>O posto de sa\u00fade local carece de m\u00e9dicos, contando apenas com t\u00e9cnicos para atender \u00e0 popula\u00e7\u00e3o. Em casos m\u00e9dicos mais graves, especialmente envolvendo gestantes, os pacientes precisam ser transferidos para cidades vizinhas ou at\u00e9 mesmo para o Brasil.<\/p>\n\n\n\n<p>No setor educacional, a escassez de infraestrutura exige que muitos alunos estudem em condi\u00e7\u00f5es improvisadas, pois a \u00fanica escola local n\u00e3o suporta a demanda.<\/p>\n\n\n\n<p>A formaliza\u00e7\u00e3o do distrito de Bellavista Callar\u00fa, uma das principais reivindica\u00e7\u00f5es da comunidade, poderia criar uma estrutura oficial do Estado na regi\u00e3o, visando um controle mais eficaz do territ\u00f3rio.<\/p>\n\n\n\n<p>Com o ultimato em andamento, Bellavista Callar\u00fa aguarda ansiosamente uma resposta das autoridades peruanas. Enquanto isso, a possibilidade de integra\u00e7\u00e3o ao Brasil permanece uma alternativa real para a comunidade.<\/p>\n","protected":false},"excerpt":{"rendered":"<p>Com ultimato em andamento, comunidade aguarda resposta das autoridades peruanas. <\/p>\n","protected":false},"author":12,"featured_media":0,"comment_status":"closed","ping_status":"closed","sticky":false,"template":"","format":"standard","meta":{"jnews-multi-image_gallery":[],"jnews_single_post":{"format":"standard"},"jnews_primary_category":[],"jnews_social_meta":[],"jnews_override_counter":[],"jnews_post_split":[],"footnotes":""},"categories":[1],"tags":[],"class_list":["post-33631","post","type-post","status-publish","format-standard","hentry","category-geral"],"_referencia":"","_links":{"self":[{"href":"https:\/\/diariodocomercio.com.br\/mix\/wp-json\/wp\/v2\/posts\/33631","targetHints":{"allow":["GET"]}}],"collection":[{"href":"https:\/\/diariodocomercio.com.br\/mix\/wp-json\/wp\/v2\/posts"}],"about":[{"href":"https:\/\/diariodocomercio.com.br\/mix\/wp-json\/wp\/v2\/types\/post"}],"author":[{"embeddable":true,"href":"https:\/\/diariodocomercio.com.br\/mix\/wp-json\/wp\/v2\/users\/12"}],"replies":[{"embeddable":true,"href":"https:\/\/diariodocomercio.com.br\/mix\/wp-json\/wp\/v2\/comments?post=33631"}],"version-history":[{"count":2,"href":"https:\/\/diariodocomercio.com.br\/mix\/wp-json\/wp\/v2\/posts\/33631\/revisions"}],"predecessor-version":[{"id":33633,"href":"https:\/\/diariodocomercio.com.br\/mix\/wp-json\/wp\/v2\/posts\/33631\/revisions\/33633"}],"wp:attachment":[{"href":"https:\/\/diariodocomercio.com.br\/mix\/wp-json\/wp\/v2\/media?parent=33631"}],"wp:term":[{"taxonomy":"category","embeddable":true,"href":"https:\/\/diariodocomercio.com.br\/mix\/wp-json\/wp\/v2\/categories?post=33631"},{"taxonomy":"post_tag","embeddable":true,"href":"https:\/\/diariodocomercio.com.br\/mix\/wp-json\/wp\/v2\/tags?post=33631"}],"curies":[{"name":"wp","href":"https:\/\/api.w.org\/{rel}","templated":true}]}}