{"id":33635,"date":"2026-01-28T14:10:41","date_gmt":"2026-01-28T17:10:41","guid":{"rendered":"https:\/\/diariodocomercio.com.br\/mix\/?p=33635"},"modified":"2026-01-28T14:10:43","modified_gmt":"2026-01-28T17:10:43","slug":"anvisa-atualiza-regras-sobre-a-cannabis-medicinal","status":"publish","type":"post","link":"https:\/\/diariodocomercio.com.br\/mix\/anvisa-atualiza-regras-sobre-a-cannabis-medicinal\/","title":{"rendered":"Anvisa atualiza regras sobre a cannabis medicinal"},"content":{"rendered":"\n<p>Nesta quarta-feira (28), a Ag\u00eancia Nacional da Vigil\u00e2ncia Sanit\u00e1ria (Anvisa) pautou para a reuni\u00e3o da Diretoria Colegiada a volta da discuss\u00e3o sobre as normas que regularizam a produ\u00e7\u00e3o de cannabis medicinal aqui no Brasil. De acordo com o jornal O Globo, um dos pontos de diverg\u00eancia no debate \u00e9 a possibilidade de manipula\u00e7\u00e3o dos medicamentos, atualmente vetada pela Ag\u00eancia.<\/p>\n\n\n\n<p>Da consultoria Kaya Mind, o Anu\u00e1rio da Cannabis Medicinal no Brasil de 2025 revela que mais de 873 mil pessoas no pa\u00eds utilizam produtos \u00e0 base da planta <em>Cannabis sativa<\/em>. Esse n\u00famero mais do que dobrou nos \u00faltimos dois anos. <\/p>\n\n\n\n<h2 class=\"wp-block-heading\">O que pode mudar no uso da cannabis medicinal <\/h2>\n\n\n\n<p>No momento, a fabrica\u00e7\u00e3o de cannabis medicinal em farm\u00e1cias de manipula\u00e7\u00e3o n\u00e3o \u00e9 permitida, mas a quest\u00e3o vem sendo debatida. <em>&#8220;Hoje, os produtos vendidos no pa\u00eds podem ter CBD ou tetrahidrocanabinol (THC) com teor acima de 0,2% em casos de pacientes sem outras alternativas terap\u00eauticas e em situa\u00e7\u00f5es cl\u00ednicas irrevers\u00edveis ou terminais \u2014 indica\u00e7\u00e3o que pode ser ampliada para pacientes &#8216;portadores de doen\u00e7as debilitantes graves&#8217; na nova resolu\u00e7\u00e3o&#8221;<\/em>, explica O Globo.<\/p>\n\n\n\n<p>Outro ponto discutido \u00e9 um poss\u00edvel impacto na importa\u00e7\u00e3o individual de medicamentos. Atualmente, os pacientes precisam de uma receita m\u00e9dica, entre com um pedido de autoriza\u00e7\u00e3o na Anvisa e s\u00f3 ent\u00e3o fazem o pedido com uma empresa que traz o produto de fora. Essa modalidade \u00e9 usada por 41% dos pacientes.<\/p>\n\n\n\n<p>Diante dessa depend\u00eancia da importa\u00e7\u00e3o, desde 2019 a Anvisa passou a permitir a fabrica\u00e7\u00e3o e vendas de itens de cannabis em farm\u00e1cias do Brasil. Agora, a ag\u00eancia est\u00e1 debatendo a revis\u00e3o dessa norma. <\/p>\n\n\n\n<p>O diretor R\u00f4mison Mota, relator da medida sendo discutida, prop\u00f5e que as normas permitam que apenas medicamentos de cannabis que n\u00e3o t\u00eam uma mesma formula\u00e7\u00e3o no Brasil possam ser trazidas na modalidade de importa\u00e7\u00e3o individual. O relator argumenta que os itens n\u00e3o t\u00eam avalia\u00e7\u00e3o de qualidade e seguran\u00e7a da ag\u00eancia sanit\u00e1ria e que eles foram autorizados a ser importados em uma \u00e9poca em que n\u00e3o existiam produtos do tipo no Brasil.<\/p>\n\n\n\n<style>@media (min-width: 992px) {\n    .recomendadorV2Area1 {\n        width: 280px;\n    }\n    .recomendadorV2Area2 {\n        padding: 0px 20px;\n        width: calc(100% - 280px);\n    }\n}\n\n@media (max-width: 992px) {\n    .recomendadorV2Button {\n        margin: 0 auto;\n    }\n    .recomendadorV2Area {\n        flex-direction: column;\n        text-align: center;\n    }\n    .recomendadorV2Area2 {\n        padding: 0px 20px;\n    }\n}\n\n.recomendadorV2Area {\n    background: #eeeeee3d;\n    border-radius: 10px;\n    padding: 15px;\n    display: flex;\n    margin: 15px auto;\n    border: 1px solid #00000014;\n    max-width: 800px;\n}\n\n.recomendadorV2Area1 img {\n    width: 280px;\n    height: auto;\n    border-radius: 8px;\n}\n\n.linkrecomendadorv2 {\n    text-decoration: none !important;\n}\n\n.recomendadorV2Area2 .recomendadorV2Type {\n    text-transform: uppercase;\n    font-weight: 500;\n    font-size: 11px;\n    letter-spacing: 2px;\n    color: #666;\n    margin: 12px 0;\n    display: block;\n}\n\n.recomendadorV2Title h2 {\n    padding-top: 0px !important;\n    margin: 0px !important;\n    border-left: none !important;\n    padding-left: 0px !important;\n    line-height: 1.3;\n    color: #000 !important;\n    font-size: 24px;\n    margin-bottom: 12px !important;\n}\n\n.recomendadorV2Desc {\n    color: #333;\n    margin: 12px 0px !important;\n    font-size: 15px;\n    line-height: 1.5;\n}\n\n.recomendadorV2Button {\n    width: auto;\n    max-width: 200px;\n    margin: 0;\n    display: inline-flex;\n    align-items: center;\n    background: #1D3557;\n    border-radius: 8px;\n    color: #fff;\n    height: 36px;\n    justify-content: center;\n    text-align: center;\n    font-size: 14px;\n    padding: 0 20px;\n    transition: background-color 0.2s ease;\n}\n\n.recomendadorV2Button:hover {\n    background: #2a4d7a;\n}\n\n.recomendadorV2Button:after {\n    margin-top: -2px;\n    content: \"\u2192\";\n    padding: 0px 0px 0px 8px;\n}\n\n.recomendadorV2Alert {\n    text-align: left;\n    font-size: 11px;\n    margin-top: 8px;\n    color: #666;\n}\n\n.recomendadorFixedArea {\n    width: 100%;\n    display: flex;\n    justify-content: center;\n    align-items: center;\n}\n\n@media (min-width: 992px) {\n    #recomendadorFixed {\n        width: 32% !important;\n        left: 5%;\n    }\n    .recomendadorCloseFixed{\n        right: inherit !important;\n        left: 378px !important;\n    }\n}\n\n#recomendadorFixed {\n    width: 90%;\n    box-shadow: 0 10px 20px 0px #00000057;\n    display: none;\n    height: 90px;\n    background: #F6F6F6;\n    position: fixed;\n    flex-direction: row;\n    bottom: 10px;\n    z-index: 9999;\n    border-radius: 16px;\n    padding: 7px 10px;\n}\n\n.recomendadorLeftArea {\n    width: 160px;\n}\n\n.recomendadorRightArea h2 {\n    padding-top: 0px;\n    margin: 2px 0px 4px 0px !important;\n    font-weight: 400;\n    text-align: center;\n    padding-left: 0px !important;\n    color: #000 !important;\n    border-left: none !important;\n    line-height: 20px;\n    font-size: 12px !important;\n}\n\n.recomendadorImgFixed {\n    overflow: hidden;\n    padding: 8px 6px;\n    height: 100%;\n}\n\n.recomendadorImgFixed img {\n    height: 100% !important;\n    border-radius: 16px;\n}\n\n.recomendadorRightArea {\n    padding-top: 6px;\n    display: flex;\n    width: calc(100% - 130px);\n    justify-content: space-between;\n    align-items: center;\n    flex-direction: column;\n}\n\n.recomendadorButtonFixed {\n    margin: 0 auto;\n    background: #1D3557;\n    width: 80%;\n    text-align: center;\n    font-size: 10px;\n    color: #FFF;\n    padding: 2px 10px;\n    border-radius: 3px;\n}\n\n.recomendadorButtonFixed:after {\n    margin-top: -3px;\n    content: \"\u2192\";\n    padding: 0px 0px 0px 10px;\n}\n\n.recomendadorAlertFixed {\n    font-weight: 400;\n    text-align: center;\n    color: #484848;\n    font-size: 8px;\n}\n\n.recomendadorCloseFixed {\n    z-index: 99999;\n    display: none;\n    right: 0px;\n    left: inherit;\n    bottom: 99px;\n    position: fixed;\n    justify-content: center;\n    background: #F6F6F6;\n    width: 25px;\n    align-items: center;\n    height: 25px;\n    font-weight: 800;\n    border-radius: 50%;\n    border: 1px solid #EBEBEB;\n}\n\n.recomendadorV2Desc{\n    color: #000000;\n    margin: 20px 0px;\n}\n\n@media (max-width: 576px) {\n    .recomendadorV2Area {\n      padding: 10px;\n      max-width: 100%;\n    }\n  \n    .recomendadorV2Area1 img {\n      width: 100%;\n      border-radius: 6px;\n    }\n  \n    .recomendadorV2Area2 .recomendadorV2Type {\n      font-size: 9px;\n      letter-spacing: 1px;\n      margin: 8px 0;\n    }\n  \n    .recomendadorV2Title h2 {\n      font-size: 18px !important;\n      margin-bottom: 8px !important;\n      line-height: 1.2;\n    }\n  \n    .recomendadorV2Desc {\n      font-size: 14px;\n      margin: 8px 0 !important;\n      line-height: 1.4;\n    }\n  \n    .recomendadorV2Button {\n      font-size: 14px;\n      height: 40px;\n      padding: 0 12px;\n      max-width: 100%;\n      width: 100%;\n    }\n  \n    .recomendadorV2Button:after {\n      padding-left: 6px;\n    }\n  }\n  <\/style>\n        <div class=\"lazyblock-recomendador-v2-2jDGz wp-block-lazyblock-recomendador-v2\">\n        <a class=\"linkrecomendadorv2\" href=\"https:\/\/diariodocomercio.com.br\/mix\/virus-letal-que-causou-surto-na-india-pode-chegar-ao-brasil\/\">\n            <div class=\"recomendadorV2Area\">\n            <div class=\"recomendadorV2Area1\">\n                <div class=\"recomendadorV2Img\">\n                <img class=\"lazyloaded\" decoding=\"async\" src=\"https:\/\/diariodocomercio.com.br\/mix\/wp-content\/uploads\/2026\/01\/virus-nipah.jpg\" data-src=\"https:\/\/diariodocomercio.com.br\/mix\/wp-content\/uploads\/2026\/01\/virus-nipah.jpg\" alt=\"\">\n                <\/div>\n            <\/div>\n            <div class=\"recomendadorV2Area2\">\n                <div class=\"recomendadorV2Type\">\n                    <span>SA\u00daDE<\/span>\n                <\/div>\n                <div class=\"recomendadorV2Title\">\n                <h2><span>V\u00edrus letal que causou surto na \u00cdndia pode chegar ao Brasil?<\/span><\/h2>\n                <\/div>\n                <div class=\"recomendadorV2Desc\">\n                <span>Nos \u00faltimos dias, os olhos de profissionais e pesquisadores da \u00e1rea de sa\u00fade est\u00e3o voltados para a \u00cdndia, onde o \u2026<\/span>\n                <\/div>\n                <div class=\"recomendadorV2Button\">Leia mais<\/div>\n                <div class=\"recomendadorV2Alert\"><\/div>\n            <\/div>\n            <\/div>\n        <\/a>\n        <div>\n            <div style=\"z-index:99999;\" id=\"buttonClose\" onclick=\"closeRecomendadorFixed()\">\n            <div class=\"recomendadorCloseFixed\">X<\/div>\n            <\/div>\n            <a href=\"https:\/\/diariodocomercio.com.br\/mix\/virus-letal-que-causou-surto-na-india-pode-chegar-ao-brasil\/\">\n            <div class=\"recomendadorFixedArea\">\n                <div id=\"recomendadorFixed\">\n                <div class=\"recomendadorLeftArea\">\n                    <div class=\"recomendadorImgFixed\">\n                    <img class=\"lazyload\" decoding=\"async\" src=\"https:\/\/diariodocomercio.com.br\/mix\/wp-content\/uploads\/2026\/01\/virus-nipah.jpg\" alt=\"\">\n                    <\/div>\n                <\/div>\n                <div class=\"recomendadorRightArea\">\n                    <div class=\"recomendadorTitleFixed\">\n                    <h2><span>V\u00edrus letal que causou surto na \u00cdndia pode chegar ao Brasil?<\/span><\/h2>\n                    <\/div>\n                    <div class=\"recomendadorButtonFixed\">Leia mais<\/div>\n                    <div class=\"recomendadorAlertFixed\"><\/div>\n                <\/div>\n                <\/div>\n            <\/div>\n            <\/a>\n        <\/div>\n        <\/div>\n","protected":false},"excerpt":{"rendered":"<p>Nesta quarta-feira (28), a Ag\u00eancia Nacional da Vigil\u00e2ncia Sanit\u00e1ria (Anvisa) pautou para a reuni\u00e3o da Diretoria Colegiada a volta da discuss\u00e3o sobre as normas que regularizam a produ\u00e7\u00e3o de cannabis medicinal aqui no Brasil. De acordo com o jornal O Globo, um dos pontos de diverg\u00eancia no debate \u00e9 a possibilidade de manipula\u00e7\u00e3o dos medicamentos, [&hellip;]<\/p>\n","protected":false},"author":6,"featured_media":10056,"comment_status":"closed","ping_status":"closed","sticky":false,"template":"","format":"standard","meta":{"jnews-multi-image_gallery":[],"jnews_single_post":{"format":"standard"},"jnews_primary_category":[],"jnews_social_meta":[],"jnews_override_counter":[],"jnews_post_split":[],"footnotes":""},"categories":[1],"tags":[],"class_list":["post-33635","post","type-post","status-publish","format-standard","has-post-thumbnail","hentry","category-geral"],"_referencia":"","_links":{"self":[{"href":"https:\/\/diariodocomercio.com.br\/mix\/wp-json\/wp\/v2\/posts\/33635","targetHints":{"allow":["GET"]}}],"collection":[{"href":"https:\/\/diariodocomercio.com.br\/mix\/wp-json\/wp\/v2\/posts"}],"about":[{"href":"https:\/\/diariodocomercio.com.br\/mix\/wp-json\/wp\/v2\/types\/post"}],"author":[{"embeddable":true,"href":"https:\/\/diariodocomercio.com.br\/mix\/wp-json\/wp\/v2\/users\/6"}],"replies":[{"embeddable":true,"href":"https:\/\/diariodocomercio.com.br\/mix\/wp-json\/wp\/v2\/comments?post=33635"}],"version-history":[{"count":1,"href":"https:\/\/diariodocomercio.com.br\/mix\/wp-json\/wp\/v2\/posts\/33635\/revisions"}],"predecessor-version":[{"id":33636,"href":"https:\/\/diariodocomercio.com.br\/mix\/wp-json\/wp\/v2\/posts\/33635\/revisions\/33636"}],"wp:featuredmedia":[{"embeddable":true,"href":"https:\/\/diariodocomercio.com.br\/mix\/wp-json\/wp\/v2\/media\/10056"}],"wp:attachment":[{"href":"https:\/\/diariodocomercio.com.br\/mix\/wp-json\/wp\/v2\/media?parent=33635"}],"wp:term":[{"taxonomy":"category","embeddable":true,"href":"https:\/\/diariodocomercio.com.br\/mix\/wp-json\/wp\/v2\/categories?post=33635"},{"taxonomy":"post_tag","embeddable":true,"href":"https:\/\/diariodocomercio.com.br\/mix\/wp-json\/wp\/v2\/tags?post=33635"}],"curies":[{"name":"wp","href":"https:\/\/api.w.org\/{rel}","templated":true}]}}