{"id":33638,"date":"2026-01-28T14:30:53","date_gmt":"2026-01-28T17:30:53","guid":{"rendered":"https:\/\/diariodocomercio.com.br\/mix\/?p=33638"},"modified":"2026-01-28T14:30:55","modified_gmt":"2026-01-28T17:30:55","slug":"recorde-mundial-vaca-mais-cara-do-planeta-e-do-brasil","status":"publish","type":"post","link":"https:\/\/diariodocomercio.com.br\/mix\/recorde-mundial-vaca-mais-cara-do-planeta-e-do-brasil\/","title":{"rendered":"Recorde mundial: vaca mais cara do planeta \u00e9 do Brasil"},"content":{"rendered":"\n<p>A <strong>Nelore Donna FIV CIAV, <\/strong>residente em Uberaba na Fazenda Mata Velha, destacou-se em 2025 ao ser vendida por <strong>R$ 54 milh\u00f5es<\/strong> no Leil\u00e3o Cataratas Collection, em Foz do Igua\u00e7u. Este valor estabeleceu um novo recorde para a ra\u00e7a Nelore, tornando-a a vaca mais cara do mundo.<\/p>\n\n\n\n<p>A venda, que contou com a participa\u00e7\u00e3o de importantes investidores como a Casa Branca Agropastoril e a Agropecu\u00e1ria LMC, al\u00e9m do cantor sertanejo Murilo Huff, evidencia o impacto e a import\u00e2ncia da gen\u00e9tica avan\u00e7ada no agroneg\u00f3cio brasileiro.<\/p>\n\n\n\n<h2 class=\"wp-block-heading\">Excel\u00eancia na Fazenda Mata Velha<\/h2>\n\n\n\n<p>Na Fazenda Mata Velha, Donna FIV CIAV desfruta de um ambiente projetado para garantir seu bem-estar. Cada detalhe, desde os banhos di\u00e1rios at\u00e9 a dieta meticulosamente planejada, \u00e9 cuidadosamente gerenciado.<\/p>\n\n\n\n<p>Destaque para a <strong>alimenta\u00e7\u00e3o especial, <\/strong>composta por silagem, feno mo\u00eddo e ra\u00e7\u00e3o desenvolvida por especialistas em nutri\u00e7\u00e3o, essencial para manter seu padr\u00e3o gen\u00e9tico elevado.<\/p>\n\n\n\n<h2 class=\"wp-block-heading\">Impacto do leil\u00e3o no cen\u00e1rio global<\/h2>\n\n\n\n<p>O leil\u00e3o que consagrou Donna FIV CIAV n\u00e3o s\u00f3 marcou um n\u00famero recorde, mas tamb\u00e9m ressaltou a crescente lideran\u00e7a do Brasil em inova\u00e7\u00f5es agropecu\u00e1rias.<\/p>\n\n\n\n<p>O investimento cont\u00ednuo em pesquisa gen\u00e9tica levou \u00e0 valoriza\u00e7\u00e3o de exemplares como Donna, evidenciando a for\u00e7a e potencial da gen\u00e9tica bovina brasileira no cen\u00e1rio global.&nbsp;<\/p>\n\n\n\n<p>O aumento dos investimentos em gen\u00e9tica de elite favorece a economia rural e posiciona o Brasil como um pioneiro em inova\u00e7\u00f5es agropecu\u00e1rias. A hist\u00f3ria de Donna FIV CIAV \u00e9 um indicativo de que a gen\u00e9tica avan\u00e7ada n\u00e3o \u00e9 apenas uma tend\u00eancia, mas uma necessidade para produtores que buscam excel\u00eancia. Esta pr\u00e1tica promove maiores rendimentos e resist\u00eancia a doen\u00e7as, beneficiando a cadeia produtiva como um todo.<\/p>\n\n\n\n<p>\u00c0 medida que a Fazenda Mata Velha continua seu trabalho com Donna e outras vacas de elite, o foco permanece em associar gen\u00e9tica avan\u00e7ada \u00e0 produtividade e sustentabilidade.<\/p>\n","protected":false},"excerpt":{"rendered":"<p>O aumento dos investimentos em gen\u00e9tica de elite posiciona o Brasil como um pioneiro em inova\u00e7\u00f5es agropecu\u00e1rias. <\/p>\n","protected":false},"author":12,"featured_media":33640,"comment_status":"closed","ping_status":"closed","sticky":false,"template":"","format":"standard","meta":{"jnews-multi-image_gallery":[],"jnews_single_post":{"format":"standard"},"jnews_primary_category":[],"jnews_social_meta":[],"jnews_override_counter":[],"jnews_post_split":[],"footnotes":""},"categories":[1],"tags":[],"class_list":["post-33638","post","type-post","status-publish","format-standard","has-post-thumbnail","hentry","category-geral"],"_referencia":"","_links":{"self":[{"href":"https:\/\/diariodocomercio.com.br\/mix\/wp-json\/wp\/v2\/posts\/33638","targetHints":{"allow":["GET"]}}],"collection":[{"href":"https:\/\/diariodocomercio.com.br\/mix\/wp-json\/wp\/v2\/posts"}],"about":[{"href":"https:\/\/diariodocomercio.com.br\/mix\/wp-json\/wp\/v2\/types\/post"}],"author":[{"embeddable":true,"href":"https:\/\/diariodocomercio.com.br\/mix\/wp-json\/wp\/v2\/users\/12"}],"replies":[{"embeddable":true,"href":"https:\/\/diariodocomercio.com.br\/mix\/wp-json\/wp\/v2\/comments?post=33638"}],"version-history":[{"count":1,"href":"https:\/\/diariodocomercio.com.br\/mix\/wp-json\/wp\/v2\/posts\/33638\/revisions"}],"predecessor-version":[{"id":33642,"href":"https:\/\/diariodocomercio.com.br\/mix\/wp-json\/wp\/v2\/posts\/33638\/revisions\/33642"}],"wp:featuredmedia":[{"embeddable":true,"href":"https:\/\/diariodocomercio.com.br\/mix\/wp-json\/wp\/v2\/media\/33640"}],"wp:attachment":[{"href":"https:\/\/diariodocomercio.com.br\/mix\/wp-json\/wp\/v2\/media?parent=33638"}],"wp:term":[{"taxonomy":"category","embeddable":true,"href":"https:\/\/diariodocomercio.com.br\/mix\/wp-json\/wp\/v2\/categories?post=33638"},{"taxonomy":"post_tag","embeddable":true,"href":"https:\/\/diariodocomercio.com.br\/mix\/wp-json\/wp\/v2\/tags?post=33638"}],"curies":[{"name":"wp","href":"https:\/\/api.w.org\/{rel}","templated":true}]}}