{"id":33654,"date":"2026-01-28T15:19:58","date_gmt":"2026-01-28T18:19:58","guid":{"rendered":"https:\/\/diariodocomercio.com.br\/mix\/?p=33654"},"modified":"2026-01-28T18:11:24","modified_gmt":"2026-01-28T21:11:24","slug":"apple-sofre-grave-acusacao-nos-eua-e-recebe-processo-gigante","status":"publish","type":"post","link":"https:\/\/diariodocomercio.com.br\/mix\/apple-sofre-grave-acusacao-nos-eua-e-recebe-processo-gigante\/","title":{"rendered":"Apple sofre grave acusa\u00e7\u00e3o nos EUA e recebe processo gigante"},"content":{"rendered":"\n<p>A Apple voltou a ser alvo de uma grave acusa\u00e7\u00e3o nos Estados Unidos. A Reincubate Ltd., empresa respons\u00e1vel pelo aplicativo de v\u00eddeo Camo, entrou com um processo nesta ter\u00e7a-feira (27) em um tribunal federal de Nova Jersey, alegando que a fabricante do iPhone roubou sua tecnologia patenteada e utilizou seu dom\u00ednio sobre o iOS para sufocar a concorr\u00eancia. A a\u00e7\u00e3o tamb\u00e9m acusa a Apple de violar leis antitruste ao manter um monop\u00f3lio ilegal no mercado de software para smartphones.<\/p>\n\n\n\n<p>O caso se soma a outras disputas semelhantes enfrentadas pela big tech, incluindo um processo antitruste movido pelo pr\u00f3prio governo dos EUA em 2024, ainda em andamento.<\/p>\n\n\n\n<p>Segundo a Reincubate, a Apple teria copiado funcionalidades centrais do aplicativo Camo \u2014 lan\u00e7ado em 2020 \u2014 e integrado esses recursos diretamente ao sistema operacional com o nome de&nbsp;<strong>C\u00e2mera de Continuidade (Continuity Camera)<\/strong>, apresentado oficialmente em 2022. A ferramenta permite que o iPhone seja usado como webcam no Mac, exatamente a proposta original do app independente.<\/p>\n\n\n\n<p>No processo, a empresa afirma que a Apple utilizou seu controle sobre o iOS, o macOS e a App Store para \u201credirecionar a demanda do usu\u00e1rio para a pr\u00f3pria plataforma\u201d, colocando o Camo e outros aplicativos concorrentes em clara desvantagem. Para a desenvolvedora, a pr\u00e1tica prende usu\u00e1rios ao ecossistema da Apple e dificulta a migra\u00e7\u00e3o para solu\u00e7\u00f5es alternativas.<\/p>\n\n\n\n<h2 class=\"wp-block-heading\"><strong>\u201cEles pegaram a ideia e escalaram para bilh\u00f5es de dispositivos\u201d<\/strong><\/h2>\n\n\n<style>@media (min-width: 992px) {\n    .recomendadorV2Area1 {\n        width: 280px;\n    }\n    .recomendadorV2Area2 {\n        padding: 0px 20px;\n        width: calc(100% - 280px);\n    }\n}\n\n@media (max-width: 992px) {\n    .recomendadorV2Button {\n        margin: 0 auto;\n    }\n    .recomendadorV2Area {\n        flex-direction: column;\n        text-align: center;\n    }\n    .recomendadorV2Area2 {\n        padding: 0px 20px;\n    }\n}\n\n.recomendadorV2Area {\n    background: #eeeeee3d;\n    border-radius: 10px;\n    padding: 15px;\n    display: flex;\n    margin: 15px auto;\n    border: 1px solid #00000014;\n    max-width: 800px;\n}\n\n.recomendadorV2Area1 img {\n    width: 280px;\n    height: auto;\n    border-radius: 8px;\n}\n\n.linkrecomendadorv2 {\n    text-decoration: none !important;\n}\n\n.recomendadorV2Area2 .recomendadorV2Type {\n    text-transform: uppercase;\n    font-weight: 500;\n    font-size: 11px;\n    letter-spacing: 2px;\n    color: #666;\n    margin: 12px 0;\n    display: block;\n}\n\n.recomendadorV2Title h2 {\n    padding-top: 0px !important;\n    margin: 0px !important;\n    border-left: none !important;\n    padding-left: 0px !important;\n    line-height: 1.3;\n    color: #000 !important;\n    font-size: 24px;\n    margin-bottom: 12px !important;\n}\n\n.recomendadorV2Desc {\n    color: #333;\n    margin: 12px 0px !important;\n    font-size: 15px;\n    line-height: 1.5;\n}\n\n.recomendadorV2Button {\n    width: auto;\n    max-width: 200px;\n    margin: 0;\n    display: inline-flex;\n    align-items: center;\n    background: #1D3557;\n    border-radius: 8px;\n    color: #fff;\n    height: 36px;\n    justify-content: center;\n    text-align: center;\n    font-size: 14px;\n    padding: 0 20px;\n    transition: background-color 0.2s ease;\n}\n\n.recomendadorV2Button:hover {\n    background: #2a4d7a;\n}\n\n.recomendadorV2Button:after {\n    margin-top: -2px;\n    content: \"\u2192\";\n    padding: 0px 0px 0px 8px;\n}\n\n.recomendadorV2Alert {\n    text-align: left;\n    font-size: 11px;\n    margin-top: 8px;\n    color: #666;\n}\n\n.recomendadorFixedArea {\n    width: 100%;\n    display: flex;\n    justify-content: center;\n    align-items: center;\n}\n\n@media (min-width: 992px) {\n    #recomendadorFixed {\n        width: 32% !important;\n        left: 5%;\n    }\n    .recomendadorCloseFixed{\n        right: inherit !important;\n        left: 378px !important;\n    }\n}\n\n#recomendadorFixed {\n    width: 90%;\n    box-shadow: 0 10px 20px 0px #00000057;\n    display: none;\n    height: 90px;\n    background: #F6F6F6;\n    position: fixed;\n    flex-direction: row;\n    bottom: 10px;\n    z-index: 9999;\n    border-radius: 16px;\n    padding: 7px 10px;\n}\n\n.recomendadorLeftArea {\n    width: 160px;\n}\n\n.recomendadorRightArea h2 {\n    padding-top: 0px;\n    margin: 2px 0px 4px 0px !important;\n    font-weight: 400;\n    text-align: center;\n    padding-left: 0px !important;\n    color: #000 !important;\n    border-left: none !important;\n    line-height: 20px;\n    font-size: 12px !important;\n}\n\n.recomendadorImgFixed {\n    overflow: hidden;\n    padding: 8px 6px;\n    height: 100%;\n}\n\n.recomendadorImgFixed img {\n    height: 100% !important;\n    border-radius: 16px;\n}\n\n.recomendadorRightArea {\n    padding-top: 6px;\n    display: flex;\n    width: calc(100% - 130px);\n    justify-content: space-between;\n    align-items: center;\n    flex-direction: column;\n}\n\n.recomendadorButtonFixed {\n    margin: 0 auto;\n    background: #1D3557;\n    width: 80%;\n    text-align: center;\n    font-size: 10px;\n    color: #FFF;\n    padding: 2px 10px;\n    border-radius: 3px;\n}\n\n.recomendadorButtonFixed:after {\n    margin-top: -3px;\n    content: \"\u2192\";\n    padding: 0px 0px 0px 10px;\n}\n\n.recomendadorAlertFixed {\n    font-weight: 400;\n    text-align: center;\n    color: #484848;\n    font-size: 8px;\n}\n\n.recomendadorCloseFixed {\n    z-index: 99999;\n    display: none;\n    right: 0px;\n    left: inherit;\n    bottom: 99px;\n    position: fixed;\n    justify-content: center;\n    background: #F6F6F6;\n    width: 25px;\n    align-items: center;\n    height: 25px;\n    font-weight: 800;\n    border-radius: 50%;\n    border: 1px solid #EBEBEB;\n}\n\n.recomendadorV2Desc{\n    color: #000000;\n    margin: 20px 0px;\n}\n\n@media (max-width: 576px) {\n    .recomendadorV2Area {\n      padding: 10px;\n      max-width: 100%;\n    }\n  \n    .recomendadorV2Area1 img {\n      width: 100%;\n      border-radius: 6px;\n    }\n  \n    .recomendadorV2Area2 .recomendadorV2Type {\n      font-size: 9px;\n      letter-spacing: 1px;\n      margin: 8px 0;\n    }\n  \n    .recomendadorV2Title h2 {\n      font-size: 18px !important;\n      margin-bottom: 8px !important;\n      line-height: 1.2;\n    }\n  \n    .recomendadorV2Desc {\n      font-size: 14px;\n      margin: 8px 0 !important;\n      line-height: 1.4;\n    }\n  \n    .recomendadorV2Button {\n      font-size: 14px;\n      height: 40px;\n      padding: 0 12px;\n      max-width: 100%;\n      width: 100%;\n    }\n  \n    .recomendadorV2Button:after {\n      padding-left: 6px;\n    }\n  }\n  <\/style>\n        <div class=\"lazyblock-recomendador-v2-2jDGz wp-block-lazyblock-recomendador-v2\">\n        <a class=\"linkrecomendadorv2\" href=\"https:\/\/diariodocomercio.com.br\/mix\/previsao-feita-por-stephen-hawking-em-1971-acaba-de-acontecer\/?utm_source=lazy\">\n            <div class=\"recomendadorV2Area\">\n            <div class=\"recomendadorV2Area1\">\n                <div class=\"recomendadorV2Img\">\n                <img class=\"lazyloaded\" decoding=\"async\" src=\"https:\/\/diariodocomercio.com.br\/mix\/wp-content\/uploads\/2025\/06\/stephen-hawking-1521161944597_v2_900x506-750x375.jpg\" data-src=\"https:\/\/diariodocomercio.com.br\/mix\/wp-content\/uploads\/2025\/06\/stephen-hawking-1521161944597_v2_900x506-750x375.jpg\" alt=\"\">\n                <\/div>\n            <\/div>\n            <div class=\"recomendadorV2Area2\">\n                <div class=\"recomendadorV2Type\">\n                    <span>Previs\u00e3o hist\u00f3rica<\/span>\n                <\/div>\n                <div class=\"recomendadorV2Title\">\n                <h2><span>Hawking estava certo \ud83e\udde0<\/span><\/h2>\n                <\/div>\n                <div class=\"recomendadorV2Desc\">\n                <span>Previs\u00e3o de 1971 acaba de se cumprir<\/span>\n                <\/div>\n                <div class=\"recomendadorV2Button\">Veja o que aconteceu<\/div>\n                <div class=\"recomendadorV2Alert\"><\/div>\n            <\/div>\n            <\/div>\n        <\/a>\n        <div>\n            <div style=\"z-index:99999;\" id=\"buttonClose\" onclick=\"closeRecomendadorFixed()\">\n            <div class=\"recomendadorCloseFixed\">X<\/div>\n            <\/div>\n            <a href=\"https:\/\/diariodocomercio.com.br\/mix\/previsao-feita-por-stephen-hawking-em-1971-acaba-de-acontecer\/?utm_source=lazy\">\n            <div class=\"recomendadorFixedArea\">\n                <div id=\"recomendadorFixed\">\n                <div class=\"recomendadorLeftArea\">\n                    <div class=\"recomendadorImgFixed\">\n                    <img class=\"lazyload\" decoding=\"async\" src=\"https:\/\/diariodocomercio.com.br\/mix\/wp-content\/uploads\/2025\/06\/stephen-hawking-1521161944597_v2_900x506-750x375.jpg\" alt=\"\">\n                    <\/div>\n                <\/div>\n                <div class=\"recomendadorRightArea\">\n                    <div class=\"recomendadorTitleFixed\">\n                    <h2><span>Hawking estava certo \ud83e\udde0<\/span><\/h2>\n                    <\/div>\n                    <div class=\"recomendadorButtonFixed\">Veja o que aconteceu<\/div>\n                    <div class=\"recomendadorAlertFixed\"><\/div>\n                <\/div>\n                <\/div>\n            <\/div>\n            <\/a>\n        <\/div>\n        <\/div>\n\n\n\n<p>Em declara\u00e7\u00e3o publicada no blog da companhia, o CEO da Reincubate, Aidan Fitzpatrick, fez acusa\u00e7\u00f5es diretas \u00e0 Apple. Segundo ele, a empresa incentivou o desenvolvimento do Camo, testou o aplicativo internamente com milhares de funcion\u00e1rios, indicou o produto a pr\u00eamios de inova\u00e7\u00e3o e prometeu apoio ao projeto.<\/p>\n\n\n\n<p>\u201cDepois que provamos que era poss\u00edvel e que os usu\u00e1rios adoravam, eles simplesmente pegaram a ideia e incorporaram nossos recursos a mais de 1 bilh\u00e3o de dispositivos\u201d, afirmou Fitzpatrick. Ele relata ainda que assistiu \u00e0 apresenta\u00e7\u00e3o da tecnologia na WWDC de 2022 sendo demonstrada como uma inova\u00e7\u00e3o da Apple, por equipes que antes usavam o Camo diariamente.<\/p>\n\n\n\n<p>Apesar de o Camo ter buscado diferencia\u00e7\u00e3o t\u00e9cnica \u2014 como suporte a resolu\u00e7\u00e3o 4K e maior controle de imagem \u2014, a Reincubate argumenta que a integra\u00e7\u00e3o nativa da Apple tornou a competi\u00e7\u00e3o desigual. Especialistas apontam que a Apple pode usar justamente esses recursos extras como estrat\u00e9gia de defesa, em linha com o que j\u00e1 fez em disputas anteriores, como no caso envolvendo a AliveCor e o Apple Watch.<\/p>\n","protected":false},"excerpt":{"rendered":"<p>A Apple voltou a ser alvo de uma grave acusa\u00e7\u00e3o nos Estados Unidos. A Reincubate Ltd., empresa respons\u00e1vel pelo aplicativo de v\u00eddeo Camo, entrou com um processo nesta ter\u00e7a-feira (27) em um tribunal federal de Nova Jersey, alegando que a fabricante do iPhone roubou sua tecnologia patenteada e utilizou seu dom\u00ednio sobre o iOS para [&hellip;]<\/p>\n","protected":false},"author":9,"featured_media":14637,"comment_status":"closed","ping_status":"closed","sticky":false,"template":"","format":"standard","meta":{"jnews-multi-image_gallery":[],"jnews_single_post":{"format":"standard"},"jnews_primary_category":[],"jnews_social_meta":[],"jnews_override_counter":[],"jnews_post_split":[],"footnotes":""},"categories":[1],"tags":[],"class_list":["post-33654","post","type-post","status-publish","format-standard","has-post-thumbnail","hentry","category-geral"],"_referencia":"","_links":{"self":[{"href":"https:\/\/diariodocomercio.com.br\/mix\/wp-json\/wp\/v2\/posts\/33654","targetHints":{"allow":["GET"]}}],"collection":[{"href":"https:\/\/diariodocomercio.com.br\/mix\/wp-json\/wp\/v2\/posts"}],"about":[{"href":"https:\/\/diariodocomercio.com.br\/mix\/wp-json\/wp\/v2\/types\/post"}],"author":[{"embeddable":true,"href":"https:\/\/diariodocomercio.com.br\/mix\/wp-json\/wp\/v2\/users\/9"}],"replies":[{"embeddable":true,"href":"https:\/\/diariodocomercio.com.br\/mix\/wp-json\/wp\/v2\/comments?post=33654"}],"version-history":[{"count":2,"href":"https:\/\/diariodocomercio.com.br\/mix\/wp-json\/wp\/v2\/posts\/33654\/revisions"}],"predecessor-version":[{"id":33691,"href":"https:\/\/diariodocomercio.com.br\/mix\/wp-json\/wp\/v2\/posts\/33654\/revisions\/33691"}],"wp:featuredmedia":[{"embeddable":true,"href":"https:\/\/diariodocomercio.com.br\/mix\/wp-json\/wp\/v2\/media\/14637"}],"wp:attachment":[{"href":"https:\/\/diariodocomercio.com.br\/mix\/wp-json\/wp\/v2\/media?parent=33654"}],"wp:term":[{"taxonomy":"category","embeddable":true,"href":"https:\/\/diariodocomercio.com.br\/mix\/wp-json\/wp\/v2\/categories?post=33654"},{"taxonomy":"post_tag","embeddable":true,"href":"https:\/\/diariodocomercio.com.br\/mix\/wp-json\/wp\/v2\/tags?post=33654"}],"curies":[{"name":"wp","href":"https:\/\/api.w.org\/{rel}","templated":true}]}}