{"id":33666,"date":"2026-01-28T16:30:05","date_gmt":"2026-01-28T19:30:05","guid":{"rendered":"https:\/\/diariodocomercio.com.br\/mix\/?p=33666"},"modified":"2026-01-28T18:20:39","modified_gmt":"2026-01-28T21:20:39","slug":"salario-minimo-de-r-2-26727-ja-virou-realidade-nesse-estado-do-brasil","status":"publish","type":"post","link":"https:\/\/diariodocomercio.com.br\/mix\/salario-minimo-de-r-2-26727-ja-virou-realidade-nesse-estado-do-brasil\/","title":{"rendered":"Sal\u00e1rio m\u00ednimo de R$ 2.267,27 j\u00e1 virou realidade nesse estado do Brasil"},"content":{"rendered":"\n<p>O sal\u00e1rio m\u00ednimo de at\u00e9&nbsp;<strong>R$ 2.267,27<\/strong>&nbsp;j\u00e1 \u00e9 uma realidade no&nbsp;<strong>Rio Grande do Sul<\/strong>. O valor integra o novo piso regional aprovado pelo estado para 2026 e supera em mais de R$ 600 o sal\u00e1rio m\u00ednimo nacional, fixado em&nbsp;<strong>R$ 1.621,00<\/strong>. O reajuste de&nbsp;<strong>8%<\/strong>&nbsp;altera diretamente a remunera\u00e7\u00e3o de milhares de trabalhadores ga\u00fachos que n\u00e3o t\u00eam piso definido por conven\u00e7\u00e3o coletiva ou legisla\u00e7\u00e3o espec\u00edfica.<\/p>\n\n\n\n<p>A medida foi estabelecida por lei estadual aprovada pela Assembleia Legislativa em 2025 e refor\u00e7a a pol\u00edtica do estado de adotar sal\u00e1rios m\u00ednimos regionais acima do patamar federal.<\/p>\n\n\n\n<p>Diferentemente do sal\u00e1rio m\u00ednimo nacional, que vale para todo o pa\u00eds, o&nbsp;<strong>piso regional do Rio Grande do Sul<\/strong>&nbsp;\u00e9 aplicado apenas a categorias que n\u00e3o possuem sal\u00e1rio definido por acordo coletivo, conven\u00e7\u00e3o sindical ou lei federal pr\u00f3pria. Ele n\u00e3o substitui o m\u00ednimo nacional, mas funciona como um complemento obrigat\u00f3rio, garantindo um valor mais elevado para determinadas atividades.<\/p>\n\n\n\n<p>Na pr\u00e1tica, empregadores dessas categorias n\u00e3o podem pagar abaixo do piso estadual, que tamb\u00e9m costuma servir como refer\u00eancia em negocia\u00e7\u00f5es trabalhistas.<\/p>\n\n\n\n<h2 class=\"wp-block-heading\"><strong>Valores atualizados por faixa salarial<\/strong><\/h2>\n\n\n\n<p>O sal\u00e1rio m\u00ednimo regional ga\u00facho \u00e9 dividido em&nbsp;<strong>cinco faixas<\/strong>, conforme o tipo de atividade exercida. Em 2026, os valores ficaram assim:<\/p>\n\n\n\n<ul class=\"wp-block-list\">\n<li><strong>Faixa 1:<\/strong>\u00a0R$ 1.789,04<\/li>\n\n\n\n<li><strong>Faixa 2:<\/strong>\u00a0valor intermedi\u00e1rio entre as categorias<\/li>\n\n\n\n<li><strong>Faixa 3:<\/strong>\u00a0progress\u00e3o conforme o setor<\/li>\n\n\n\n<li><strong>Faixa 4:<\/strong>\u00a0acima de R$ 2 mil<\/li>\n\n\n\n<li><strong>Faixa 5:<\/strong>\u00a0<strong>R$ 2.267,27<\/strong>\u00a0(maior valor do piso estadual)<\/li>\n<\/ul>\n\n\n\n<p>A faixa mais alta \u00e9 destinada a categorias como t\u00e9cnicos de n\u00edvel m\u00e9dio e trabalhadores de setores espec\u00edficos da ind\u00fastria e dos servi\u00e7os.<\/p>\n\n\n\n<h2 class=\"wp-block-heading\"><strong>Quem \u00e9 beneficiado pelo piso estadual<\/strong><\/h2>\n\n\n\n<p>O reajuste beneficia trabalhadores rurais, empregados dom\u00e9sticos, profissionais do com\u00e9rcio, setor de servi\u00e7os e t\u00e9cnicos, desde que n\u00e3o tenham sal\u00e1rio fixado em acordo coletivo. Estima-se que milhares de pessoas sejam diretamente impactadas pela medida, especialmente em setores com menor organiza\u00e7\u00e3o sindical.<\/p>\n\n\n\n<p>Ao manter um sal\u00e1rio m\u00ednimo regional acima do nacional, o Rio Grande do Sul busca adequar a remunera\u00e7\u00e3o ao custo de vida local e fortalecer a renda da for\u00e7a de trabalho.\u00a0<\/p>\n","protected":false},"excerpt":{"rendered":"<p>O sal\u00e1rio m\u00ednimo de at\u00e9&nbsp;R$ 2.267,27&nbsp;j\u00e1 \u00e9 uma realidade no&nbsp;Rio Grande do Sul. O valor integra o novo piso regional aprovado pelo estado para 2026 e supera em mais de R$ 600 o sal\u00e1rio m\u00ednimo nacional, fixado em&nbsp;R$ 1.621,00. O reajuste de&nbsp;8%&nbsp;altera diretamente a remunera\u00e7\u00e3o de milhares de trabalhadores ga\u00fachos que n\u00e3o t\u00eam piso definido [&hellip;]<\/p>\n","protected":false},"author":9,"featured_media":31942,"comment_status":"closed","ping_status":"closed","sticky":false,"template":"","format":"standard","meta":{"jnews-multi-image_gallery":[],"jnews_single_post":{"format":"standard"},"jnews_primary_category":[],"jnews_social_meta":[],"jnews_override_counter":[],"jnews_post_split":[],"footnotes":""},"categories":[1],"tags":[],"class_list":["post-33666","post","type-post","status-publish","format-standard","has-post-thumbnail","hentry","category-geral"],"_referencia":"","_links":{"self":[{"href":"https:\/\/diariodocomercio.com.br\/mix\/wp-json\/wp\/v2\/posts\/33666","targetHints":{"allow":["GET"]}}],"collection":[{"href":"https:\/\/diariodocomercio.com.br\/mix\/wp-json\/wp\/v2\/posts"}],"about":[{"href":"https:\/\/diariodocomercio.com.br\/mix\/wp-json\/wp\/v2\/types\/post"}],"author":[{"embeddable":true,"href":"https:\/\/diariodocomercio.com.br\/mix\/wp-json\/wp\/v2\/users\/9"}],"replies":[{"embeddable":true,"href":"https:\/\/diariodocomercio.com.br\/mix\/wp-json\/wp\/v2\/comments?post=33666"}],"version-history":[{"count":1,"href":"https:\/\/diariodocomercio.com.br\/mix\/wp-json\/wp\/v2\/posts\/33666\/revisions"}],"predecessor-version":[{"id":33667,"href":"https:\/\/diariodocomercio.com.br\/mix\/wp-json\/wp\/v2\/posts\/33666\/revisions\/33667"}],"wp:featuredmedia":[{"embeddable":true,"href":"https:\/\/diariodocomercio.com.br\/mix\/wp-json\/wp\/v2\/media\/31942"}],"wp:attachment":[{"href":"https:\/\/diariodocomercio.com.br\/mix\/wp-json\/wp\/v2\/media?parent=33666"}],"wp:term":[{"taxonomy":"category","embeddable":true,"href":"https:\/\/diariodocomercio.com.br\/mix\/wp-json\/wp\/v2\/categories?post=33666"},{"taxonomy":"post_tag","embeddable":true,"href":"https:\/\/diariodocomercio.com.br\/mix\/wp-json\/wp\/v2\/tags?post=33666"}],"curies":[{"name":"wp","href":"https:\/\/api.w.org\/{rel}","templated":true}]}}