{"id":33668,"date":"2026-01-28T16:50:57","date_gmt":"2026-01-28T19:50:57","guid":{"rendered":"https:\/\/diariodocomercio.com.br\/mix\/?p=33668"},"modified":"2026-01-28T18:28:24","modified_gmt":"2026-01-28T21:28:24","slug":"novo-exercito-chines-nao-e-composto-por-humanos-e-esta-causando-panico-global","status":"publish","type":"post","link":"https:\/\/diariodocomercio.com.br\/mix\/novo-exercito-chines-nao-e-composto-por-humanos-e-esta-causando-panico-global\/","title":{"rendered":"Novo ex\u00e9rcito chin\u00eas n\u00e3o \u00e9 composto por humanos e est\u00e1 causando p\u00e2nico global"},"content":{"rendered":"\n<p>A China est\u00e1 colocando em campo um \u201cex\u00e9rcito\u201d que n\u00e3o veste uniforme nem carrega armas \u2014 mas j\u00e1 provoca apreens\u00e3o em governos, ind\u00fastrias e mercados globais. Trata-se de uma frota gigantesca de\u00a0<strong>carros el\u00e9tricos e h\u00edbridos<\/strong>, produzidos em escala sem precedentes em territ\u00f3rio chin\u00eas, que vem alterando profundamente o consumo de energia, enfraquecendo a demanda por petr\u00f3leo e redesenhando a geopol\u00edtica do setor automotivo e energ\u00e9tico.<\/p>\n\n\n\n<p>O avan\u00e7o acelerado da eletrifica\u00e7\u00e3o no transporte chin\u00eas j\u00e1 \u00e9 apontado por especialistas como um divisor de \u00e1guas. Dados recentes da Ag\u00eancia Internacional de Energia (IEA) indicam que o crescimento da demanda chinesa por combust\u00edveis f\u00f3sseis&nbsp;<strong>estagnou e come\u00e7ou a cair<\/strong>, algo considerado in\u00e9dito at\u00e9 poucos anos atr\u00e1s.<\/p>\n\n\n\n<p>Historicamente, o crescimento econ\u00f4mico da China esteve diretamente ligado ao aumento do consumo de petr\u00f3leo: mais carros a combust\u00e3o, mais voos, mais obras de infraestrutura. Esse padr\u00e3o, por\u00e9m, come\u00e7ou a se romper.<\/p>\n\n\n\n<p>Em 2024, o consumo total de petr\u00f3leo bruto da China&nbsp;<strong>caiu 1,2%<\/strong>, enquanto o uso de combust\u00edveis como gasolina, diesel e querosene de avia\u00e7\u00e3o ficou&nbsp;<strong>2,5% abaixo dos n\u00edveis de 2021<\/strong>, segundo a IEA. O principal motivo \u00e9 a explos\u00e3o das vendas de ve\u00edculos eletrificados, impulsionadas por subs\u00eddios, pol\u00edtica industrial agressiva e pre\u00e7os extremamente competitivos.<\/p>\n\n\n\n<p>Esse \u201cex\u00e9rcito de carros\u201d n\u00e3o apenas substitui ve\u00edculos a combust\u00e3o dentro da China, como come\u00e7a a invadir mercados internacionais, gerando tens\u00e3o em pa\u00edses que veem suas montadoras amea\u00e7adas pela concorr\u00eancia chinesa.<\/p>\n\n\n\n<h2 class=\"wp-block-heading\"><strong>Petr\u00f3leo perde espa\u00e7o na maior economia emergente<\/strong><\/h2>\n\n\n\n<p>A mudan\u00e7a estrutural preocupa o mercado global de energia. A China \u00e9 respons\u00e1vel por cerca de&nbsp;<strong>73% de depend\u00eancia de petr\u00f3leo importado<\/strong>, mas mesmo assim reduziu suas importa\u00e7\u00f5es em 2024, segundo a Ag\u00eancia de Energia dos EUA (EIA).<\/p>\n\n\n\n<p>A IEA projeta que o uso de combust\u00edveis f\u00f3sseis para transporte continuar\u00e1 caindo nos pr\u00f3ximos anos. A gigante estatal Sinopec j\u00e1 declarou que o consumo de diesel e gasolina&nbsp;<strong>atingiu o pico hist\u00f3rico<\/strong>&nbsp;no pa\u00eds. A orienta\u00e7\u00e3o do governo agora \u00e9 clara: reduzir o refino de combust\u00edveis e focar na ind\u00fastria petroqu\u00edmica, como pl\u00e1sticos e fibras.<\/p>\n\n\n\n<p>Analistas avaliam que a China pode atingir o pico total de demanda por petr\u00f3leo j\u00e1 em&nbsp;<strong>2025<\/strong>, enquanto o consumo de combust\u00edveis f\u00f3sseis em geral deve come\u00e7ar a cair antes de 2030.<\/p>\n\n\n\n<h2 class=\"wp-block-heading\"><strong>Efeito domin\u00f3 chin\u00eas no mundo<\/strong><\/h2>\n\n\n\n<p>O impacto vai al\u00e9m das fronteiras chinesas. Pa\u00edses exportadores de petr\u00f3leo e g\u00e1s natural liquefeito (GNL) observam com preocupa\u00e7\u00e3o. Segundo a BloombergNEF, as importa\u00e7\u00f5es chinesas de GNL devem cair em 2025 pela primeira vez desde 2022.<\/p>\n\n\n\n<p>Essa retra\u00e7\u00e3o altera o equil\u00edbrio do mercado global, reduz a previsibilidade de demanda e for\u00e7a exportadores a buscar novos compradores \u2014 principalmente no Sudeste Asi\u00e1tico. Ao mesmo tempo, a estrat\u00e9gia chinesa inspira outros pa\u00edses emergentes a acelerar investimentos em energia solar, e\u00f3lica e eletrifica\u00e7\u00e3o do transporte.<\/p>\n","protected":false},"excerpt":{"rendered":"<p>A China est\u00e1 colocando em campo um \u201cex\u00e9rcito\u201d que n\u00e3o veste uniforme nem carrega armas \u2014 mas j\u00e1 provoca apreens\u00e3o em governos, ind\u00fastrias e mercados globais. Trata-se de uma frota gigantesca de\u00a0carros el\u00e9tricos e h\u00edbridos, produzidos em escala sem precedentes em territ\u00f3rio chin\u00eas, que vem alterando profundamente o consumo de energia, enfraquecendo a demanda por [&hellip;]<\/p>\n","protected":false},"author":9,"featured_media":20674,"comment_status":"closed","ping_status":"closed","sticky":false,"template":"","format":"standard","meta":{"jnews-multi-image_gallery":[],"jnews_single_post":{"format":"standard"},"jnews_primary_category":[],"jnews_social_meta":[],"jnews_override_counter":[],"jnews_post_split":[],"footnotes":""},"categories":[1],"tags":[],"class_list":["post-33668","post","type-post","status-publish","format-standard","has-post-thumbnail","hentry","category-geral"],"_referencia":"","_links":{"self":[{"href":"https:\/\/diariodocomercio.com.br\/mix\/wp-json\/wp\/v2\/posts\/33668","targetHints":{"allow":["GET"]}}],"collection":[{"href":"https:\/\/diariodocomercio.com.br\/mix\/wp-json\/wp\/v2\/posts"}],"about":[{"href":"https:\/\/diariodocomercio.com.br\/mix\/wp-json\/wp\/v2\/types\/post"}],"author":[{"embeddable":true,"href":"https:\/\/diariodocomercio.com.br\/mix\/wp-json\/wp\/v2\/users\/9"}],"replies":[{"embeddable":true,"href":"https:\/\/diariodocomercio.com.br\/mix\/wp-json\/wp\/v2\/comments?post=33668"}],"version-history":[{"count":2,"href":"https:\/\/diariodocomercio.com.br\/mix\/wp-json\/wp\/v2\/posts\/33668\/revisions"}],"predecessor-version":[{"id":33699,"href":"https:\/\/diariodocomercio.com.br\/mix\/wp-json\/wp\/v2\/posts\/33668\/revisions\/33699"}],"wp:featuredmedia":[{"embeddable":true,"href":"https:\/\/diariodocomercio.com.br\/mix\/wp-json\/wp\/v2\/media\/20674"}],"wp:attachment":[{"href":"https:\/\/diariodocomercio.com.br\/mix\/wp-json\/wp\/v2\/media?parent=33668"}],"wp:term":[{"taxonomy":"category","embeddable":true,"href":"https:\/\/diariodocomercio.com.br\/mix\/wp-json\/wp\/v2\/categories?post=33668"},{"taxonomy":"post_tag","embeddable":true,"href":"https:\/\/diariodocomercio.com.br\/mix\/wp-json\/wp\/v2\/tags?post=33668"}],"curies":[{"name":"wp","href":"https:\/\/api.w.org\/{rel}","templated":true}]}}