{"id":33705,"date":"2026-01-28T19:02:27","date_gmt":"2026-01-28T22:02:27","guid":{"rendered":"https:\/\/diariodocomercio.com.br\/mix\/?p=33705"},"modified":"2026-01-28T19:02:29","modified_gmt":"2026-01-28T22:02:29","slug":"alimento-comum-em-feiras-de-rua-pode-ser-usado-para-remover-espinhas-quando-aplicado-no-rosto","status":"publish","type":"post","link":"https:\/\/diariodocomercio.com.br\/mix\/alimento-comum-em-feiras-de-rua-pode-ser-usado-para-remover-espinhas-quando-aplicado-no-rosto\/","title":{"rendered":"Alimento comum em feiras de rua pode ser usado para remover espinhas quando aplicado no rosto"},"content":{"rendered":"\n<p>A cidade de Guanambi, localizada no sudoeste da Bahia, foi cen\u00e1rio de uma inova\u00e7\u00e3o no tratamento da acne. Duas estudantes do Col\u00e9gio Estadual Governador Luiz Viana Filho, Val\u00e9ria Pereira e Eduarda Diamantino, desenvolveram, em 2025, um <strong>creme antiacne \u00e0 base de tomate-cereja, <\/strong>orientadas pela professora Elizangela Souza.<\/p>\n\n\n\n<p>A ideia surgiu quando as estudantes notaram que o fruto podia ser usado como esfoliante natural, motivado pela experi\u00eancia de Val\u00e9ria, que j\u00e1 utilizava o tomate para tratar a acne e a oleosidade da pele.<\/p>\n\n\n\n<p>A pesquisa traz uma abordagem sustent\u00e1vel, combinando ci\u00eancia e ingredientes naturais. O creme \u00e9 formulado com o <strong>licopeno do tomate-cereja, <\/strong>um potente antioxidante, e glicerina vegetal, conhecida por suas propriedades hidratantes.<\/p>\n\n\n\n<h2 class=\"wp-block-heading\">Como integrar o tomate na skincare<\/h2>\n\n\n\n<p>Para incorporar o tomate na rotina de cuidados, uma sugest\u00e3o \u00e9 preparar uma <strong>m\u00e1scara facial com tomate e aveia<\/strong>, que pode atuar como esfoliante natural. Triture um tomate e misture com aveia at\u00e9 obter uma pasta homog\u00eanea. A aplica\u00e7\u00e3o pode ser feita semanalmente para evitar irrita\u00e7\u00f5es.<\/p>\n\n\n\n<p>Antes de qualquer aplica\u00e7\u00e3o, \u00e9 essencial realizar um <strong>teste de sensibilidade. <\/strong>Pessoas com pele sens\u00edvel devem ter cuidado, pois a acidez natural do tomate pode causar rea\u00e7\u00f5es adversas.<\/p>\n\n\n\n<p>Estudos indicam que o licopeno, quando ingerido, protege a pele dos efeitos nocivos dos raios UV e contribui para a manuten\u00e7\u00e3o da elasticidade da pele. No entanto, a efic\u00e1cia do uso t\u00f3pico do tomate ainda requer mais pesquisas para confirma\u00e7\u00e3o.<\/p>\n\n\n\n<p>Embora o uso do tomate na skincare n\u00e3o tenha comprova\u00e7\u00e3o cient\u00edfica robusta, a pr\u00e1tica continua a ser popular entre os adeptos de solu\u00e7\u00f5es naturais. Este uso do tomate vai al\u00e9m de uma simples tend\u00eancia, refletindo um desejo crescente por alternativas sustent\u00e1veis e acess\u00edveis para o cuidado com a pele.<\/p>\n","protected":false},"excerpt":{"rendered":"<p>A pr\u00e1tica continua a ser popular entre os adeptos de solu\u00e7\u00f5es naturais para a pele.<\/p>\n","protected":false},"author":12,"featured_media":33706,"comment_status":"closed","ping_status":"closed","sticky":false,"template":"","format":"standard","meta":{"jnews-multi-image_gallery":[],"jnews_single_post":{"format":"standard"},"jnews_primary_category":[],"jnews_social_meta":[],"jnews_override_counter":[],"jnews_post_split":[],"footnotes":""},"categories":[1],"tags":[],"class_list":["post-33705","post","type-post","status-publish","format-standard","has-post-thumbnail","hentry","category-geral"],"_referencia":"","_links":{"self":[{"href":"https:\/\/diariodocomercio.com.br\/mix\/wp-json\/wp\/v2\/posts\/33705","targetHints":{"allow":["GET"]}}],"collection":[{"href":"https:\/\/diariodocomercio.com.br\/mix\/wp-json\/wp\/v2\/posts"}],"about":[{"href":"https:\/\/diariodocomercio.com.br\/mix\/wp-json\/wp\/v2\/types\/post"}],"author":[{"embeddable":true,"href":"https:\/\/diariodocomercio.com.br\/mix\/wp-json\/wp\/v2\/users\/12"}],"replies":[{"embeddable":true,"href":"https:\/\/diariodocomercio.com.br\/mix\/wp-json\/wp\/v2\/comments?post=33705"}],"version-history":[{"count":1,"href":"https:\/\/diariodocomercio.com.br\/mix\/wp-json\/wp\/v2\/posts\/33705\/revisions"}],"predecessor-version":[{"id":33707,"href":"https:\/\/diariodocomercio.com.br\/mix\/wp-json\/wp\/v2\/posts\/33705\/revisions\/33707"}],"wp:featuredmedia":[{"embeddable":true,"href":"https:\/\/diariodocomercio.com.br\/mix\/wp-json\/wp\/v2\/media\/33706"}],"wp:attachment":[{"href":"https:\/\/diariodocomercio.com.br\/mix\/wp-json\/wp\/v2\/media?parent=33705"}],"wp:term":[{"taxonomy":"category","embeddable":true,"href":"https:\/\/diariodocomercio.com.br\/mix\/wp-json\/wp\/v2\/categories?post=33705"},{"taxonomy":"post_tag","embeddable":true,"href":"https:\/\/diariodocomercio.com.br\/mix\/wp-json\/wp\/v2\/tags?post=33705"}],"curies":[{"name":"wp","href":"https:\/\/api.w.org\/{rel}","templated":true}]}}