{"id":33710,"date":"2026-01-28T19:52:03","date_gmt":"2026-01-28T22:52:03","guid":{"rendered":"https:\/\/diariodocomercio.com.br\/mix\/?p=33710"},"modified":"2026-01-28T19:52:05","modified_gmt":"2026-01-28T22:52:05","slug":"professora-de-medicina-causa-revolta-ao-prescrever-remedio-errado-em-sala-de-aula","status":"publish","type":"post","link":"https:\/\/diariodocomercio.com.br\/mix\/professora-de-medicina-causa-revolta-ao-prescrever-remedio-errado-em-sala-de-aula\/","title":{"rendered":"Professora de medicina causa revolta ao prescrever rem\u00e9dio errado em sala de aula"},"content":{"rendered":"\n<p>A avalia\u00e7\u00e3o recente do <strong>Exame Nacional de Avalia\u00e7\u00e3o da Forma\u00e7\u00e3o M\u00e9dica <\/strong>(Enamed) revelou preocupante reprova\u00e7\u00e3o de mais de 30% dos cursos de medicina no Brasil. Entre 351 institui\u00e7\u00f5es analisadas, 107 foram classificadas com conceitos 1 ou 2, comprometendo cerca de 13 mil futuros m\u00e9dicos.<\/p>\n\n\n\n<p>Esse dado destacou defici\u00eancias na forma\u00e7\u00e3o m\u00e9dica, gerando apreens\u00e3o sobre a seguran\u00e7a no atendimento de pacientes.<\/p>\n\n\n\n<p>Os resultados insatisfat\u00f3rios do Enamed expuseram falhas em faculdades de medicina que, agora, enfrentam poss\u00edveis san\u00e7\u00f5es. Entre elas, a proibi\u00e7\u00e3o de novas matr\u00edculas e processos administrativos para endere\u00e7ar falhas pedag\u00f3gicas. Essas medidas visam, acima de tudo, garantir um padr\u00e3o de qualidade que assegure a seguran\u00e7a do atendimento \u00e0 popula\u00e7\u00e3o.<\/p>\n\n\n\n<p>Na edi\u00e7\u00e3o do <strong>Fant\u00e1stico<\/strong> deste domingo (28), na TV Globo, um aluno de uma universidade reprovada no Rio de Janeiro contou que os colegas ficaram revoltados quando uma professora de patologia <strong>errou a prescri\u00e7\u00e3o de um medicamento em sala de aula.<\/strong><\/p>\n\n\n\n<h2 class=\"wp-block-heading\">Diferen\u00e7as estruturais<\/h2>\n\n\n\n<p>Os dados indicam um desempenho desigual entre universidades p\u00fablicas e privadas. <strong>Institui\u00e7\u00f5es p\u00fablicas,<\/strong> particularmente federais e estaduais, apresentaram <strong>melhor desempenho,<\/strong> com m\u00e9dias de profici\u00eancia superiores a 80%.<\/p>\n\n\n\n<p>J\u00e1 as <strong>privadas, <\/strong>especialmente as sem hospitais-escola, enfrentaram <strong>resultados mais desafiadores. <\/strong>Essa disparidade revela varia\u00e7\u00f5es significativas na qualidade do ensino entre diferentes regi\u00f5es do pa\u00eds.<\/p>\n\n\n\n<h2 class=\"wp-block-heading\">Busca por novas medidas de qualidade<\/h2>\n\n\n\n<p>Diante das defici\u00eancias evidenciadas, cresce o apoio ao Projeto de Lei n\u00ba 2.294\/2024, que prop\u00f5e a cria\u00e7\u00e3o do Profimed, um <strong>exame obrigat\u00f3rio de profici\u00eancia m\u00e9dica. <\/strong>Essa iniciativa busca assegurar que apenas profissionais devidamente qualificados exer\u00e7am a medicina.<\/p>\n\n\n\n<p>A expectativa \u00e9 que o Minist\u00e9rio da Educa\u00e7\u00e3o implemente a\u00e7\u00f5es corretivas antes da pr\u00f3xima aplica\u00e7\u00e3o do Enamed, prevista para outubro de 2026. O objetivo \u00e9 garantir que as faculdades de medicina reprovadas alcancem melhorias substanciais em suas pr\u00e1ticas educacionais, assegurando a forma\u00e7\u00e3o de m\u00e9dicos bem preparados.<\/p>\n","protected":false},"excerpt":{"rendered":"<p>Aluno contou que os colegas ficaram revoltados quando uma professora errou a prescri\u00e7\u00e3o de um medicamento.<\/p>\n","protected":false},"author":12,"featured_media":33712,"comment_status":"closed","ping_status":"closed","sticky":false,"template":"","format":"standard","meta":{"jnews-multi-image_gallery":[],"jnews_single_post":{"format":"standard"},"jnews_primary_category":[],"jnews_social_meta":[],"jnews_override_counter":[],"jnews_post_split":[],"footnotes":""},"categories":[1],"tags":[],"class_list":["post-33710","post","type-post","status-publish","format-standard","has-post-thumbnail","hentry","category-geral"],"_referencia":"","_links":{"self":[{"href":"https:\/\/diariodocomercio.com.br\/mix\/wp-json\/wp\/v2\/posts\/33710","targetHints":{"allow":["GET"]}}],"collection":[{"href":"https:\/\/diariodocomercio.com.br\/mix\/wp-json\/wp\/v2\/posts"}],"about":[{"href":"https:\/\/diariodocomercio.com.br\/mix\/wp-json\/wp\/v2\/types\/post"}],"author":[{"embeddable":true,"href":"https:\/\/diariodocomercio.com.br\/mix\/wp-json\/wp\/v2\/users\/12"}],"replies":[{"embeddable":true,"href":"https:\/\/diariodocomercio.com.br\/mix\/wp-json\/wp\/v2\/comments?post=33710"}],"version-history":[{"count":2,"href":"https:\/\/diariodocomercio.com.br\/mix\/wp-json\/wp\/v2\/posts\/33710\/revisions"}],"predecessor-version":[{"id":33713,"href":"https:\/\/diariodocomercio.com.br\/mix\/wp-json\/wp\/v2\/posts\/33710\/revisions\/33713"}],"wp:featuredmedia":[{"embeddable":true,"href":"https:\/\/diariodocomercio.com.br\/mix\/wp-json\/wp\/v2\/media\/33712"}],"wp:attachment":[{"href":"https:\/\/diariodocomercio.com.br\/mix\/wp-json\/wp\/v2\/media?parent=33710"}],"wp:term":[{"taxonomy":"category","embeddable":true,"href":"https:\/\/diariodocomercio.com.br\/mix\/wp-json\/wp\/v2\/categories?post=33710"},{"taxonomy":"post_tag","embeddable":true,"href":"https:\/\/diariodocomercio.com.br\/mix\/wp-json\/wp\/v2\/tags?post=33710"}],"curies":[{"name":"wp","href":"https:\/\/api.w.org\/{rel}","templated":true}]}}