{"id":33721,"date":"2026-01-28T20:41:36","date_gmt":"2026-01-28T23:41:36","guid":{"rendered":"https:\/\/diariodocomercio.com.br\/mix\/?p=33721"},"modified":"2026-01-29T17:08:07","modified_gmt":"2026-01-29T20:08:07","slug":"salario-de-r-1-874-e-6-horas-de-trabalho-diarias-senac-abre-vagas-para-novos-estagiarios","status":"publish","type":"post","link":"https:\/\/diariodocomercio.com.br\/mix\/salario-de-r-1-874-e-6-horas-de-trabalho-diarias-senac-abre-vagas-para-novos-estagiarios\/","title":{"rendered":"Sal\u00e1rio de R$ 1.874 e 6 horas de trabalho di\u00e1rias: Senac abre vagas para novos estagi\u00e1rios"},"content":{"rendered":"\n<p>O <strong>Senac <\/strong>abriu inscri\u00e7\u00f5es para o aguardado programa de est\u00e1gio, oferecendo uma bolsa-aux\u00edlio de <strong>R$ 1.874. <\/strong>Com in\u00edcio imediato no Rio de Janeiro e em Bras\u00edlia, as oportunidades s\u00e3o destinadas a estudantes de ensino superior. Interessados podem se inscrever at\u00e9 9 de fevereiro. Para participar, \u00e9 preciso estar matriculado a partir do 3\u00ba per\u00edodo de bacharelado ou 2\u00ba per\u00edodo de tecnologia.<\/p>\n\n\n\n<p>Os estagi\u00e1rios trabalhar\u00e3o <strong>30 horas semanais <\/strong>em ambiente presencial. Os contratos t\u00eam dura\u00e7\u00e3o anual, com possibilidade de renova\u00e7\u00e3o por um ano. As vagas abrangem \u00e1reas como tecnologia da informa\u00e7\u00e3o, administra\u00e7\u00e3o, direito e pedagogia. Para as vagas no Rio de Janeiro, \u00e9 necess\u00e1rio residir na Regi\u00e3o Metropolitana.<\/p>\n\n\n\n<p>As oportunidades s\u00e3o, entre outras gradua\u00e7\u00f5es, para:<\/p>\n\n\n\n<ul class=\"wp-block-list\">\n<li>Tecnologia da informa\u00e7\u00e3o;<\/li>\n\n\n\n<li>Comunica\u00e7\u00e3o;<\/li>\n\n\n\n<li>Administra\u00e7\u00e3o;<\/li>\n\n\n\n<li>Engenharias;<\/li>\n\n\n\n<li>Direito;<\/li>\n\n\n\n<li>Pedagogia;<\/li>\n\n\n\n<li>Psicologia;<\/li>\n\n\n\n<li>Gest\u00e3o P\u00fablica;<\/li>\n\n\n\n<li>Biblioteconomia;<\/li>\n\n\n\n<li>Nutri\u00e7\u00e3o;<\/li>\n\n\n\n<li>Design;<\/li>\n\n\n\n<li>Marketing digital; e<\/li>\n\n\n\n<li>Jornalismo.<\/li>\n<\/ul>\n\n\n\n<h2 class=\"wp-block-heading\">Processo seletivo<\/h2>\n\n\n<style>@media (min-width: 992px) {\n    .recomendadorV2Area1 {\n        width: 280px;\n    }\n    .recomendadorV2Area2 {\n        padding: 0px 20px;\n        width: calc(100% - 280px);\n    }\n}\n\n@media (max-width: 992px) {\n    .recomendadorV2Button {\n        margin: 0 auto;\n    }\n    .recomendadorV2Area {\n        flex-direction: column;\n        text-align: center;\n    }\n    .recomendadorV2Area2 {\n        padding: 0px 20px;\n    }\n}\n\n.recomendadorV2Area {\n    background: #eeeeee3d;\n    border-radius: 10px;\n    padding: 15px;\n    display: flex;\n    margin: 15px auto;\n    border: 1px solid #00000014;\n    max-width: 800px;\n}\n\n.recomendadorV2Area1 img {\n    width: 280px;\n    height: auto;\n    border-radius: 8px;\n}\n\n.linkrecomendadorv2 {\n    text-decoration: none !important;\n}\n\n.recomendadorV2Area2 .recomendadorV2Type {\n    text-transform: uppercase;\n    font-weight: 500;\n    font-size: 11px;\n    letter-spacing: 2px;\n    color: #666;\n    margin: 12px 0;\n    display: block;\n}\n\n.recomendadorV2Title h2 {\n    padding-top: 0px !important;\n    margin: 0px !important;\n    border-left: none !important;\n    padding-left: 0px !important;\n    line-height: 1.3;\n    color: #000 !important;\n    font-size: 24px;\n    margin-bottom: 12px !important;\n}\n\n.recomendadorV2Desc {\n    color: #333;\n    margin: 12px 0px !important;\n    font-size: 15px;\n    line-height: 1.5;\n}\n\n.recomendadorV2Button {\n    width: auto;\n    max-width: 200px;\n    margin: 0;\n    display: inline-flex;\n    align-items: center;\n    background: #1D3557;\n    border-radius: 8px;\n    color: #fff;\n    height: 36px;\n    justify-content: center;\n    text-align: center;\n    font-size: 14px;\n    padding: 0 20px;\n    transition: background-color 0.2s ease;\n}\n\n.recomendadorV2Button:hover {\n    background: #2a4d7a;\n}\n\n.recomendadorV2Button:after {\n    margin-top: -2px;\n    content: \"\u2192\";\n    padding: 0px 0px 0px 8px;\n}\n\n.recomendadorV2Alert {\n    text-align: left;\n    font-size: 11px;\n    margin-top: 8px;\n    color: #666;\n}\n\n.recomendadorFixedArea {\n    width: 100%;\n    display: flex;\n    justify-content: center;\n    align-items: center;\n}\n\n@media (min-width: 992px) {\n    #recomendadorFixed {\n        width: 32% !important;\n        left: 5%;\n    }\n    .recomendadorCloseFixed{\n        right: inherit !important;\n        left: 378px !important;\n    }\n}\n\n#recomendadorFixed {\n    width: 90%;\n    box-shadow: 0 10px 20px 0px #00000057;\n    display: none;\n    height: 90px;\n    background: #F6F6F6;\n    position: fixed;\n    flex-direction: row;\n    bottom: 10px;\n    z-index: 9999;\n    border-radius: 16px;\n    padding: 7px 10px;\n}\n\n.recomendadorLeftArea {\n    width: 160px;\n}\n\n.recomendadorRightArea h2 {\n    padding-top: 0px;\n    margin: 2px 0px 4px 0px !important;\n    font-weight: 400;\n    text-align: center;\n    padding-left: 0px !important;\n    color: #000 !important;\n    border-left: none !important;\n    line-height: 20px;\n    font-size: 12px !important;\n}\n\n.recomendadorImgFixed {\n    overflow: hidden;\n    padding: 8px 6px;\n    height: 100%;\n}\n\n.recomendadorImgFixed img {\n    height: 100% !important;\n    border-radius: 16px;\n}\n\n.recomendadorRightArea {\n    padding-top: 6px;\n    display: flex;\n    width: calc(100% - 130px);\n    justify-content: space-between;\n    align-items: center;\n    flex-direction: column;\n}\n\n.recomendadorButtonFixed {\n    margin: 0 auto;\n    background: #1D3557;\n    width: 80%;\n    text-align: center;\n    font-size: 10px;\n    color: #FFF;\n    padding: 2px 10px;\n    border-radius: 3px;\n}\n\n.recomendadorButtonFixed:after {\n    margin-top: -3px;\n    content: \"\u2192\";\n    padding: 0px 0px 0px 10px;\n}\n\n.recomendadorAlertFixed {\n    font-weight: 400;\n    text-align: center;\n    color: #484848;\n    font-size: 8px;\n}\n\n.recomendadorCloseFixed {\n    z-index: 99999;\n    display: none;\n    right: 0px;\n    left: inherit;\n    bottom: 99px;\n    position: fixed;\n    justify-content: center;\n    background: #F6F6F6;\n    width: 25px;\n    align-items: center;\n    height: 25px;\n    font-weight: 800;\n    border-radius: 50%;\n    border: 1px solid #EBEBEB;\n}\n\n.recomendadorV2Desc{\n    color: #000000;\n    margin: 20px 0px;\n}\n\n@media (max-width: 576px) {\n    .recomendadorV2Area {\n      padding: 10px;\n      max-width: 100%;\n    }\n  \n    .recomendadorV2Area1 img {\n      width: 100%;\n      border-radius: 6px;\n    }\n  \n    .recomendadorV2Area2 .recomendadorV2Type {\n      font-size: 9px;\n      letter-spacing: 1px;\n      margin: 8px 0;\n    }\n  \n    .recomendadorV2Title h2 {\n      font-size: 18px !important;\n      margin-bottom: 8px !important;\n      line-height: 1.2;\n    }\n  \n    .recomendadorV2Desc {\n      font-size: 14px;\n      margin: 8px 0 !important;\n      line-height: 1.4;\n    }\n  \n    .recomendadorV2Button {\n      font-size: 14px;\n      height: 40px;\n      padding: 0 12px;\n      max-width: 100%;\n      width: 100%;\n    }\n  \n    .recomendadorV2Button:after {\n      padding-left: 6px;\n    }\n  }\n  <\/style>\n        <div class=\"lazyblock-recomendador-v2-2jDGz wp-block-lazyblock-recomendador-v2\">\n        <a class=\"linkrecomendadorv2\" href=\"https:\/\/diariodocomercio.com.br\/mix\/ar-condicionado-ligado-pode-dobrar-o-consumo-de-gasolina-revela-especialista\/?utm_source=lazy\">\n            <div class=\"recomendadorV2Area\">\n            <div class=\"recomendadorV2Area1\">\n                <div class=\"recomendadorV2Img\">\n                <img class=\"lazyloaded\" decoding=\"async\" src=\"https:\/\/diariodocomercio.com.br\/mix\/wp-content\/uploads\/2025\/07\/image-43-612x375.jpg\" data-src=\"https:\/\/diariodocomercio.com.br\/mix\/wp-content\/uploads\/2025\/07\/image-43-612x375.jpg\" alt=\"\">\n                <\/div>\n            <\/div>\n            <div class=\"recomendadorV2Area2\">\n                <div class=\"recomendadorV2Type\">\n                    <span>Consumo alto<\/span>\n                <\/div>\n                <div class=\"recomendadorV2Title\">\n                <h2><span>Ar-condicionado e gasolina \ud83d\ude97<\/span><\/h2>\n                <\/div>\n                <div class=\"recomendadorV2Desc\">\n                <span>Uso do ar pode dobrar gasto de combust\u00edvel<\/span>\n                <\/div>\n                <div class=\"recomendadorV2Button\">Confira agora<\/div>\n                <div class=\"recomendadorV2Alert\"><\/div>\n            <\/div>\n            <\/div>\n        <\/a>\n        <div>\n            <div style=\"z-index:99999;\" id=\"buttonClose\" onclick=\"closeRecomendadorFixed()\">\n            <div class=\"recomendadorCloseFixed\">X<\/div>\n            <\/div>\n            <a href=\"https:\/\/diariodocomercio.com.br\/mix\/ar-condicionado-ligado-pode-dobrar-o-consumo-de-gasolina-revela-especialista\/?utm_source=lazy\">\n            <div class=\"recomendadorFixedArea\">\n                <div id=\"recomendadorFixed\">\n                <div class=\"recomendadorLeftArea\">\n                    <div class=\"recomendadorImgFixed\">\n                    <img class=\"lazyload\" decoding=\"async\" src=\"https:\/\/diariodocomercio.com.br\/mix\/wp-content\/uploads\/2025\/07\/image-43-612x375.jpg\" alt=\"\">\n                    <\/div>\n                <\/div>\n                <div class=\"recomendadorRightArea\">\n                    <div class=\"recomendadorTitleFixed\">\n                    <h2><span>Ar-condicionado e gasolina \ud83d\ude97<\/span><\/h2>\n                    <\/div>\n                    <div class=\"recomendadorButtonFixed\">Confira agora<\/div>\n                    <div class=\"recomendadorAlertFixed\"><\/div>\n                <\/div>\n                <\/div>\n            <\/div>\n            <\/a>\n        <\/div>\n        <\/div>\n\n\n\n<p>O processo seletivo do Programa de Est\u00e1gio Senac inicia-se com <strong>inscri\u00e7\u00e3o online. <\/strong>Os candidatos far\u00e3o uma prova objetiva virtual para avaliar conhecimentos t\u00e9cnicos e habilidades.<\/p>\n\n\n\n<p>Quem conseguir aprova\u00e7\u00e3o nesta etapa ser\u00e1 convocado para entrevistas presenciais, onde apresentar\u00e1 a documenta\u00e7\u00e3o exigida para contrata\u00e7\u00e3o.<\/p>\n\n\n\n<p>Os estagi\u00e1rios receber\u00e3o uma bolsa de R$ 1.874, aux\u00edlio-transporte integral e refei\u00e7\u00f5es no local. Esse pacote de benef\u00edcios apoia o desenvolvimento dos estudantes durante o est\u00e1gio.<\/p>\n","protected":false},"excerpt":{"rendered":"<p>Os estagi\u00e1rios trabalhar\u00e3o 30 horas semanais em ambiente presencial.<\/p>\n","protected":false},"author":12,"featured_media":10109,"comment_status":"closed","ping_status":"closed","sticky":false,"template":"","format":"standard","meta":{"jnews-multi-image_gallery":[],"jnews_single_post":{"format":"standard"},"jnews_primary_category":[],"jnews_social_meta":[],"jnews_override_counter":[],"jnews_post_split":[],"footnotes":""},"categories":[1],"tags":[],"class_list":["post-33721","post","type-post","status-publish","format-standard","has-post-thumbnail","hentry","category-geral"],"_referencia":"","_links":{"self":[{"href":"https:\/\/diariodocomercio.com.br\/mix\/wp-json\/wp\/v2\/posts\/33721","targetHints":{"allow":["GET"]}}],"collection":[{"href":"https:\/\/diariodocomercio.com.br\/mix\/wp-json\/wp\/v2\/posts"}],"about":[{"href":"https:\/\/diariodocomercio.com.br\/mix\/wp-json\/wp\/v2\/types\/post"}],"author":[{"embeddable":true,"href":"https:\/\/diariodocomercio.com.br\/mix\/wp-json\/wp\/v2\/users\/12"}],"replies":[{"embeddable":true,"href":"https:\/\/diariodocomercio.com.br\/mix\/wp-json\/wp\/v2\/comments?post=33721"}],"version-history":[{"count":2,"href":"https:\/\/diariodocomercio.com.br\/mix\/wp-json\/wp\/v2\/posts\/33721\/revisions"}],"predecessor-version":[{"id":33871,"href":"https:\/\/diariodocomercio.com.br\/mix\/wp-json\/wp\/v2\/posts\/33721\/revisions\/33871"}],"wp:featuredmedia":[{"embeddable":true,"href":"https:\/\/diariodocomercio.com.br\/mix\/wp-json\/wp\/v2\/media\/10109"}],"wp:attachment":[{"href":"https:\/\/diariodocomercio.com.br\/mix\/wp-json\/wp\/v2\/media?parent=33721"}],"wp:term":[{"taxonomy":"category","embeddable":true,"href":"https:\/\/diariodocomercio.com.br\/mix\/wp-json\/wp\/v2\/categories?post=33721"},{"taxonomy":"post_tag","embeddable":true,"href":"https:\/\/diariodocomercio.com.br\/mix\/wp-json\/wp\/v2\/tags?post=33721"}],"curies":[{"name":"wp","href":"https:\/\/api.w.org\/{rel}","templated":true}]}}