{"id":33723,"date":"2026-01-28T21:03:00","date_gmt":"2026-01-29T00:03:00","guid":{"rendered":"https:\/\/diariodocomercio.com.br\/mix\/?p=33723"},"modified":"2026-01-28T20:48:12","modified_gmt":"2026-01-28T23:48:12","slug":"foi-demitido-entre-2020-e-2025-governo-vai-te-pagar-uma-bolada-na-proxima-segunda-feira-02-02","status":"publish","type":"post","link":"https:\/\/diariodocomercio.com.br\/mix\/foi-demitido-entre-2020-e-2025-governo-vai-te-pagar-uma-bolada-na-proxima-segunda-feira-02-02\/","title":{"rendered":"Foi demitido entre 2020 e 2025? Governo vai te pagar uma bolada na pr\u00f3xima segunda-feira (02\/02)"},"content":{"rendered":"\n<p>O Governo Federal liberou R$ 3,9 bilh\u00f5es para trabalhadores que aderiram ao <strong>saque-anivers\u00e1rio<\/strong> do Fundo de Garantia por Tempo de Servi\u00e7o (FGTS) e foram demitidos entre janeiro de 2020 e 23 de dezembro de 2025. Essa medida beneficia 822.559 pessoas e visa aliviar temporariamente a situa\u00e7\u00e3o financeira dos trabalhadores afetados.<\/p>\n\n\n\n<p>Com a Medida Provis\u00f3ria autorizando a libera\u00e7\u00e3o dos saldos retidos, os benefici\u00e1rios poder\u00e3o acessar recursos que antes estavam indispon\u00edveis.<\/p>\n\n\n\n<p>O pagamento ocorrer\u00e1 <strong>entre 2 e 12 de fevereiro de 2026,<\/strong> com os fundos sendo depositados automaticamente nas contas cadastradas no aplicativo FGTS.<\/p>\n\n\n\n<p>Aqueles que n\u00e3o registraram uma conta banc\u00e1ria podem efetuar saques em caixas eletr\u00f4nicos, casas lot\u00e9ricas e unidades do &#8220;Caixa Aqui&#8221;. Esta distribui\u00e7\u00e3o tem como objetivo garantir que todos os contemplados recebam seus recursos durante o per\u00edodo estabelecido.<\/p>\n\n\n\n<h2 class=\"wp-block-heading\">M\u00e9todos de pagamento&nbsp;<\/h2>\n\n\n\n<p>A maioria dos trabalhadores receber\u00e1 o dinheiro diretamente nas contas banc\u00e1rias cadastradas. Para os que n\u00e3o forneceram dados banc\u00e1rios, est\u00e3o dispon\u00edveis outras op\u00e7\u00f5es de saque. Este processo visa trazer conveni\u00eancia e rapidez na libera\u00e7\u00e3o dos valores, facilitando o acesso aos recursos para os benefici\u00e1rios.<\/p>\n\n\n\n<p>Entre os 14,1 milh\u00f5es de pessoas eleg\u00edveis ao saque, 9,9 milh\u00f5es t\u00eam parte do FGTS comprometida com empr\u00e9stimos banc\u00e1rios, reduzindo o valor dispon\u00edvel para retirada.<\/p>\n\n\n\n<p>Al\u00e9m disso, 2,1 milh\u00f5es de trabalhadores n\u00e3o poder\u00e3o sacar, j\u00e1 que seus saldos est\u00e3o totalmente vinculados a opera\u00e7\u00f5es de cr\u00e9dito. Essas condi\u00e7\u00f5es ilustram os desafios financeiros enfrentados pelos trabalhadores no contexto do saque-anivers\u00e1rio.<\/p>\n\n\n\n<h2 class=\"wp-block-heading\">Detalhes do saque-anivers\u00e1rio<\/h2>\n\n\n\n<p>O saque-anivers\u00e1rio permite que trabalhadores retirem uma parte do saldo do FGTS anualmente no m\u00eas de seu anivers\u00e1rio. No entanto, ao aderir a essa modalidade, eles perdem o direito de sacar o total do FGTS em casos de demiss\u00e3o sem justa causa, limitando-se \u00e0 multa rescis\u00f3ria.<\/p>\n\n\n\n<p>A mudan\u00e7a para o modelo tradicional de saque s\u00f3 tem efeito dois anos ap\u00f3s a solicita\u00e7\u00e3o.<\/p>\n","protected":false},"excerpt":{"rendered":"<p>Medida beneficia 822.559 pessoas. Veja se voc\u00ea est\u00e1 na lista.<\/p>\n","protected":false},"author":12,"featured_media":10188,"comment_status":"closed","ping_status":"closed","sticky":false,"template":"","format":"standard","meta":{"jnews-multi-image_gallery":[],"jnews_single_post":{"format":"standard"},"jnews_primary_category":[],"jnews_social_meta":[],"jnews_override_counter":[],"jnews_post_split":[],"footnotes":""},"categories":[1],"tags":[],"class_list":["post-33723","post","type-post","status-publish","format-standard","has-post-thumbnail","hentry","category-geral"],"_referencia":"","_links":{"self":[{"href":"https:\/\/diariodocomercio.com.br\/mix\/wp-json\/wp\/v2\/posts\/33723","targetHints":{"allow":["GET"]}}],"collection":[{"href":"https:\/\/diariodocomercio.com.br\/mix\/wp-json\/wp\/v2\/posts"}],"about":[{"href":"https:\/\/diariodocomercio.com.br\/mix\/wp-json\/wp\/v2\/types\/post"}],"author":[{"embeddable":true,"href":"https:\/\/diariodocomercio.com.br\/mix\/wp-json\/wp\/v2\/users\/12"}],"replies":[{"embeddable":true,"href":"https:\/\/diariodocomercio.com.br\/mix\/wp-json\/wp\/v2\/comments?post=33723"}],"version-history":[{"count":1,"href":"https:\/\/diariodocomercio.com.br\/mix\/wp-json\/wp\/v2\/posts\/33723\/revisions"}],"predecessor-version":[{"id":33724,"href":"https:\/\/diariodocomercio.com.br\/mix\/wp-json\/wp\/v2\/posts\/33723\/revisions\/33724"}],"wp:featuredmedia":[{"embeddable":true,"href":"https:\/\/diariodocomercio.com.br\/mix\/wp-json\/wp\/v2\/media\/10188"}],"wp:attachment":[{"href":"https:\/\/diariodocomercio.com.br\/mix\/wp-json\/wp\/v2\/media?parent=33723"}],"wp:term":[{"taxonomy":"category","embeddable":true,"href":"https:\/\/diariodocomercio.com.br\/mix\/wp-json\/wp\/v2\/categories?post=33723"},{"taxonomy":"post_tag","embeddable":true,"href":"https:\/\/diariodocomercio.com.br\/mix\/wp-json\/wp\/v2\/tags?post=33723"}],"curies":[{"name":"wp","href":"https:\/\/api.w.org\/{rel}","templated":true}]}}