{"id":33726,"date":"2026-01-29T08:14:37","date_gmt":"2026-01-29T11:14:37","guid":{"rendered":"https:\/\/diariodocomercio.com.br\/mix\/?p=33726"},"modified":"2026-01-29T08:14:39","modified_gmt":"2026-01-29T11:14:39","slug":"bolsa-familia-atualiza-o-calendario-oficial-para-o-mes-de-fevereiro","status":"publish","type":"post","link":"https:\/\/diariodocomercio.com.br\/mix\/bolsa-familia-atualiza-o-calendario-oficial-para-o-mes-de-fevereiro\/","title":{"rendered":"Bolsa Fam\u00edlia atualiza o calend\u00e1rio oficial para o m\u00eas de fevereiro"},"content":{"rendered":"\n<p>Os benefici\u00e1rios do&nbsp;<strong>Bolsa Fam\u00edlia<\/strong>&nbsp;j\u00e1 podem se preparar para o calend\u00e1rio de pagamentos de&nbsp;<strong>fevereiro<\/strong>, que teve ajustes por conta do Carnaval. Mesmo com o cronograma de janeiro ainda em andamento, o governo federal divulgou as datas do pr\u00f3ximo m\u00eas, que ser\u00e3o escalonadas entre os dias&nbsp;<strong>12 e 27 de fevereiro<\/strong>, de acordo com o final do N\u00famero de Identifica\u00e7\u00e3o Social (NIS).<\/p>\n\n\n\n<p>A principal mudan\u00e7a est\u00e1 no fato de que apenas quem tem&nbsp;<strong>NIS final 1 e 2<\/strong>&nbsp;receber\u00e1 o benef\u00edcio&nbsp;<strong>antes do Carnaval<\/strong>. Os demais pagamentos ficam concentrados ap\u00f3s o feriado, retomando o calend\u00e1rio normalmente na semana seguinte \u00e0s festividades.<\/p>\n\n\n\n<p>Segundo o Minist\u00e9rio do Desenvolvimento e Assist\u00eancia Social, Fam\u00edlia e Combate \u00e0 Fome (MDS), os dep\u00f3sitos seguem a l\u00f3gica tradicional do programa, mas com uma pausa estrat\u00e9gica durante o feriado prolongado. A libera\u00e7\u00e3o dos recursos come\u00e7a no&nbsp;<strong>dia 12 de fevereiro<\/strong>&nbsp;e se estende at\u00e9 o&nbsp;<strong>dia 27<\/strong>.<\/p>\n\n\n\n<p>Confira o&nbsp;<strong>calend\u00e1rio oficial do Bolsa Fam\u00edlia em fevereiro<\/strong>:<\/p>\n\n\n\n<ul class=\"wp-block-list\">\n<li><strong>NIS final 1:<\/strong>\u00a012 de fevereiro<\/li>\n\n\n\n<li><strong>NIS final 2:<\/strong>\u00a013 de fevereiro<\/li>\n\n\n\n<li><strong>NIS final 3:<\/strong>\u00a018 de fevereiro<\/li>\n\n\n\n<li><strong>NIS final 4:<\/strong>\u00a019 de fevereiro<\/li>\n\n\n\n<li><strong>NIS final 5:<\/strong>\u00a020 de fevereiro<\/li>\n\n\n\n<li><strong>NIS final 6:<\/strong>\u00a023 de fevereiro<\/li>\n\n\n\n<li><strong>NIS final 7:<\/strong>\u00a024 de fevereiro<\/li>\n\n\n\n<li><strong>NIS final 8:<\/strong>\u00a025 de fevereiro<\/li>\n\n\n\n<li><strong>NIS final 9:<\/strong>\u00a026 de fevereiro<\/li>\n\n\n\n<li><strong>NIS final 0:<\/strong>\u00a027 de fevereiro<\/li>\n<\/ul>\n\n\n\n<p>Nos munic\u00edpios que tiveram&nbsp;<strong>situa\u00e7\u00e3o de emerg\u00eancia ou calamidade p\u00fablica<\/strong>&nbsp;reconhecida pelo governo federal, todas as fam\u00edlias recebem o benef\u00edcio j\u00e1 no&nbsp;<strong>primeiro dia do calend\u00e1rio<\/strong>, independentemente do final do NIS.<\/p>\n\n\n\n<h2 class=\"wp-block-heading\"><strong>Valores do Bolsa Fam\u00edlia seguem sem reajuste em 2026<\/strong><\/h2>\n\n\n\n<p>Para 2026, o Bolsa Fam\u00edlia&nbsp;<strong>n\u00e3o ter\u00e1 reajuste<\/strong>&nbsp;e manter\u00e1 os valores em vigor desde mar\u00e7o de 2023. O or\u00e7amento federal prev\u00ea&nbsp;<strong>R$ 159,5 bilh\u00f5es<\/strong>&nbsp;para o programa neste ano.<\/p>\n\n\n\n<p>O valor m\u00ednimo do benef\u00edcio permanece em&nbsp;<strong>R$ 600 por fam\u00edlia<\/strong>, com adicionais conforme a composi\u00e7\u00e3o familiar:<\/p>\n\n\n\n<ul class=\"wp-block-list\">\n<li><strong>R$ 150<\/strong>\u00a0por crian\u00e7a de at\u00e9 seis anos;<\/li>\n\n\n\n<li><strong>R$ 50<\/strong>\u00a0por gestantes, nutrizes e jovens entre 7 e 18 anos;<\/li>\n\n\n\n<li><strong>R$ 50 por m\u00eas<\/strong>, durante seis meses, para m\u00e3es de beb\u00eas de at\u00e9 seis meses, por meio do\u00a0<strong>Benef\u00edcio Vari\u00e1vel Familiar Nutriz<\/strong>.<\/li>\n<\/ul>\n\n\n\n<p>Os valores ficam dispon\u00edveis para saque ou movimenta\u00e7\u00e3o digital&nbsp;<strong>na data exata indicada no calend\u00e1rio<\/strong>, podendo ser utilizados pelo aplicativo Caixa Tem, cart\u00e3o do programa ou outros canais oficiais.<\/p>\n","protected":false},"excerpt":{"rendered":"<p>Os benefici\u00e1rios do&nbsp;Bolsa Fam\u00edlia&nbsp;j\u00e1 podem se preparar para o calend\u00e1rio de pagamentos de&nbsp;fevereiro, que teve ajustes por conta do Carnaval. Mesmo com o cronograma de janeiro ainda em andamento, o governo federal divulgou as datas do pr\u00f3ximo m\u00eas, que ser\u00e3o escalonadas entre os dias&nbsp;12 e 27 de fevereiro, de acordo com o final do N\u00famero [&hellip;]<\/p>\n","protected":false},"author":9,"featured_media":6538,"comment_status":"closed","ping_status":"closed","sticky":false,"template":"","format":"standard","meta":{"jnews-multi-image_gallery":[],"jnews_single_post":{"format":"standard"},"jnews_primary_category":[],"jnews_social_meta":[],"jnews_override_counter":[],"jnews_post_split":[],"footnotes":""},"categories":[1],"tags":[],"class_list":["post-33726","post","type-post","status-publish","format-standard","has-post-thumbnail","hentry","category-geral"],"_referencia":"","_links":{"self":[{"href":"https:\/\/diariodocomercio.com.br\/mix\/wp-json\/wp\/v2\/posts\/33726","targetHints":{"allow":["GET"]}}],"collection":[{"href":"https:\/\/diariodocomercio.com.br\/mix\/wp-json\/wp\/v2\/posts"}],"about":[{"href":"https:\/\/diariodocomercio.com.br\/mix\/wp-json\/wp\/v2\/types\/post"}],"author":[{"embeddable":true,"href":"https:\/\/diariodocomercio.com.br\/mix\/wp-json\/wp\/v2\/users\/9"}],"replies":[{"embeddable":true,"href":"https:\/\/diariodocomercio.com.br\/mix\/wp-json\/wp\/v2\/comments?post=33726"}],"version-history":[{"count":1,"href":"https:\/\/diariodocomercio.com.br\/mix\/wp-json\/wp\/v2\/posts\/33726\/revisions"}],"predecessor-version":[{"id":33727,"href":"https:\/\/diariodocomercio.com.br\/mix\/wp-json\/wp\/v2\/posts\/33726\/revisions\/33727"}],"wp:featuredmedia":[{"embeddable":true,"href":"https:\/\/diariodocomercio.com.br\/mix\/wp-json\/wp\/v2\/media\/6538"}],"wp:attachment":[{"href":"https:\/\/diariodocomercio.com.br\/mix\/wp-json\/wp\/v2\/media?parent=33726"}],"wp:term":[{"taxonomy":"category","embeddable":true,"href":"https:\/\/diariodocomercio.com.br\/mix\/wp-json\/wp\/v2\/categories?post=33726"},{"taxonomy":"post_tag","embeddable":true,"href":"https:\/\/diariodocomercio.com.br\/mix\/wp-json\/wp\/v2\/tags?post=33726"}],"curies":[{"name":"wp","href":"https:\/\/api.w.org\/{rel}","templated":true}]}}