{"id":33742,"date":"2026-01-29T09:29:26","date_gmt":"2026-01-29T12:29:26","guid":{"rendered":"https:\/\/diariodocomercio.com.br\/mix\/?p=33742"},"modified":"2026-01-29T09:29:29","modified_gmt":"2026-01-29T12:29:29","slug":"saiba-qual-e-o-numero-oficial-do-bolsa-familia-para-tratar-questoes-do-beneficio","status":"publish","type":"post","link":"https:\/\/diariodocomercio.com.br\/mix\/saiba-qual-e-o-numero-oficial-do-bolsa-familia-para-tratar-questoes-do-beneficio\/","title":{"rendered":"Saiba qual \u00e9 o n\u00famero oficial do Bolsa Fam\u00edlia para tratar quest\u00f5es do benef\u00edcio"},"content":{"rendered":"\n<p>Como voc\u00ea provavelmente j\u00e1 sabe, o Bolsa Fam\u00edlia \u00e9 um programa do governo de transfer\u00eancia de renda que ajuda milh\u00f5es de fam\u00edlias brasileiras em situa\u00e7\u00e3o de vulnerabilidade sociais. \u00c9 normal surgirem d\u00favidas ou os benefici\u00e1rios precisarem reportar algum erro: nesse tipo de caso, como voc\u00ea entra em contato direto com o suporte?<\/p>\n\n\n\n<p>O Minist\u00e9rio de Desenvolvimento e Assist\u00eancia Social, Fam\u00edlia e Combate \u00e0 Fome (MDS) conta com o Disque Social 121, um servi\u00e7o para esclarecer d\u00favidas de cidad\u00e3os e gestores sobre as pol\u00edticas, programas, a\u00e7\u00f5es e servi\u00e7os da pasta.<\/p>\n\n\n\n<p>Uma das formas de atendimento \u00e9 por meio do n\u00famero de telefone 121, que conta com atendimento humano de segunda \u00e0 sexta, das 7h \u00e0s 19h, e atendimento eletr\u00f4nico 24 horas. Por meio do mesmo n\u00famero, voc\u00ea pode entrar em contato com o disque por meio do WhatsApp ou Telegram. Os hor\u00e1rios de atendimento s\u00e3o os mesmos. Confira mais informa\u00e7\u00f5es sobre o Disque Social 121 no <a href=\"https:\/\/www.gov.br\/mds\/pt-br\/canais_atendimento\/disque-social-121\" target=\"_blank\" rel=\"noreferrer noopener\">site oficial do MDS<\/a>.<\/p>\n\n\n\n<p>Outra forma eficiente de tirar d\u00favidas envolvendo o programa \u00e9 atrav\u00e9s do aplicativo Bolsa Fam\u00edlia, dispon\u00edvel gratuitamente para Android e iOS.<\/p>\n\n\n\n<h2 class=\"wp-block-heading\">Bolsa Fam\u00edlia em janeiro\/2026<\/h2>\n\n\n\n<figure class=\"wp-block-table\"><table class=\"has-fixed-layout\"><tbody><tr><td class=\"has-text-align-left\" data-align=\"left\"><strong>Final do NIS<\/strong><\/td><td class=\"has-text-align-left\" data-align=\"left\"><strong>Recebe no dia<\/strong><\/td><\/tr><tr><td class=\"has-text-align-left\" data-align=\"left\">9<\/td><td class=\"has-text-align-left\" data-align=\"left\">29 de janeiro<\/td><\/tr><tr><td class=\"has-text-align-left\" data-align=\"left\">0<\/td><td class=\"has-text-align-left\" data-align=\"left\">30 de janeiro<\/td><\/tr><\/tbody><\/table><\/figure>\n\n\n\n<h2 class=\"wp-block-heading\">Confira o calend\u00e1rio de 2026 do Bolsa Fam\u00edlia:<\/h2>\n\n\n\n<ul class=\"wp-block-list\">\n<li>Janeiro: 19\/01 a 30\/01;<\/li>\n\n\n\n<li>Fevereiro: 12\/02 a 27\/02;<\/li>\n\n\n\n<li>Mar\u00e7o: 18\/03 a 31\/03;<\/li>\n\n\n\n<li>Abril: 16\/04 a 30\/04;<\/li>\n\n\n\n<li>Maio: 18\/05 a 29\/05;<\/li>\n\n\n\n<li>Junho: 17\/06 a 30\/06;<\/li>\n\n\n\n<li>Julho: 20\/07 a 31\/07;<\/li>\n\n\n\n<li>Agosto: 18\/08 a 31\/08;<\/li>\n\n\n\n<li>Setembro: 17\/09 a 30\/09;<\/li>\n\n\n\n<li>Outubro: 19\/10 a 30\/10;<\/li>\n\n\n\n<li>Novembro: 16\/11 a 30\/11;<\/li>\n\n\n\n<li>Dezembro: 10\/12 a 23\/12.<\/li>\n<\/ul>\n\n\n\n<style>@media (min-width: 992px) {\n    .recomendadorV2Area1 {\n        width: 280px;\n    }\n    .recomendadorV2Area2 {\n        padding: 0px 20px;\n        width: calc(100% - 280px);\n    }\n}\n\n@media (max-width: 992px) {\n    .recomendadorV2Button {\n        margin: 0 auto;\n    }\n    .recomendadorV2Area {\n        flex-direction: column;\n        text-align: center;\n    }\n    .recomendadorV2Area2 {\n        padding: 0px 20px;\n    }\n}\n\n.recomendadorV2Area {\n    background: #eeeeee3d;\n    border-radius: 10px;\n    padding: 15px;\n    display: flex;\n    margin: 15px auto;\n    border: 1px solid #00000014;\n    max-width: 800px;\n}\n\n.recomendadorV2Area1 img {\n    width: 280px;\n    height: auto;\n    border-radius: 8px;\n}\n\n.linkrecomendadorv2 {\n    text-decoration: none !important;\n}\n\n.recomendadorV2Area2 .recomendadorV2Type {\n    text-transform: uppercase;\n    font-weight: 500;\n    font-size: 11px;\n    letter-spacing: 2px;\n    color: #666;\n    margin: 12px 0;\n    display: block;\n}\n\n.recomendadorV2Title h2 {\n    padding-top: 0px !important;\n    margin: 0px !important;\n    border-left: none !important;\n    padding-left: 0px !important;\n    line-height: 1.3;\n    color: #000 !important;\n    font-size: 24px;\n    margin-bottom: 12px !important;\n}\n\n.recomendadorV2Desc {\n    color: #333;\n    margin: 12px 0px !important;\n    font-size: 15px;\n    line-height: 1.5;\n}\n\n.recomendadorV2Button {\n    width: auto;\n    max-width: 200px;\n    margin: 0;\n    display: inline-flex;\n    align-items: center;\n    background: #1D3557;\n    border-radius: 8px;\n    color: #fff;\n    height: 36px;\n    justify-content: center;\n    text-align: center;\n    font-size: 14px;\n    padding: 0 20px;\n    transition: background-color 0.2s ease;\n}\n\n.recomendadorV2Button:hover {\n    background: #2a4d7a;\n}\n\n.recomendadorV2Button:after {\n    margin-top: -2px;\n    content: \"\u2192\";\n    padding: 0px 0px 0px 8px;\n}\n\n.recomendadorV2Alert {\n    text-align: left;\n    font-size: 11px;\n    margin-top: 8px;\n    color: #666;\n}\n\n.recomendadorFixedArea {\n    width: 100%;\n    display: flex;\n    justify-content: center;\n    align-items: center;\n}\n\n@media (min-width: 992px) {\n    #recomendadorFixed {\n        width: 32% !important;\n        left: 5%;\n    }\n    .recomendadorCloseFixed{\n        right: inherit !important;\n        left: 378px !important;\n    }\n}\n\n#recomendadorFixed {\n    width: 90%;\n    box-shadow: 0 10px 20px 0px #00000057;\n    display: none;\n    height: 90px;\n    background: #F6F6F6;\n    position: fixed;\n    flex-direction: row;\n    bottom: 10px;\n    z-index: 9999;\n    border-radius: 16px;\n    padding: 7px 10px;\n}\n\n.recomendadorLeftArea {\n    width: 160px;\n}\n\n.recomendadorRightArea h2 {\n    padding-top: 0px;\n    margin: 2px 0px 4px 0px !important;\n    font-weight: 400;\n    text-align: center;\n    padding-left: 0px !important;\n    color: #000 !important;\n    border-left: none !important;\n    line-height: 20px;\n    font-size: 12px !important;\n}\n\n.recomendadorImgFixed {\n    overflow: hidden;\n    padding: 8px 6px;\n    height: 100%;\n}\n\n.recomendadorImgFixed img {\n    height: 100% !important;\n    border-radius: 16px;\n}\n\n.recomendadorRightArea {\n    padding-top: 6px;\n    display: flex;\n    width: calc(100% - 130px);\n    justify-content: space-between;\n    align-items: center;\n    flex-direction: column;\n}\n\n.recomendadorButtonFixed {\n    margin: 0 auto;\n    background: #1D3557;\n    width: 80%;\n    text-align: center;\n    font-size: 10px;\n    color: #FFF;\n    padding: 2px 10px;\n    border-radius: 3px;\n}\n\n.recomendadorButtonFixed:after {\n    margin-top: -3px;\n    content: \"\u2192\";\n    padding: 0px 0px 0px 10px;\n}\n\n.recomendadorAlertFixed {\n    font-weight: 400;\n    text-align: center;\n    color: #484848;\n    font-size: 8px;\n}\n\n.recomendadorCloseFixed {\n    z-index: 99999;\n    display: none;\n    right: 0px;\n    left: inherit;\n    bottom: 99px;\n    position: fixed;\n    justify-content: center;\n    background: #F6F6F6;\n    width: 25px;\n    align-items: center;\n    height: 25px;\n    font-weight: 800;\n    border-radius: 50%;\n    border: 1px solid #EBEBEB;\n}\n\n.recomendadorV2Desc{\n    color: #000000;\n    margin: 20px 0px;\n}\n\n@media (max-width: 576px) {\n    .recomendadorV2Area {\n      padding: 10px;\n      max-width: 100%;\n    }\n  \n    .recomendadorV2Area1 img {\n      width: 100%;\n      border-radius: 6px;\n    }\n  \n    .recomendadorV2Area2 .recomendadorV2Type {\n      font-size: 9px;\n      letter-spacing: 1px;\n      margin: 8px 0;\n    }\n  \n    .recomendadorV2Title h2 {\n      font-size: 18px !important;\n      margin-bottom: 8px !important;\n      line-height: 1.2;\n    }\n  \n    .recomendadorV2Desc {\n      font-size: 14px;\n      margin: 8px 0 !important;\n      line-height: 1.4;\n    }\n  \n    .recomendadorV2Button {\n      font-size: 14px;\n      height: 40px;\n      padding: 0 12px;\n      max-width: 100%;\n      width: 100%;\n    }\n  \n    .recomendadorV2Button:after {\n      padding-left: 6px;\n    }\n  }\n  <\/style>\n        <div class=\"lazyblock-recomendador-v2-2jDGz wp-block-lazyblock-recomendador-v2\">\n        <a class=\"linkrecomendadorv2\" href=\"https:\/\/diariodocomercio.com.br\/mix\/principe-da-familia-real-vai-buscar-refugio-na-asia-apos-ser-expulso-da-realeza\/\">\n            <div class=\"recomendadorV2Area\">\n            <div class=\"recomendadorV2Area1\">\n                <div class=\"recomendadorV2Img\">\n                <img class=\"lazyloaded\" decoding=\"async\" src=\"https:\/\/diariodocomercio.com.br\/mix\/wp-content\/uploads\/2025\/12\/familia-real-britanica.jpg\" data-src=\"https:\/\/diariodocomercio.com.br\/mix\/wp-content\/uploads\/2025\/12\/familia-real-britanica.jpg\" alt=\"\">\n                <\/div>\n            <\/div>\n            <div class=\"recomendadorV2Area2\">\n                <div class=\"recomendadorV2Type\">\n                    <span>FAM\u00cdLIA REAL<\/span>\n                <\/div>\n                <div class=\"recomendadorV2Title\">\n                <h2><span>Pr\u00edncipe da Fam\u00edlia Real vai buscar ref\u00fagio na \u00c1sia, ap\u00f3s ser expulso da realeza<\/span><\/h2>\n                <\/div>\n                <div class=\"recomendadorV2Desc\">\n                <span>O ex-membro da Fam\u00edlia Real Brit\u00e2nica, conhecido por amizade p\u00fablica com Jeffrey Epstein, deve se autoexilar em pa\u00eds do Oriente \u2026<\/span>\n                <\/div>\n                <div class=\"recomendadorV2Button\">Leia mais<\/div>\n                <div class=\"recomendadorV2Alert\"><\/div>\n            <\/div>\n            <\/div>\n        <\/a>\n        <div>\n            <div style=\"z-index:99999;\" id=\"buttonClose\" onclick=\"closeRecomendadorFixed()\">\n            <div class=\"recomendadorCloseFixed\">X<\/div>\n            <\/div>\n            <a href=\"https:\/\/diariodocomercio.com.br\/mix\/principe-da-familia-real-vai-buscar-refugio-na-asia-apos-ser-expulso-da-realeza\/\">\n            <div class=\"recomendadorFixedArea\">\n                <div id=\"recomendadorFixed\">\n                <div class=\"recomendadorLeftArea\">\n                    <div class=\"recomendadorImgFixed\">\n                    <img class=\"lazyload\" decoding=\"async\" src=\"https:\/\/diariodocomercio.com.br\/mix\/wp-content\/uploads\/2025\/12\/familia-real-britanica.jpg\" alt=\"\">\n                    <\/div>\n                <\/div>\n                <div class=\"recomendadorRightArea\">\n                    <div class=\"recomendadorTitleFixed\">\n                    <h2><span>Pr\u00edncipe da Fam\u00edlia Real vai buscar ref\u00fagio na \u00c1sia, ap\u00f3s ser expulso da realeza<\/span><\/h2>\n                    <\/div>\n                    <div class=\"recomendadorButtonFixed\">Leia mais<\/div>\n                    <div class=\"recomendadorAlertFixed\"><\/div>\n                <\/div>\n                <\/div>\n            <\/div>\n            <\/a>\n        <\/div>\n        <\/div>\n","protected":false},"excerpt":{"rendered":"<p>Como voc\u00ea provavelmente j\u00e1 sabe, o Bolsa Fam\u00edlia \u00e9 um programa do governo de transfer\u00eancia de renda que ajuda milh\u00f5es de fam\u00edlias brasileiras em situa\u00e7\u00e3o de vulnerabilidade sociais. \u00c9 normal surgirem d\u00favidas ou os benefici\u00e1rios precisarem reportar algum erro: nesse tipo de caso, como voc\u00ea entra em contato direto com o suporte? O Minist\u00e9rio de [&hellip;]<\/p>\n","protected":false},"author":6,"featured_media":7602,"comment_status":"closed","ping_status":"closed","sticky":false,"template":"","format":"standard","meta":{"jnews-multi-image_gallery":[],"jnews_single_post":{"format":"standard"},"jnews_primary_category":[],"jnews_social_meta":[],"jnews_override_counter":[],"jnews_post_split":[],"footnotes":""},"categories":[1],"tags":[],"class_list":["post-33742","post","type-post","status-publish","format-standard","has-post-thumbnail","hentry","category-geral"],"_referencia":"","_links":{"self":[{"href":"https:\/\/diariodocomercio.com.br\/mix\/wp-json\/wp\/v2\/posts\/33742","targetHints":{"allow":["GET"]}}],"collection":[{"href":"https:\/\/diariodocomercio.com.br\/mix\/wp-json\/wp\/v2\/posts"}],"about":[{"href":"https:\/\/diariodocomercio.com.br\/mix\/wp-json\/wp\/v2\/types\/post"}],"author":[{"embeddable":true,"href":"https:\/\/diariodocomercio.com.br\/mix\/wp-json\/wp\/v2\/users\/6"}],"replies":[{"embeddable":true,"href":"https:\/\/diariodocomercio.com.br\/mix\/wp-json\/wp\/v2\/comments?post=33742"}],"version-history":[{"count":1,"href":"https:\/\/diariodocomercio.com.br\/mix\/wp-json\/wp\/v2\/posts\/33742\/revisions"}],"predecessor-version":[{"id":33747,"href":"https:\/\/diariodocomercio.com.br\/mix\/wp-json\/wp\/v2\/posts\/33742\/revisions\/33747"}],"wp:featuredmedia":[{"embeddable":true,"href":"https:\/\/diariodocomercio.com.br\/mix\/wp-json\/wp\/v2\/media\/7602"}],"wp:attachment":[{"href":"https:\/\/diariodocomercio.com.br\/mix\/wp-json\/wp\/v2\/media?parent=33742"}],"wp:term":[{"taxonomy":"category","embeddable":true,"href":"https:\/\/diariodocomercio.com.br\/mix\/wp-json\/wp\/v2\/categories?post=33742"},{"taxonomy":"post_tag","embeddable":true,"href":"https:\/\/diariodocomercio.com.br\/mix\/wp-json\/wp\/v2\/tags?post=33742"}],"curies":[{"name":"wp","href":"https:\/\/api.w.org\/{rel}","templated":true}]}}