{"id":33752,"date":"2026-01-29T10:39:06","date_gmt":"2026-01-29T13:39:06","guid":{"rendered":"https:\/\/diariodocomercio.com.br\/mix\/?p=33752"},"modified":"2026-01-29T10:39:09","modified_gmt":"2026-01-29T13:39:09","slug":"eleicoes-2026-lula-empata-com-2-candidatos-aponta-pesquisa-renomada","status":"publish","type":"post","link":"https:\/\/diariodocomercio.com.br\/mix\/eleicoes-2026-lula-empata-com-2-candidatos-aponta-pesquisa-renomada\/","title":{"rendered":"Elei\u00e7\u00f5es 2026: Lula empata com 2 candidatos, aponta pesquisa renomada"},"content":{"rendered":"\n<p>O presidente Luiz In\u00e1cio Lula da Silva (PT) lidera as inten\u00e7\u00f5es de voto no primeiro turno das elei\u00e7\u00f5es presidenciais de 2026, mas enfrenta&nbsp;<strong>empate t\u00e9cnico no segundo turno<\/strong>&nbsp;contra dois potenciais advers\u00e1rios da direita: o senador Fl\u00e1vio Bolsonaro (PL-RJ) e o governador de S\u00e3o Paulo, Tarc\u00edsio de Freitas (Republicanos-SP). Os dados s\u00e3o de pesquisa divulgada nesta quinta-feira (29) pela&nbsp;<strong>Paran\u00e1 Pesquisas<\/strong>, um dos institutos mais tradicionais do pa\u00eds.<\/p>\n\n\n\n<p>O levantamento indica que, embora Lula chegue \u00e0 frente nos cen\u00e1rios iniciais, a disputa tende a se acirrar na etapa decisiva da elei\u00e7\u00e3o, refletindo um cen\u00e1rio de polariza\u00e7\u00e3o e equil\u00edbrio entre os principais nomes testados.<\/p>\n\n\n\n<p>No cen\u00e1rio estimulado de primeiro turno contra&nbsp;<strong>Fl\u00e1vio Bolsonaro<\/strong>, Lula aparece com&nbsp;<strong>39,8%<\/strong>&nbsp;das inten\u00e7\u00f5es de voto, enquanto o senador soma&nbsp;<strong>33,1%<\/strong>. J\u00e1 na simula\u00e7\u00e3o em que o advers\u00e1rio \u00e9&nbsp;<strong>Tarc\u00edsio de Freitas<\/strong>, a vantagem do petista \u00e9 maior:&nbsp;<strong>40,7%<\/strong>&nbsp;contra&nbsp;<strong>27,5%<\/strong>&nbsp;do governador paulista.<\/p>\n\n\n\n<p>Nos dois cen\u00e1rios, nenhum outro candidato ultrapassa a marca de 10%, o que refor\u00e7a a centralidade dos principais nomes na disputa presidencial.<\/p>\n\n\n\n<p>Entre os demais testados aparecem Ratinho Jr. (PSD), Ronaldo Caiado (PSD), Romeu Zema (Novo), Renan Santos (Miss\u00e3o) e Aldo Rebelo (DC), todos com percentuais baixos e distantes dos l\u00edderes.<\/p>\n\n\n\n<h2 class=\"wp-block-heading\"><strong>Empate t\u00e9cnico no 2\u00ba turno preocupa o Planalto<\/strong><\/h2>\n\n\n\n<p>Quando a pesquisa projeta o&nbsp;<strong>segundo turno<\/strong>, Lula mant\u00e9m a lideran\u00e7a num\u00e9rica, com percentuais que variam entre&nbsp;<strong>43,9% e 44,8%<\/strong>, mas tanto Fl\u00e1vio Bolsonaro quanto Tarc\u00edsio de Freitas alcan\u00e7am&nbsp;<strong>empate t\u00e9cnico<\/strong>, considerando a margem de erro de&nbsp;<strong>2,2 pontos percentuais<\/strong>.<\/p>\n\n\n\n<p>O \u00fanico nome testado que n\u00e3o consegue se aproximar do presidente em um eventual segundo turno \u00e9 o governador do Paran\u00e1,&nbsp;<strong>Ratinho Jr. (PSD)<\/strong>, que aparece derrotado com mais folga.<\/p>\n\n\n\n<p>O resultado indica que, apesar da for\u00e7a eleitoral do atual presidente, a elei\u00e7\u00e3o de 2026 pode ser definida nos detalhes, especialmente se a oposi\u00e7\u00e3o conseguir consolidar um nome competitivo at\u00e9 a campanha oficial.<\/p>\n\n\n\n<h2 class=\"wp-block-heading\"><strong>Pesquisa e calend\u00e1rio eleitoral<\/strong><\/h2>\n\n\n\n<p>A pesquisa foi realizada entre os dias&nbsp;<strong>25 e 28 de janeiro de 2026<\/strong>, com&nbsp;<strong>2.080 entrevistados<\/strong>&nbsp;em&nbsp;<strong>160 munic\u00edpios<\/strong>, abrangendo os&nbsp;<strong>26 estados e o Distrito Federal<\/strong>. O estudo tem&nbsp;<strong>n\u00edvel de confian\u00e7a de 95%<\/strong>, est\u00e1 registrado no&nbsp;<strong>Tribunal Superior Eleitoral (TSE)<\/strong>&nbsp;sob o n\u00famero&nbsp;<strong>BR-08254\/2026<\/strong>&nbsp;e foi custeado com recursos pr\u00f3prios da empresa, ao custo de&nbsp;<strong>R$ 50 mil<\/strong>.<\/p>\n\n\n\n<p>O calend\u00e1rio eleitoral j\u00e1 est\u00e1 definido: o&nbsp;<strong>primeiro turno ocorre em 4 de outubro de 2026<\/strong>, quando os brasileiros escolher\u00e3o presidente da Rep\u00fablica, governadores, senadores e deputados. O&nbsp;<strong>segundo turno<\/strong>, se necess\u00e1rio, ser\u00e1 realizado em&nbsp;<strong>25 de outubro<\/strong>.<\/p>\n","protected":false},"excerpt":{"rendered":"<p>O presidente Luiz In\u00e1cio Lula da Silva (PT) lidera as inten\u00e7\u00f5es de voto no primeiro turno das elei\u00e7\u00f5es presidenciais de 2026, mas enfrenta&nbsp;empate t\u00e9cnico no segundo turno&nbsp;contra dois potenciais advers\u00e1rios da direita: o senador Fl\u00e1vio Bolsonaro (PL-RJ) e o governador de S\u00e3o Paulo, Tarc\u00edsio de Freitas (Republicanos-SP). Os dados s\u00e3o de pesquisa divulgada nesta quinta-feira [&hellip;]<\/p>\n","protected":false},"author":9,"featured_media":5739,"comment_status":"closed","ping_status":"closed","sticky":false,"template":"","format":"standard","meta":{"jnews-multi-image_gallery":[],"jnews_single_post":{"format":"standard"},"jnews_primary_category":[],"jnews_social_meta":[],"jnews_override_counter":[],"jnews_post_split":[],"footnotes":""},"categories":[1],"tags":[],"class_list":["post-33752","post","type-post","status-publish","format-standard","has-post-thumbnail","hentry","category-geral"],"_referencia":"","_links":{"self":[{"href":"https:\/\/diariodocomercio.com.br\/mix\/wp-json\/wp\/v2\/posts\/33752","targetHints":{"allow":["GET"]}}],"collection":[{"href":"https:\/\/diariodocomercio.com.br\/mix\/wp-json\/wp\/v2\/posts"}],"about":[{"href":"https:\/\/diariodocomercio.com.br\/mix\/wp-json\/wp\/v2\/types\/post"}],"author":[{"embeddable":true,"href":"https:\/\/diariodocomercio.com.br\/mix\/wp-json\/wp\/v2\/users\/9"}],"replies":[{"embeddable":true,"href":"https:\/\/diariodocomercio.com.br\/mix\/wp-json\/wp\/v2\/comments?post=33752"}],"version-history":[{"count":1,"href":"https:\/\/diariodocomercio.com.br\/mix\/wp-json\/wp\/v2\/posts\/33752\/revisions"}],"predecessor-version":[{"id":33762,"href":"https:\/\/diariodocomercio.com.br\/mix\/wp-json\/wp\/v2\/posts\/33752\/revisions\/33762"}],"wp:featuredmedia":[{"embeddable":true,"href":"https:\/\/diariodocomercio.com.br\/mix\/wp-json\/wp\/v2\/media\/5739"}],"wp:attachment":[{"href":"https:\/\/diariodocomercio.com.br\/mix\/wp-json\/wp\/v2\/media?parent=33752"}],"wp:term":[{"taxonomy":"category","embeddable":true,"href":"https:\/\/diariodocomercio.com.br\/mix\/wp-json\/wp\/v2\/categories?post=33752"},{"taxonomy":"post_tag","embeddable":true,"href":"https:\/\/diariodocomercio.com.br\/mix\/wp-json\/wp\/v2\/tags?post=33752"}],"curies":[{"name":"wp","href":"https:\/\/api.w.org\/{rel}","templated":true}]}}