{"id":33756,"date":"2026-01-29T10:36:00","date_gmt":"2026-01-29T13:36:00","guid":{"rendered":"https:\/\/diariodocomercio.com.br\/mix\/?p=33756"},"modified":"2026-01-29T10:28:09","modified_gmt":"2026-01-29T13:28:09","slug":"99-abre-vagas-no-brasil-mas-nao-e-para-motoristas-nem-entregadores-de-aplicativo","status":"publish","type":"post","link":"https:\/\/diariodocomercio.com.br\/mix\/99-abre-vagas-no-brasil-mas-nao-e-para-motoristas-nem-entregadores-de-aplicativo\/","title":{"rendered":"99 abre vagas no Brasil, mas n\u00e3o \u00e9 para motoristas nem entregadores de aplicativo"},"content":{"rendered":"\n<p>A empresa de tecnologia <strong>99<\/strong> iniciou o m\u00eas de janeiro com a abertura de <strong>140 vagas de emprego <\/strong>em diferentes regi\u00f5es do Brasil. As oportunidades abrangem \u00e1reas estrat\u00e9gicas do neg\u00f3cio, como mobilidade urbana, servi\u00e7os de entrega e solu\u00e7\u00f5es financeiras digitais, al\u00e9m de inclu\u00edrem posi\u00e7\u00f5es de est\u00e1gio destinadas a estudantes do ensino superior.<\/p>\n\n\n\n<p>De acordo com a empresa, a maior parte das vagas est\u00e1 concentrada na cidade de <strong>S\u00e3o Paulo. <\/strong>No entanto, tamb\u00e9m h\u00e1 oportunidades em outros munic\u00edpios, como Campinas, no interior paulista, Rio de Janeiro e S\u00e3o Lu\u00eds, entre outras localidades.<\/p>\n\n\n\n<p>Parte das posi\u00e7\u00f5es adota o <strong>modelo de trabalho h\u00edbrido,<\/strong> combinando atividades presenciais e remotas, conforme a fun\u00e7\u00e3o e a \u00e1rea de atua\u00e7\u00e3o.<\/p>\n\n\n\n<p>As contrata\u00e7\u00f5es atendem a diferentes frentes operacionais e administrativas da companhia. H\u00e1 vagas direcionadas aos setores de log\u00edstica, vendas, finan\u00e7as e atendimento ao cliente, al\u00e9m de posi\u00e7\u00f5es voltadas aos neg\u00f3cios financeiros da marca, por meio da fintech 99Pay, \u00e0s opera\u00e7\u00f5es de delivery realizadas pela 99Food e \u00e0s solu\u00e7\u00f5es relacionadas \u00e0 mobilidade urbana.<\/p>\n\n\n\n<h2 class=\"wp-block-heading\">Cargos anunciados<\/h2>\n\n\n\n<p>O processo seletivo contempla desde fun\u00e7\u00f5es de entrada, como est\u00e1gios, at\u00e9 cargos de coordena\u00e7\u00e3o, especializa\u00e7\u00e3o t\u00e9cnica e lideran\u00e7a. Entre as posi\u00e7\u00f5es anunciadas, est\u00e3o:<\/p>\n\n\n\n<ul class=\"wp-block-list\">\n<li>Analista S\u00eanior de Marketing \u2013 Vaga Afirmativa para Diversidade<\/li>\n\n\n\n<li>Est\u00e1gio em Opera\u00e7\u00f5es \u2013 Exclusivo para mulheres<\/li>\n\n\n\n<li>Coordenador de CX &amp; Relationship<\/li>\n\n\n\n<li>Especialista em CRM<\/li>\n\n\n\n<li>Gerente de vendas B2B<\/li>\n\n\n\n<li>Especialista de Antifraude &amp; KYC<\/li>\n<\/ul>\n\n\n\n<p>A rela\u00e7\u00e3o completa das vagas dispon\u00edveis pode ser consultada no site de carreiras da empresa. Na plataforma, tamb\u00e9m est\u00e3o detalhados os requisitos exigidos para cada fun\u00e7\u00e3o, bem como informa\u00e7\u00f5es sobre as etapas do processo seletivo e os prazos para envio das candidaturas.<\/p>\n\n\n\n<p>A iniciativa faz parte da estrat\u00e9gia da 99 de fortalecer sua estrutura organizacional e ampliar sua presen\u00e7a no mercado nacional. A empresa destaca que busca profissionais alinhados a um ambiente de trabalho colaborativo e diverso, com capacidade de atuar de forma \u00e1gil, integrada e orientada \u00e0 resolu\u00e7\u00e3o de desafios complexos.&nbsp;<\/p>\n","protected":false},"excerpt":{"rendered":"<p>Parte das posi\u00e7\u00f5es adota o modelo de trabalho h\u00edbrido. Confira detalhes.<\/p>\n","protected":false},"author":12,"featured_media":33758,"comment_status":"closed","ping_status":"closed","sticky":false,"template":"","format":"standard","meta":{"jnews-multi-image_gallery":[],"jnews_single_post":{"format":"standard"},"jnews_primary_category":[],"jnews_social_meta":[],"jnews_override_counter":[],"jnews_post_split":[],"footnotes":""},"categories":[1],"tags":[],"class_list":["post-33756","post","type-post","status-publish","format-standard","has-post-thumbnail","hentry","category-geral"],"_referencia":"","_links":{"self":[{"href":"https:\/\/diariodocomercio.com.br\/mix\/wp-json\/wp\/v2\/posts\/33756","targetHints":{"allow":["GET"]}}],"collection":[{"href":"https:\/\/diariodocomercio.com.br\/mix\/wp-json\/wp\/v2\/posts"}],"about":[{"href":"https:\/\/diariodocomercio.com.br\/mix\/wp-json\/wp\/v2\/types\/post"}],"author":[{"embeddable":true,"href":"https:\/\/diariodocomercio.com.br\/mix\/wp-json\/wp\/v2\/users\/12"}],"replies":[{"embeddable":true,"href":"https:\/\/diariodocomercio.com.br\/mix\/wp-json\/wp\/v2\/comments?post=33756"}],"version-history":[{"count":2,"href":"https:\/\/diariodocomercio.com.br\/mix\/wp-json\/wp\/v2\/posts\/33756\/revisions"}],"predecessor-version":[{"id":33760,"href":"https:\/\/diariodocomercio.com.br\/mix\/wp-json\/wp\/v2\/posts\/33756\/revisions\/33760"}],"wp:featuredmedia":[{"embeddable":true,"href":"https:\/\/diariodocomercio.com.br\/mix\/wp-json\/wp\/v2\/media\/33758"}],"wp:attachment":[{"href":"https:\/\/diariodocomercio.com.br\/mix\/wp-json\/wp\/v2\/media?parent=33756"}],"wp:term":[{"taxonomy":"category","embeddable":true,"href":"https:\/\/diariodocomercio.com.br\/mix\/wp-json\/wp\/v2\/categories?post=33756"},{"taxonomy":"post_tag","embeddable":true,"href":"https:\/\/diariodocomercio.com.br\/mix\/wp-json\/wp\/v2\/tags?post=33756"}],"curies":[{"name":"wp","href":"https:\/\/api.w.org\/{rel}","templated":true}]}}