{"id":33767,"date":"2026-01-29T10:54:58","date_gmt":"2026-01-29T13:54:58","guid":{"rendered":"https:\/\/diariodocomercio.com.br\/mix\/?p=33767"},"modified":"2026-01-29T10:55:01","modified_gmt":"2026-01-29T13:55:01","slug":"bolsa-familia-chegara-com-acrescimo-de-r-350-para-milhares-de-familias-em-janeiro-e-fevereiro","status":"publish","type":"post","link":"https:\/\/diariodocomercio.com.br\/mix\/bolsa-familia-chegara-com-acrescimo-de-r-350-para-milhares-de-familias-em-janeiro-e-fevereiro\/","title":{"rendered":"Bolsa Fam\u00edlia chegar\u00e1 com acr\u00e9scimo de R$ 350 para milhares de fam\u00edlias em janeiro e fevereiro"},"content":{"rendered":"\n<p>Milhares de fam\u00edlias brasileiras come\u00e7ar\u00e3o os meses de&nbsp;<strong>janeiro e fevereiro<\/strong>&nbsp;com um refor\u00e7o significativo no or\u00e7amento. O&nbsp;<strong>Bolsa Fam\u00edlia<\/strong>, que garante um valor m\u00ednimo de&nbsp;<strong>R$ 600<\/strong>, pode chegar com&nbsp;<strong>acr\u00e9scimo de at\u00e9 R$ 350<\/strong>&nbsp;\u2014 ou at\u00e9 mais \u2014 para benefici\u00e1rios que se enquadram nos crit\u00e9rios dos adicionais previstos pelo programa social.<\/p>\n\n\n\n<p>Os valores extras seguem regras que est\u00e3o em vigor desde a recria\u00e7\u00e3o do Bolsa Fam\u00edlia, em 2023, e permanecem inalterados para 2026, conforme o&nbsp;<strong>Minist\u00e9rio do Desenvolvimento e Assist\u00eancia Social (MDS)<\/strong>. Os adicionais s\u00e3o voltados principalmente a&nbsp;<strong>crian\u00e7as, adolescentes, gestantes e nutrizes<\/strong>, ampliando a prote\u00e7\u00e3o social para fam\u00edlias em situa\u00e7\u00e3o de maior vulnerabilidade.<\/p>\n\n\n\n<p>O valor adicional de&nbsp;<strong>R$ 350<\/strong>&nbsp;citado para milhares de fam\u00edlias \u00e9 resultado da&nbsp;<strong>soma de diferentes benef\u00edcios complementares<\/strong>, que podem ser acumulados conforme o perfil familiar. Veja como funcionam:<\/p>\n\n\n\n<ul class=\"wp-block-list\">\n<li><strong>Benef\u00edcio Primeira Inf\u00e2ncia (BPI)<\/strong>: R$ 150 por crian\u00e7a de at\u00e9 seis anos<\/li>\n\n\n\n<li><strong>Benef\u00edcio Vari\u00e1vel Familiar Crian\u00e7a (BV)<\/strong>: R$ 50 para crian\u00e7as e adolescentes de 7 a 16 anos<\/li>\n\n\n\n<li><strong>Benef\u00edcio Vari\u00e1vel Familiar Adolescente (BVA)<\/strong>: R$ 50 para adolescentes de 16 a 18 anos<\/li>\n\n\n\n<li><strong>Benef\u00edcio Vari\u00e1vel Gestante (BVG)<\/strong>: R$ 50 para gestantes<\/li>\n\n\n\n<li><strong>Benef\u00edcio Vari\u00e1vel Nutriz (BVN)<\/strong>: seis parcelas de R$ 50 para m\u00e3es de beb\u00eas de at\u00e9 seis meses<\/li>\n<\/ul>\n\n\n\n<p>Na pr\u00e1tica, uma fam\u00edlia que tenha\u00a0<strong>uma crian\u00e7a de at\u00e9 seis anos (R$ 150)<\/strong>,\u00a0<strong>um adolescente (R$ 50)<\/strong>\u00a0e\u00a0<strong>uma gestante (R$ 50)<\/strong>, por exemplo, j\u00e1 soma\u00a0<strong>R$ 250 adicionais<\/strong>\u00a0ao valor base. Em cen\u00e1rios com mais crian\u00e7as pequenas, o valor pode subir ainda mais.<\/p>\n\n\n\n<h2 class=\"wp-block-heading\"><strong>Quem tem direito e como consultar o valor<\/strong><\/h2>\n\n\n\n<p>Para receber o Bolsa Fam\u00edlia em&nbsp;<strong>2026<\/strong>, a fam\u00edlia precisa:<\/p>\n\n\n\n<ul class=\"wp-block-list\">\n<li>Ter\u00a0<strong>renda mensal per capita de at\u00e9 R$ 218<\/strong><\/li>\n\n\n\n<li>Estar com o\u00a0<strong>Cadastro \u00danico (Cad\u00danico) atualizado<\/strong><\/li>\n<\/ul>\n\n\n\n<p>A sele\u00e7\u00e3o \u00e9 feita mensalmente pelo governo federal. As fam\u00edlias aprovadas podem consultar os valores e datas de pagamento diretamente no&nbsp;<strong>aplicativo do Bolsa Fam\u00edlia<\/strong>, dispon\u00edvel para Android e iOS, normalmente na mesma semana em que os repasses come\u00e7am.<\/p>\n\n\n\n<p>A inscri\u00e7\u00e3o no Cad\u00danico \u00e9 obrigat\u00f3ria e deve ser realizada presencialmente no&nbsp;<strong>CRAS<\/strong>&nbsp;do munic\u00edpio.<\/p>\n","protected":false},"excerpt":{"rendered":"<p>Milhares de fam\u00edlias brasileiras come\u00e7ar\u00e3o os meses de&nbsp;janeiro e fevereiro&nbsp;com um refor\u00e7o significativo no or\u00e7amento. O&nbsp;Bolsa Fam\u00edlia, que garante um valor m\u00ednimo de&nbsp;R$ 600, pode chegar com&nbsp;acr\u00e9scimo de at\u00e9 R$ 350&nbsp;\u2014 ou at\u00e9 mais \u2014 para benefici\u00e1rios que se enquadram nos crit\u00e9rios dos adicionais previstos pelo programa social. Os valores extras seguem regras que est\u00e3o [&hellip;]<\/p>\n","protected":false},"author":9,"featured_media":25660,"comment_status":"closed","ping_status":"closed","sticky":false,"template":"","format":"standard","meta":{"jnews-multi-image_gallery":[],"jnews_single_post":{"format":"standard"},"jnews_primary_category":[],"jnews_social_meta":[],"jnews_override_counter":[],"jnews_post_split":[],"footnotes":""},"categories":[1],"tags":[],"class_list":["post-33767","post","type-post","status-publish","format-standard","has-post-thumbnail","hentry","category-geral"],"_referencia":"","_links":{"self":[{"href":"https:\/\/diariodocomercio.com.br\/mix\/wp-json\/wp\/v2\/posts\/33767","targetHints":{"allow":["GET"]}}],"collection":[{"href":"https:\/\/diariodocomercio.com.br\/mix\/wp-json\/wp\/v2\/posts"}],"about":[{"href":"https:\/\/diariodocomercio.com.br\/mix\/wp-json\/wp\/v2\/types\/post"}],"author":[{"embeddable":true,"href":"https:\/\/diariodocomercio.com.br\/mix\/wp-json\/wp\/v2\/users\/9"}],"replies":[{"embeddable":true,"href":"https:\/\/diariodocomercio.com.br\/mix\/wp-json\/wp\/v2\/comments?post=33767"}],"version-history":[{"count":1,"href":"https:\/\/diariodocomercio.com.br\/mix\/wp-json\/wp\/v2\/posts\/33767\/revisions"}],"predecessor-version":[{"id":33768,"href":"https:\/\/diariodocomercio.com.br\/mix\/wp-json\/wp\/v2\/posts\/33767\/revisions\/33768"}],"wp:featuredmedia":[{"embeddable":true,"href":"https:\/\/diariodocomercio.com.br\/mix\/wp-json\/wp\/v2\/media\/25660"}],"wp:attachment":[{"href":"https:\/\/diariodocomercio.com.br\/mix\/wp-json\/wp\/v2\/media?parent=33767"}],"wp:term":[{"taxonomy":"category","embeddable":true,"href":"https:\/\/diariodocomercio.com.br\/mix\/wp-json\/wp\/v2\/categories?post=33767"},{"taxonomy":"post_tag","embeddable":true,"href":"https:\/\/diariodocomercio.com.br\/mix\/wp-json\/wp\/v2\/tags?post=33767"}],"curies":[{"name":"wp","href":"https:\/\/api.w.org\/{rel}","templated":true}]}}