{"id":33769,"date":"2026-01-29T11:07:12","date_gmt":"2026-01-29T14:07:12","guid":{"rendered":"https:\/\/diariodocomercio.com.br\/mix\/?p=33769"},"modified":"2026-01-29T17:24:11","modified_gmt":"2026-01-29T20:24:11","slug":"aviao-com-15-passageiros-cai-ao-norte-do-brasil-e-nao-deixa-sobreviventes","status":"publish","type":"post","link":"https:\/\/diariodocomercio.com.br\/mix\/aviao-com-15-passageiros-cai-ao-norte-do-brasil-e-nao-deixa-sobreviventes\/","title":{"rendered":"Avi\u00e3o com 15 passageiros cai ao Norte do Brasil e n\u00e3o deixa sobreviventes"},"content":{"rendered":"\n<p>Um&nbsp;<strong>avi\u00e3o comercial com 15 pessoas a bordo caiu na Col\u00f4mbia<\/strong>, pa\u00eds pr\u00f3ximo \u00e0 fronteira com o Norte do Brasil, e&nbsp;<strong>n\u00e3o deixou sobreviventes<\/strong>, segundo confirmaram autoridades aeron\u00e1uticas colombianas. A aeronave, operada pela companhia estatal&nbsp;<strong>Satena<\/strong>, havia desaparecido do radar na manh\u00e3 de quarta-feira (28) durante um voo regional entre&nbsp;<strong>C\u00facuta e Oca\u00f1a<\/strong>, no departamento de Norte de Santander.<\/p>\n\n\n\n<p>De acordo com a&nbsp;<strong>Aeron\u00e1utica Civil da Col\u00f4mbia<\/strong>, o avi\u00e3o foi localizado horas ap\u00f3s o desaparecimento, em uma \u00e1rea de dif\u00edcil acesso na regi\u00e3o do&nbsp;<strong>Catatumbo<\/strong>, entre os munic\u00edpios de&nbsp;<strong>Hacar\u00ed e La Playa de Bel\u00e9n<\/strong>, j\u00e1 sem sinais de vida entre passageiros e tripulantes.<\/p>\n\n\n\n<p>A aeronave, um&nbsp;<strong>Beechcraft 1900<\/strong>, de matr\u00edcula&nbsp;<strong>HK-4709<\/strong>, transportava&nbsp;<strong>13 passageiros e dois tripulantes<\/strong>, entre eles um&nbsp;<strong>parlamentar colombiano<\/strong>, segundo informa\u00e7\u00f5es preliminares. O voo NSE 8849 decolou de&nbsp;<strong>C\u00facuta \u00e0s 11h42<\/strong>&nbsp;e tinha previs\u00e3o de pouso em&nbsp;<strong>Oca\u00f1a \u00e0s 12h05<\/strong>, o que n\u00e3o chegou a acontecer.<\/p>\n\n\n\n<p>O \u00faltimo contato com as torres de controle ocorreu por volta das&nbsp;<strong>11h54<\/strong>, pouco antes do meio-dia. A partir desse momento, as autoridades acionaram protocolos de emerg\u00eancia e iniciaram as buscas a\u00e9reas e terrestres.<\/p>\n\n\n\n<h2 class=\"wp-block-heading\"><strong>Regi\u00e3o do acidente fica pr\u00f3xima ao Norte do Brasil<\/strong><\/h2>\n\n\n\n<p>O local onde o avi\u00e3o caiu est\u00e1 situado no&nbsp;<strong>nordeste da Col\u00f4mbia<\/strong>, \u00e1rea considerada estrat\u00e9gica e sens\u00edvel por sua proximidade com a&nbsp;<strong>Venezuela<\/strong>&nbsp;e relativa proximidade com a regi\u00e3o Norte do Brasil, al\u00e9m de apresentar&nbsp;<strong>geografia montanhosa e cobertura florestal<\/strong>, o que dificultou as opera\u00e7\u00f5es de resgate.<\/p>\n\n\n\n<p>O itiner\u00e1rio completo da aeronave previa sa\u00edda de&nbsp;<strong>Medell\u00edn<\/strong>, com escalas em&nbsp;<strong>Oca\u00f1a, C\u00facuta e Tib\u00fa<\/strong>, antes de retornar ao departamento de Antioquia. Ap\u00f3s o desaparecimento, a Satena&nbsp;<strong>suspendeu todo o circuito previsto para o avi\u00e3o<\/strong>.<\/p>\n\n\n\n<h2 class=\"wp-block-heading\"><strong>Autoridades montam for\u00e7a-tarefa para apura\u00e7\u00e3o<\/strong><\/h2>\n\n\n<style>@media (min-width: 992px) {\n    .recomendadorV2Area1 {\n        width: 280px;\n    }\n    .recomendadorV2Area2 {\n        padding: 0px 20px;\n        width: calc(100% - 280px);\n    }\n}\n\n@media (max-width: 992px) {\n    .recomendadorV2Button {\n        margin: 0 auto;\n    }\n    .recomendadorV2Area {\n        flex-direction: column;\n        text-align: center;\n    }\n    .recomendadorV2Area2 {\n        padding: 0px 20px;\n    }\n}\n\n.recomendadorV2Area {\n    background: #eeeeee3d;\n    border-radius: 10px;\n    padding: 15px;\n    display: flex;\n    margin: 15px auto;\n    border: 1px solid #00000014;\n    max-width: 800px;\n}\n\n.recomendadorV2Area1 img {\n    width: 280px;\n    height: auto;\n    border-radius: 8px;\n}\n\n.linkrecomendadorv2 {\n    text-decoration: none !important;\n}\n\n.recomendadorV2Area2 .recomendadorV2Type {\n    text-transform: uppercase;\n    font-weight: 500;\n    font-size: 11px;\n    letter-spacing: 2px;\n    color: #666;\n    margin: 12px 0;\n    display: block;\n}\n\n.recomendadorV2Title h2 {\n    padding-top: 0px !important;\n    margin: 0px !important;\n    border-left: none !important;\n    padding-left: 0px !important;\n    line-height: 1.3;\n    color: #000 !important;\n    font-size: 24px;\n    margin-bottom: 12px !important;\n}\n\n.recomendadorV2Desc {\n    color: #333;\n    margin: 12px 0px !important;\n    font-size: 15px;\n    line-height: 1.5;\n}\n\n.recomendadorV2Button {\n    width: auto;\n    max-width: 200px;\n    margin: 0;\n    display: inline-flex;\n    align-items: center;\n    background: #1D3557;\n    border-radius: 8px;\n    color: #fff;\n    height: 36px;\n    justify-content: center;\n    text-align: center;\n    font-size: 14px;\n    padding: 0 20px;\n    transition: background-color 0.2s ease;\n}\n\n.recomendadorV2Button:hover {\n    background: #2a4d7a;\n}\n\n.recomendadorV2Button:after {\n    margin-top: -2px;\n    content: \"\u2192\";\n    padding: 0px 0px 0px 8px;\n}\n\n.recomendadorV2Alert {\n    text-align: left;\n    font-size: 11px;\n    margin-top: 8px;\n    color: #666;\n}\n\n.recomendadorFixedArea {\n    width: 100%;\n    display: flex;\n    justify-content: center;\n    align-items: center;\n}\n\n@media (min-width: 992px) {\n    #recomendadorFixed {\n        width: 32% !important;\n        left: 5%;\n    }\n    .recomendadorCloseFixed{\n        right: inherit !important;\n        left: 378px !important;\n    }\n}\n\n#recomendadorFixed {\n    width: 90%;\n    box-shadow: 0 10px 20px 0px #00000057;\n    display: none;\n    height: 90px;\n    background: #F6F6F6;\n    position: fixed;\n    flex-direction: row;\n    bottom: 10px;\n    z-index: 9999;\n    border-radius: 16px;\n    padding: 7px 10px;\n}\n\n.recomendadorLeftArea {\n    width: 160px;\n}\n\n.recomendadorRightArea h2 {\n    padding-top: 0px;\n    margin: 2px 0px 4px 0px !important;\n    font-weight: 400;\n    text-align: center;\n    padding-left: 0px !important;\n    color: #000 !important;\n    border-left: none !important;\n    line-height: 20px;\n    font-size: 12px !important;\n}\n\n.recomendadorImgFixed {\n    overflow: hidden;\n    padding: 8px 6px;\n    height: 100%;\n}\n\n.recomendadorImgFixed img {\n    height: 100% !important;\n    border-radius: 16px;\n}\n\n.recomendadorRightArea {\n    padding-top: 6px;\n    display: flex;\n    width: calc(100% - 130px);\n    justify-content: space-between;\n    align-items: center;\n    flex-direction: column;\n}\n\n.recomendadorButtonFixed {\n    margin: 0 auto;\n    background: #1D3557;\n    width: 80%;\n    text-align: center;\n    font-size: 10px;\n    color: #FFF;\n    padding: 2px 10px;\n    border-radius: 3px;\n}\n\n.recomendadorButtonFixed:after {\n    margin-top: -3px;\n    content: \"\u2192\";\n    padding: 0px 0px 0px 10px;\n}\n\n.recomendadorAlertFixed {\n    font-weight: 400;\n    text-align: center;\n    color: #484848;\n    font-size: 8px;\n}\n\n.recomendadorCloseFixed {\n    z-index: 99999;\n    display: none;\n    right: 0px;\n    left: inherit;\n    bottom: 99px;\n    position: fixed;\n    justify-content: center;\n    background: #F6F6F6;\n    width: 25px;\n    align-items: center;\n    height: 25px;\n    font-weight: 800;\n    border-radius: 50%;\n    border: 1px solid #EBEBEB;\n}\n\n.recomendadorV2Desc{\n    color: #000000;\n    margin: 20px 0px;\n}\n\n@media (max-width: 576px) {\n    .recomendadorV2Area {\n      padding: 10px;\n      max-width: 100%;\n    }\n  \n    .recomendadorV2Area1 img {\n      width: 100%;\n      border-radius: 6px;\n    }\n  \n    .recomendadorV2Area2 .recomendadorV2Type {\n      font-size: 9px;\n      letter-spacing: 1px;\n      margin: 8px 0;\n    }\n  \n    .recomendadorV2Title h2 {\n      font-size: 18px !important;\n      margin-bottom: 8px !important;\n      line-height: 1.2;\n    }\n  \n    .recomendadorV2Desc {\n      font-size: 14px;\n      margin: 8px 0 !important;\n      line-height: 1.4;\n    }\n  \n    .recomendadorV2Button {\n      font-size: 14px;\n      height: 40px;\n      padding: 0 12px;\n      max-width: 100%;\n      width: 100%;\n    }\n  \n    .recomendadorV2Button:after {\n      padding-left: 6px;\n    }\n  }\n  <\/style>\n        <div class=\"lazyblock-recomendador-v2-2jDGz wp-block-lazyblock-recomendador-v2\">\n        <a class=\"linkrecomendadorv2\" href=\"https:\/\/diariodocomercio.com.br\/mix\/onca-mais-famosa-da-america-do-sul-aparece-com-2-novos-filhotes-muito-perto-do-brasil\/?utm_source=lazy\">\n            <div class=\"recomendadorV2Area\">\n            <div class=\"recomendadorV2Area1\">\n                <div class=\"recomendadorV2Img\">\n                <img class=\"lazyloaded\" decoding=\"async\" src=\"https:\/\/diariodocomercio.com.br\/mix\/wp-content\/uploads\/2026\/01\/image-315-750x375.jpg\" data-src=\"https:\/\/diariodocomercio.com.br\/mix\/wp-content\/uploads\/2026\/01\/image-315-750x375.jpg\" alt=\"\">\n                <\/div>\n            <\/div>\n            <div class=\"recomendadorV2Area2\">\n                <div class=\"recomendadorV2Type\">\n                    <span>Vida selvagem<\/span>\n                <\/div>\n                <div class=\"recomendadorV2Title\">\n                <h2><span>On\u00e7a famosa \ud83d\udc06<\/span><\/h2>\n                <\/div>\n                <div class=\"recomendadorV2Desc\">\n                <span>Felinos raros surgem perto do Brasil<\/span>\n                <\/div>\n                <div class=\"recomendadorV2Button\">Veja agora<\/div>\n                <div class=\"recomendadorV2Alert\"><\/div>\n            <\/div>\n            <\/div>\n        <\/a>\n        <div>\n            <div style=\"z-index:99999;\" id=\"buttonClose\" onclick=\"closeRecomendadorFixed()\">\n            <div class=\"recomendadorCloseFixed\">X<\/div>\n            <\/div>\n            <a href=\"https:\/\/diariodocomercio.com.br\/mix\/onca-mais-famosa-da-america-do-sul-aparece-com-2-novos-filhotes-muito-perto-do-brasil\/?utm_source=lazy\">\n            <div class=\"recomendadorFixedArea\">\n                <div id=\"recomendadorFixed\">\n                <div class=\"recomendadorLeftArea\">\n                    <div class=\"recomendadorImgFixed\">\n                    <img class=\"lazyload\" decoding=\"async\" src=\"https:\/\/diariodocomercio.com.br\/mix\/wp-content\/uploads\/2026\/01\/image-315-750x375.jpg\" alt=\"\">\n                    <\/div>\n                <\/div>\n                <div class=\"recomendadorRightArea\">\n                    <div class=\"recomendadorTitleFixed\">\n                    <h2><span>On\u00e7a famosa \ud83d\udc06<\/span><\/h2>\n                    <\/div>\n                    <div class=\"recomendadorButtonFixed\">Veja agora<\/div>\n                    <div class=\"recomendadorAlertFixed\"><\/div>\n                <\/div>\n                <\/div>\n            <\/div>\n            <\/a>\n        <\/div>\n        <\/div>\n\n\n\n<p>Em nota oficial, a Satena informou que&nbsp;<strong>todos os recursos dispon\u00edveis foram mobilizados<\/strong>, em articula\u00e7\u00e3o com a&nbsp;<strong>For\u00e7a Aeroespacial Colombiana<\/strong>&nbsp;e a&nbsp;<strong>Dire\u00e7\u00e3o T\u00e9cnica de Investiga\u00e7\u00e3o de Acidentes<\/strong>&nbsp;da Aeron\u00e1utica Civil.<\/p>\n\n\n\n<p>A ministra dos Transportes da Col\u00f4mbia,&nbsp;<strong>Mar\u00eda Fernanda Rojas<\/strong>, anunciou a instala\u00e7\u00e3o de um&nbsp;<strong>Posto de Comando Unificado (PMU)<\/strong>&nbsp;para coordenar as a\u00e7\u00f5es e a coleta de informa\u00e7\u00f5es sobre as causas do acidente. Autoridades locais de Oca\u00f1a tamb\u00e9m ativaram o&nbsp;<strong>Conselho Municipal de Gest\u00e3o do Risco de Desastres<\/strong>.<\/p>\n\n\n\n<p>Um canal telef\u00f4nico foi disponibilizado pela companhia a\u00e9rea para prestar informa\u00e7\u00f5es \u00e0s fam\u00edlias das v\u00edtimas.<\/p>\n","protected":false},"excerpt":{"rendered":"<p>Um&nbsp;avi\u00e3o comercial com 15 pessoas a bordo caiu na Col\u00f4mbia, pa\u00eds pr\u00f3ximo \u00e0 fronteira com o Norte do Brasil, e&nbsp;n\u00e3o deixou sobreviventes, segundo confirmaram autoridades aeron\u00e1uticas colombianas. A aeronave, operada pela companhia estatal&nbsp;Satena, havia desaparecido do radar na manh\u00e3 de quarta-feira (28) durante um voo regional entre&nbsp;C\u00facuta e Oca\u00f1a, no departamento de Norte de Santander. [&hellip;]<\/p>\n","protected":false},"author":9,"featured_media":33772,"comment_status":"closed","ping_status":"closed","sticky":false,"template":"","format":"standard","meta":{"jnews-multi-image_gallery":[],"jnews_single_post":{"format":"standard"},"jnews_primary_category":[],"jnews_social_meta":[],"jnews_override_counter":[],"jnews_post_split":[],"footnotes":""},"categories":[1],"tags":[],"class_list":["post-33769","post","type-post","status-publish","format-standard","has-post-thumbnail","hentry","category-geral"],"_referencia":"","_links":{"self":[{"href":"https:\/\/diariodocomercio.com.br\/mix\/wp-json\/wp\/v2\/posts\/33769","targetHints":{"allow":["GET"]}}],"collection":[{"href":"https:\/\/diariodocomercio.com.br\/mix\/wp-json\/wp\/v2\/posts"}],"about":[{"href":"https:\/\/diariodocomercio.com.br\/mix\/wp-json\/wp\/v2\/types\/post"}],"author":[{"embeddable":true,"href":"https:\/\/diariodocomercio.com.br\/mix\/wp-json\/wp\/v2\/users\/9"}],"replies":[{"embeddable":true,"href":"https:\/\/diariodocomercio.com.br\/mix\/wp-json\/wp\/v2\/comments?post=33769"}],"version-history":[{"count":2,"href":"https:\/\/diariodocomercio.com.br\/mix\/wp-json\/wp\/v2\/posts\/33769\/revisions"}],"predecessor-version":[{"id":33878,"href":"https:\/\/diariodocomercio.com.br\/mix\/wp-json\/wp\/v2\/posts\/33769\/revisions\/33878"}],"wp:featuredmedia":[{"embeddable":true,"href":"https:\/\/diariodocomercio.com.br\/mix\/wp-json\/wp\/v2\/media\/33772"}],"wp:attachment":[{"href":"https:\/\/diariodocomercio.com.br\/mix\/wp-json\/wp\/v2\/media?parent=33769"}],"wp:term":[{"taxonomy":"category","embeddable":true,"href":"https:\/\/diariodocomercio.com.br\/mix\/wp-json\/wp\/v2\/categories?post=33769"},{"taxonomy":"post_tag","embeddable":true,"href":"https:\/\/diariodocomercio.com.br\/mix\/wp-json\/wp\/v2\/tags?post=33769"}],"curies":[{"name":"wp","href":"https:\/\/api.w.org\/{rel}","templated":true}]}}