{"id":33774,"date":"2026-01-29T11:18:56","date_gmt":"2026-01-29T14:18:56","guid":{"rendered":"https:\/\/diariodocomercio.com.br\/mix\/?p=33774"},"modified":"2026-01-29T17:07:12","modified_gmt":"2026-01-29T20:07:12","slug":"ar-condicionado-ligado-pode-dobrar-o-consumo-de-gasolina-revela-especialista","status":"publish","type":"post","link":"https:\/\/diariodocomercio.com.br\/mix\/ar-condicionado-ligado-pode-dobrar-o-consumo-de-gasolina-revela-especialista\/","title":{"rendered":"Ar-condicionado ligado pode dobrar o consumo de gasolina, revela especialista"},"content":{"rendered":"\n<p>Em um pa\u00eds de clima predominantemente quente como o Brasil, dirigir sem ar-condicionado muitas vezes deixa de ser apenas desconfort\u00e1vel e passa a ser um risco \u00e0 seguran\u00e7a. Ainda assim, sempre que o pre\u00e7o da gasolina sobe, a velha frase volta \u00e0 tona:\u00a0<em>\u201cdesliga o ar que economiza combust\u00edvel\u201d<\/em>. Um v\u00eddeo recente publicado no Instagram pelo perfil\u00a0<strong>Doutor-IE Intelig\u00eancia Automotiva<\/strong>\u00a0trouxe essa discuss\u00e3o ao mostrar que, em um teste pr\u00e1tico, o consumo\u00a0<strong>chegou a dobrar<\/strong> com o ar-condicionado ligado.<\/p>\n\n\n\n<p>O pr\u00f3prio especialista ressalta, por\u00e9m, que o resultado&nbsp;<strong>se refere exclusivamente ao carro testado<\/strong>, um&nbsp;<strong>Renault Kwid<\/strong>, e n\u00e3o pode ser generalizado para toda a frota nacional.<\/p>\n\n\n\n<p>A explica\u00e7\u00e3o est\u00e1 na mec\u00e2nica. Diferentemente de outros sistemas eletr\u00f4nicos do ve\u00edculo, o&nbsp;<strong>compressor do ar-condicionado \u00e9 acionado diretamente pelo motor<\/strong>, por meio da correia de acess\u00f3rios. Ao ligar o bot\u00e3o \u201cA\/C\u201d, o motor passa a ter uma tarefa extra: al\u00e9m de movimentar o carro, precisa gerar for\u00e7a suficiente para manter o compressor em funcionamento.<\/p>\n\n\n\n<p>Esse esfor\u00e7o adicional exige mais energia \u2014 e essa energia vem da&nbsp;<strong>queima de combust\u00edvel<\/strong>. Ou seja, n\u00e3o h\u00e1 milagre: ar-condicionado ligado, consumo maior.<\/p>\n\n\n\n<blockquote class=\"instagram-media\" data-instgrm-captioned data-instgrm-permalink=\"https:\/\/www.instagram.com\/reel\/DT7mUtKjQu2\/?utm_source=ig_embed&amp;utm_campaign=loading\" data-instgrm-version=\"14\" style=\"background:#FFF;border:0;border-radius:3px;margin: 1px;max-width:540px;min-width:326px;padding:0;width:99.375%;width:-webkit-calc(100% - 2px);width:calc(100% - 2px)\"><div style=\"padding:16px\"> <a href=\"https:\/\/www.instagram.com\/reel\/DT7mUtKjQu2\/?utm_source=ig_embed&amp;utm_campaign=loading\" style=\"background:#FFFFFF;line-height:0;padding:0 0;text-align:center;text-decoration:none;width:100%\" target=\"_blank\" rel=\"noopener\"> <div style=\"flex-direction: row;align-items: center\"> <div style=\"background-color: #F4F4F4;border-radius: 50%;flex-grow: 0;height: 40px;margin-right: 14px;width: 40px\"><\/div> <div style=\"flex-direction: column;flex-grow: 1;justify-content: center\"> <div style=\"background-color: #F4F4F4;border-radius: 4px;flex-grow: 0;height: 14px;margin-bottom: 6px;width: 100px\"><\/div> <div style=\"background-color: #F4F4F4;border-radius: 4px;flex-grow: 0;height: 14px;width: 60px\"><\/div><\/div><\/div><div style=\"padding: 19% 0\"><\/div> <div style=\"height:50px;margin:0 auto 12px;width:50px\"><\/div><div style=\"padding-top: 8px\"> <div style=\"color:#3897f0;font-family:Arial,sans-serif;font-size:14px;font-style:normal;font-weight:550;line-height:18px\">Ver essa foto no Instagram<\/div><\/div><div style=\"padding: 12.5% 0\"><\/div> <div style=\"flex-direction: row;margin-bottom: 14px;align-items: center\"><div> <div style=\"background-color: #F4F4F4;border-radius: 50%;height: 12.5px;width: 12.5px\"><\/div> <div style=\"background-color: #F4F4F4;height: 12.5px;width: 12.5px;flex-grow: 0;margin-right: 14px;margin-left: 2px\"><\/div> <div style=\"background-color: #F4F4F4;border-radius: 50%;height: 12.5px;width: 12.5px\"><\/div><\/div><div style=\"margin-left: 8px\"> <div style=\"background-color: #F4F4F4;border-radius: 50%;flex-grow: 0;height: 20px;width: 20px\"><\/div> <div style=\"width: 0;height: 0;border-top: 2px solid transparent;border-left: 6px solid #f4f4f4;border-bottom: 2px solid transparent\"><\/div><\/div><div style=\"margin-left: auto\"> <div style=\"width: 0px;border-top: 8px solid #F4F4F4;border-right: 8px solid transparent\"><\/div> <div style=\"background-color: #F4F4F4;flex-grow: 0;height: 12px;width: 16px\"><\/div> <div style=\"width: 0;height: 0;border-top: 8px solid #F4F4F4;border-left: 8px solid transparent\"><\/div><\/div><\/div> <div style=\"flex-direction: column;flex-grow: 1;justify-content: center;margin-bottom: 24px\"> <div style=\"background-color: #F4F4F4;border-radius: 4px;flex-grow: 0;height: 14px;margin-bottom: 6px;width: 224px\"><\/div> <div style=\"background-color: #F4F4F4;border-radius: 4px;flex-grow: 0;height: 14px;width: 144px\"><\/div><\/div><\/a><p style=\"color:#c9c8cd;font-family:Arial,sans-serif;font-size:14px;line-height:17px;margin-bottom:0;margin-top:8px;overflow:hidden;padding:8px 0 7px;text-align:center;white-space:nowrap\"><a href=\"https:\/\/www.instagram.com\/reel\/DT7mUtKjQu2\/?utm_source=ig_embed&amp;utm_campaign=loading\" style=\"color:#c9c8cd;font-family:Arial,sans-serif;font-size:14px;font-style:normal;font-weight:normal;line-height:17px;text-decoration:none\" target=\"_blank\" rel=\"noopener\">Um post compartilhado por Doutor-IE Intelig\u00eancia Autom. (@doutorie)<\/a><\/p><\/div><\/blockquote>\n<script async src=\"\/\/www.instagram.com\/embed.js\"><\/script>\n\n\n\n<h2 class=\"wp-block-heading\"><strong>Dobrar o gasto \u00e9 regra ou exce\u00e7\u00e3o?<\/strong><\/h2>\n\n\n\n<p>De acordo com especialistas do setor automotivo, o resultado apresentado no v\u00eddeo do&nbsp;<strong>Doutor-IE Intelig\u00eancia Automotiva<\/strong>&nbsp;representa um&nbsp;<strong>cen\u00e1rio extremo<\/strong>. Estudos t\u00e9cnicos e testes de mercado indicam que, na maioria dos ve\u00edculos, o uso do ar-condicionado aumenta o consumo de combust\u00edvel entre&nbsp;<strong>5% e 20%<\/strong>, dependendo de fatores como:<\/p>\n\n\n\n<ul class=\"wp-block-list\">\n<li>motoriza\u00e7\u00e3o e cilindrada;<\/li>\n\n\n\n<li>efici\u00eancia do sistema de climatiza\u00e7\u00e3o;<\/li>\n\n\n\n<li>peso do ve\u00edculo;<\/li>\n\n\n\n<li>tipo de trajeto (urbano ou rodovi\u00e1rio);<\/li>\n\n\n\n<li>estado de manuten\u00e7\u00e3o do sistema.<\/li>\n<\/ul>\n\n\n\n<p>Carros com motores menores, como o Kwid testado no v\u00eddeo, tendem a sentir mais o impacto, j\u00e1 que possuem menos pot\u00eancia dispon\u00edvel para lidar com cargas extras.<\/p>\n\n\n\n<h2 class=\"wp-block-heading\"><strong>Cidade x estrada: o consumo muda<\/strong><\/h2>\n\n\n\n<p>No tr\u00e2nsito urbano, onde h\u00e1 paradas frequentes e baixa velocidade, desligar o ar-condicionado pode gerar uma economia que chega a&nbsp;<strong>at\u00e9 10%<\/strong>, especialmente em dias mais amenos. J\u00e1 na estrada, a l\u00f3gica se inverte.<\/p>\n\n\n\n<p>A partir de cerca de&nbsp;<strong>80 km\/h<\/strong>, rodar com os vidros abertos aumenta significativamente o&nbsp;<strong>arrasto aerodin\u00e2mico<\/strong>. O vento entrando no carro funciona como um \u201cparaquedas\u201d, exigindo mais esfor\u00e7o do motor para manter a velocidade. Nessa situa\u00e7\u00e3o,&nbsp;<strong>usar o ar-condicionado com os vidros fechados pode ser mais econ\u00f4mico<\/strong>&nbsp;do que viajar com tudo aberto.<\/p>\n","protected":false},"excerpt":{"rendered":"<p>Em um pa\u00eds de clima predominantemente quente como o Brasil, dirigir sem ar-condicionado muitas vezes deixa de ser apenas desconfort\u00e1vel e passa a ser um risco \u00e0 seguran\u00e7a. Ainda assim, sempre que o pre\u00e7o da gasolina sobe, a velha frase volta \u00e0 tona:\u00a0\u201cdesliga o ar que economiza combust\u00edvel\u201d. Um v\u00eddeo recente publicado no Instagram pelo [&hellip;]<\/p>\n","protected":false},"author":9,"featured_media":11954,"comment_status":"closed","ping_status":"closed","sticky":false,"template":"","format":"standard","meta":{"jnews-multi-image_gallery":[],"jnews_single_post":{"format":"standard","jnews_video_option_group":[[]],"override":[{"template":"2","parallax":"1","fullscreen":"1","layout":"right-sidebar","sidebar":"default-sidebar","second_sidebar":"default-sidebar","sticky_sidebar":"1","share_position":"hide","share_float_style":"share-monocrhome","show_featured":"1","show_post_meta":"1","show_post_author":"1","show_post_date":"1","post_date_format":"default","post_date_format_custom":"Y\/m\/d","show_post_category":"1","show_post_reading_time":"0","post_reading_time_wpm":"300","post_calculate_word_method":"str_word_count","show_zoom_button":"0","zoom_button_out_step":"2","zoom_button_in_step":"3","show_post_tag":"1","show_popup_post":"1","show_comment_section":"1","number_popup_post":"1","show_author_box":"1","show_post_related":"0","show_inline_post_related":"0"}],"image_override":[{"single_post_thumbnail_size":"crop-500","single_post_gallery_size":"crop-500"}],"trending_post_position":"meta","trending_post_label":"Trending","sponsored_post_label":"Sponsored by","disable_ad":"0"},"jnews_primary_category":[],"jnews_social_meta":[],"jnews_override_counter":{"view_counter_number":"0","share_counter_number":"0","like_counter_number":"0","dislike_counter_number":"0"},"jnews_post_split":{"post_split":[{"template":"1","tag":"h2","numbering":"asc","mode":"normal","first":"0","enable_toc":"0","toc_type":"normal"}]},"footnotes":""},"categories":[1],"tags":[],"class_list":["post-33774","post","type-post","status-publish","format-standard","has-post-thumbnail","hentry","category-geral"],"_referencia":"","_links":{"self":[{"href":"https:\/\/diariodocomercio.com.br\/mix\/wp-json\/wp\/v2\/posts\/33774","targetHints":{"allow":["GET"]}}],"collection":[{"href":"https:\/\/diariodocomercio.com.br\/mix\/wp-json\/wp\/v2\/posts"}],"about":[{"href":"https:\/\/diariodocomercio.com.br\/mix\/wp-json\/wp\/v2\/types\/post"}],"author":[{"embeddable":true,"href":"https:\/\/diariodocomercio.com.br\/mix\/wp-json\/wp\/v2\/users\/9"}],"replies":[{"embeddable":true,"href":"https:\/\/diariodocomercio.com.br\/mix\/wp-json\/wp\/v2\/comments?post=33774"}],"version-history":[{"count":2,"href":"https:\/\/diariodocomercio.com.br\/mix\/wp-json\/wp\/v2\/posts\/33774\/revisions"}],"predecessor-version":[{"id":33797,"href":"https:\/\/diariodocomercio.com.br\/mix\/wp-json\/wp\/v2\/posts\/33774\/revisions\/33797"}],"wp:featuredmedia":[{"embeddable":true,"href":"https:\/\/diariodocomercio.com.br\/mix\/wp-json\/wp\/v2\/media\/11954"}],"wp:attachment":[{"href":"https:\/\/diariodocomercio.com.br\/mix\/wp-json\/wp\/v2\/media?parent=33774"}],"wp:term":[{"taxonomy":"category","embeddable":true,"href":"https:\/\/diariodocomercio.com.br\/mix\/wp-json\/wp\/v2\/categories?post=33774"},{"taxonomy":"post_tag","embeddable":true,"href":"https:\/\/diariodocomercio.com.br\/mix\/wp-json\/wp\/v2\/tags?post=33774"}],"curies":[{"name":"wp","href":"https:\/\/api.w.org\/{rel}","templated":true}]}}