{"id":33779,"date":"2026-01-29T11:34:12","date_gmt":"2026-01-29T14:34:12","guid":{"rendered":"https:\/\/diariodocomercio.com.br\/mix\/?p=33779"},"modified":"2026-01-29T16:59:59","modified_gmt":"2026-01-29T19:59:59","slug":"brasileira-descobre-a-cura-para-doenca-irreversivel-e-deve-ganhar-o-nobel-de-medicina","status":"publish","type":"post","link":"https:\/\/diariodocomercio.com.br\/mix\/brasileira-descobre-a-cura-para-doenca-irreversivel-e-deve-ganhar-o-nobel-de-medicina\/","title":{"rendered":"Brasileira descobre a cura para doen\u00e7a irrevers\u00edvel e deve ganhar o Nobel de Medicina"},"content":{"rendered":"\n<p>Les\u00f5es na medula espinhal, historicamente tratadas como irrevers\u00edveis pela medicina, podem estar perto de ganhar um novo cap\u00edtulo. A respons\u00e1vel \u00e9 a cientista brasileira&nbsp;<strong>Tatiana Coelho de Sampaio<\/strong>, professora da Universidade Federal do Rio de Janeiro (UFRJ), que lidera uma pesquisa in\u00e9dita capaz de estimular a regenera\u00e7\u00e3o de neur\u00f4nios danificados. O avan\u00e7o j\u00e1 permitiu que pacientes parapl\u00e9gicos e tetrapl\u00e9gicos recuperassem movimentos, um feito que vem sendo apontado por especialistas e pela comunidade cient\u00edfica como&nbsp;<strong>potencial candidato ao Pr\u00eamio Nobel de Medicina<\/strong>.<\/p>\n\n\n\n<p>Ap\u00f3s quase tr\u00eas d\u00e9cadas de estudos, Tatiana coordenou o desenvolvimento da&nbsp;<strong>polilaminina<\/strong>, uma prote\u00edna experimental que atua diretamente no local da les\u00e3o medular e funciona como uma esp\u00e9cie de \u201ccola biol\u00f3gica\u201d, favorecendo a reconex\u00e3o dos neur\u00f4nios rompidos.<\/p>\n\n\n\n<p>A polilaminina \u00e9 uma mol\u00e9cula baseada em prote\u00ednas extra\u00eddas da placenta humana, que desempenham papel fundamental no desenvolvimento do sistema nervoso. Aplicada por meio de inje\u00e7\u00e3o diretamente na regi\u00e3o lesionada da medula espinhal, a subst\u00e2ncia cria um ambiente favor\u00e1vel para o crescimento dos ax\u00f4nios e a reconstru\u00e7\u00e3o dos circuitos nervosos.<\/p>\n\n\n<div class=\"wp-block-image\">\n<figure class=\"aligncenter size-full\"><img decoding=\"async\" width=\"800\" height=\"560\" src=\"https:\/\/diariodocomercio.com.br\/mix\/wp-content\/uploads\/2026\/01\/image-313.png\" alt=\"\" class=\"wp-image-33785\" srcset=\"https:\/\/diariodocomercio.com.br\/mix\/wp-content\/uploads\/2026\/01\/image-313.png 800w, https:\/\/diariodocomercio.com.br\/mix\/wp-content\/uploads\/2026\/01\/image-313-300x210.png 300w, https:\/\/diariodocomercio.com.br\/mix\/wp-content\/uploads\/2026\/01\/image-313-768x538.png 768w, https:\/\/diariodocomercio.com.br\/mix\/wp-content\/uploads\/2026\/01\/image-313-150x105.png 150w, https:\/\/diariodocomercio.com.br\/mix\/wp-content\/uploads\/2026\/01\/image-313-750x525.png 750w\" sizes=\"(max-width: 800px) 100vw, 800px\" \/><figcaption class=\"wp-element-caption\">Tatiana Sampaio<\/figcaption><\/figure>\n<\/div>\n\n\n<p>O tratamento est\u00e1 sendo desenvolvido em parceria com o laborat\u00f3rio brasileiro&nbsp;<strong>Crist\u00e1lia<\/strong>&nbsp;e j\u00e1 teve a&nbsp;<strong>fase 1 dos testes cl\u00ednicos aprovada pela Anvisa<\/strong>, etapa que avalia a seguran\u00e7a e os primeiros sinais de efic\u00e1cia do m\u00e9todo.<\/p>\n\n\n\n<p>At\u00e9 o momento, pelo menos&nbsp;<strong>16 pacientes brasileiros obtiveram na Justi\u00e7a o direito de receber a aplica\u00e7\u00e3o experimental<\/strong>. Desses, ao menos&nbsp;<strong>cinco apresentaram recupera\u00e7\u00e3o parcial dos movimentos<\/strong>, um resultado considerado in\u00e9dito em casos de les\u00e3o medular grave.<\/p>\n\n\n\n<h2 class=\"wp-block-heading\"><strong>Casos que desafiaram a medicina<\/strong><\/h2>\n\n\n<style>@media (min-width: 992px) {\n    .recomendadorV2Area1 {\n        width: 280px;\n    }\n    .recomendadorV2Area2 {\n        padding: 0px 20px;\n        width: calc(100% - 280px);\n    }\n}\n\n@media (max-width: 992px) {\n    .recomendadorV2Button {\n        margin: 0 auto;\n    }\n    .recomendadorV2Area {\n        flex-direction: column;\n        text-align: center;\n    }\n    .recomendadorV2Area2 {\n        padding: 0px 20px;\n    }\n}\n\n.recomendadorV2Area {\n    background: #eeeeee3d;\n    border-radius: 10px;\n    padding: 15px;\n    display: flex;\n    margin: 15px auto;\n    border: 1px solid #00000014;\n    max-width: 800px;\n}\n\n.recomendadorV2Area1 img {\n    width: 280px;\n    height: auto;\n    border-radius: 8px;\n}\n\n.linkrecomendadorv2 {\n    text-decoration: none !important;\n}\n\n.recomendadorV2Area2 .recomendadorV2Type {\n    text-transform: uppercase;\n    font-weight: 500;\n    font-size: 11px;\n    letter-spacing: 2px;\n    color: #666;\n    margin: 12px 0;\n    display: block;\n}\n\n.recomendadorV2Title h2 {\n    padding-top: 0px !important;\n    margin: 0px !important;\n    border-left: none !important;\n    padding-left: 0px !important;\n    line-height: 1.3;\n    color: #000 !important;\n    font-size: 24px;\n    margin-bottom: 12px !important;\n}\n\n.recomendadorV2Desc {\n    color: #333;\n    margin: 12px 0px !important;\n    font-size: 15px;\n    line-height: 1.5;\n}\n\n.recomendadorV2Button {\n    width: auto;\n    max-width: 200px;\n    margin: 0;\n    display: inline-flex;\n    align-items: center;\n    background: #1D3557;\n    border-radius: 8px;\n    color: #fff;\n    height: 36px;\n    justify-content: center;\n    text-align: center;\n    font-size: 14px;\n    padding: 0 20px;\n    transition: background-color 0.2s ease;\n}\n\n.recomendadorV2Button:hover {\n    background: #2a4d7a;\n}\n\n.recomendadorV2Button:after {\n    margin-top: -2px;\n    content: \"\u2192\";\n    padding: 0px 0px 0px 8px;\n}\n\n.recomendadorV2Alert {\n    text-align: left;\n    font-size: 11px;\n    margin-top: 8px;\n    color: #666;\n}\n\n.recomendadorFixedArea {\n    width: 100%;\n    display: flex;\n    justify-content: center;\n    align-items: center;\n}\n\n@media (min-width: 992px) {\n    #recomendadorFixed {\n        width: 32% !important;\n        left: 5%;\n    }\n    .recomendadorCloseFixed{\n        right: inherit !important;\n        left: 378px !important;\n    }\n}\n\n#recomendadorFixed {\n    width: 90%;\n    box-shadow: 0 10px 20px 0px #00000057;\n    display: none;\n    height: 90px;\n    background: #F6F6F6;\n    position: fixed;\n    flex-direction: row;\n    bottom: 10px;\n    z-index: 9999;\n    border-radius: 16px;\n    padding: 7px 10px;\n}\n\n.recomendadorLeftArea {\n    width: 160px;\n}\n\n.recomendadorRightArea h2 {\n    padding-top: 0px;\n    margin: 2px 0px 4px 0px !important;\n    font-weight: 400;\n    text-align: center;\n    padding-left: 0px !important;\n    color: #000 !important;\n    border-left: none !important;\n    line-height: 20px;\n    font-size: 12px !important;\n}\n\n.recomendadorImgFixed {\n    overflow: hidden;\n    padding: 8px 6px;\n    height: 100%;\n}\n\n.recomendadorImgFixed img {\n    height: 100% !important;\n    border-radius: 16px;\n}\n\n.recomendadorRightArea {\n    padding-top: 6px;\n    display: flex;\n    width: calc(100% - 130px);\n    justify-content: space-between;\n    align-items: center;\n    flex-direction: column;\n}\n\n.recomendadorButtonFixed {\n    margin: 0 auto;\n    background: #1D3557;\n    width: 80%;\n    text-align: center;\n    font-size: 10px;\n    color: #FFF;\n    padding: 2px 10px;\n    border-radius: 3px;\n}\n\n.recomendadorButtonFixed:after {\n    margin-top: -3px;\n    content: \"\u2192\";\n    padding: 0px 0px 0px 10px;\n}\n\n.recomendadorAlertFixed {\n    font-weight: 400;\n    text-align: center;\n    color: #484848;\n    font-size: 8px;\n}\n\n.recomendadorCloseFixed {\n    z-index: 99999;\n    display: none;\n    right: 0px;\n    left: inherit;\n    bottom: 99px;\n    position: fixed;\n    justify-content: center;\n    background: #F6F6F6;\n    width: 25px;\n    align-items: center;\n    height: 25px;\n    font-weight: 800;\n    border-radius: 50%;\n    border: 1px solid #EBEBEB;\n}\n\n.recomendadorV2Desc{\n    color: #000000;\n    margin: 20px 0px;\n}\n\n@media (max-width: 576px) {\n    .recomendadorV2Area {\n      padding: 10px;\n      max-width: 100%;\n    }\n  \n    .recomendadorV2Area1 img {\n      width: 100%;\n      border-radius: 6px;\n    }\n  \n    .recomendadorV2Area2 .recomendadorV2Type {\n      font-size: 9px;\n      letter-spacing: 1px;\n      margin: 8px 0;\n    }\n  \n    .recomendadorV2Title h2 {\n      font-size: 18px !important;\n      margin-bottom: 8px !important;\n      line-height: 1.2;\n    }\n  \n    .recomendadorV2Desc {\n      font-size: 14px;\n      margin: 8px 0 !important;\n      line-height: 1.4;\n    }\n  \n    .recomendadorV2Button {\n      font-size: 14px;\n      height: 40px;\n      padding: 0 12px;\n      max-width: 100%;\n      width: 100%;\n    }\n  \n    .recomendadorV2Button:after {\n      padding-left: 6px;\n    }\n  }\n  <\/style>\n        <div class=\"lazyblock-recomendador-v2-2jDGz wp-block-lazyblock-recomendador-v2\">\n        <a class=\"linkrecomendadorv2\" href=\"https:\/\/diariodocomercio.com.br\/mix\/quem-tem-depressao-pode-receber-auxilio-de-ate-r-8-47555-sem-precisar-trabalhar\/?utm_source=lazy\">\n            <div class=\"recomendadorV2Area\">\n            <div class=\"recomendadorV2Area1\">\n                <div class=\"recomendadorV2Img\">\n                <img class=\"lazyloaded\" decoding=\"async\" src=\"https:\/\/diariodocomercio.com.br\/mix\/wp-content\/uploads\/2025\/06\/20072011_dinheirobancousp003-810x540-1-750x375.jpg\" data-src=\"https:\/\/diariodocomercio.com.br\/mix\/wp-content\/uploads\/2025\/06\/20072011_dinheirobancousp003-810x540-1-750x375.jpg\" alt=\"\">\n                <\/div>\n            <\/div>\n            <div class=\"recomendadorV2Area2\">\n                <div class=\"recomendadorV2Type\">\n                    <span>Direitos &amp; Benef\u00edcios<\/span>\n                <\/div>\n                <div class=\"recomendadorV2Title\">\n                <h2><span>Aux\u00edlio para quem tem depress\u00e3o \ud83d\udc99<\/span><\/h2>\n                <\/div>\n                <div class=\"recomendadorV2Desc\">\n                <span>Benef\u00edcio pode chegar a R$ 8.475 sem necessidade de trabalho<\/span>\n                <\/div>\n                <div class=\"recomendadorV2Button\">Veja quem tem direito<\/div>\n                <div class=\"recomendadorV2Alert\"><\/div>\n            <\/div>\n            <\/div>\n        <\/a>\n        <div>\n            <div style=\"z-index:99999;\" id=\"buttonClose\" onclick=\"closeRecomendadorFixed()\">\n            <div class=\"recomendadorCloseFixed\">X<\/div>\n            <\/div>\n            <a href=\"https:\/\/diariodocomercio.com.br\/mix\/quem-tem-depressao-pode-receber-auxilio-de-ate-r-8-47555-sem-precisar-trabalhar\/?utm_source=lazy\">\n            <div class=\"recomendadorFixedArea\">\n                <div id=\"recomendadorFixed\">\n                <div class=\"recomendadorLeftArea\">\n                    <div class=\"recomendadorImgFixed\">\n                    <img class=\"lazyload\" decoding=\"async\" src=\"https:\/\/diariodocomercio.com.br\/mix\/wp-content\/uploads\/2025\/06\/20072011_dinheirobancousp003-810x540-1-750x375.jpg\" alt=\"\">\n                    <\/div>\n                <\/div>\n                <div class=\"recomendadorRightArea\">\n                    <div class=\"recomendadorTitleFixed\">\n                    <h2><span>Aux\u00edlio para quem tem depress\u00e3o \ud83d\udc99<\/span><\/h2>\n                    <\/div>\n                    <div class=\"recomendadorButtonFixed\">Veja quem tem direito<\/div>\n                    <div class=\"recomendadorAlertFixed\"><\/div>\n                <\/div>\n                <\/div>\n            <\/div>\n            <\/a>\n        <\/div>\n        <\/div>\n\n\n\n<p>O primeiro paciente tratado foi&nbsp;<strong>Luiz Fernando Mozer<\/strong>, de 37 anos, que ficou tetrapl\u00e9gico ap\u00f3s um acidente durante uma apresenta\u00e7\u00e3o de motocross no Esp\u00edrito Santo. Menos de 48 horas ap\u00f3s a aplica\u00e7\u00e3o da polilaminina, ele relatou retorno da sensibilidade e conseguiu contrair m\u00fasculos das coxas e da regi\u00e3o anal.<\/p>\n\n\n\n<p>Outro caso \u00e9 o de um homem de 35 anos que sofreu uma queda de moto e voltou a apresentar movimentos no p\u00e9 e sensibilidade nas pernas. J\u00e1&nbsp;<strong>Bruno Drummond de Freitas<\/strong>, de 31 anos, diagnosticado com tetraplegia, conseguiu voltar a andar ap\u00f3s o tratamento. Tamb\u00e9m apresentaram melhora&nbsp;<strong>Diogo Barros Brollo<\/strong>, de 35 anos, e um jovem de 24 anos que sofreu um acidente em uma cachoeira no Esp\u00edrito Santo.<\/p>\n\n\n\n<p>Todos os procedimentos foram realizados sob coordena\u00e7\u00e3o m\u00e9dica especializada, incluindo o neurocirurgi\u00e3o&nbsp;<strong>Bruno Alexandre C\u00f4rtes<\/strong>, do Hospital Municipal Souza Aguiar, no Rio de Janeiro.<\/p>\n\n\n\n<h2 class=\"wp-block-heading\"><strong>Uma cientista fora dos holofotes<\/strong><\/h2>\n\n\n\n<p>Apesar da repercuss\u00e3o mundial da pesquisa, Tatiana Coelho de Sampaio mant\u00e9m um perfil discreto. Aos 59 anos, m\u00e3e de dois filhos e respons\u00e1vel por acolher em casa uma jovem \u00f3rf\u00e3 do Maranh\u00e3o, a cientista afirma dormir cerca de seis horas por noite e n\u00e3o ter redes sociais.<\/p>\n\n\n\n<p>\u201cPrefiro a vida real. Viver sempre ser\u00e1 minha primeira op\u00e7\u00e3o\u201d, declarou ao comentar sua decis\u00e3o de se manter distante do ambiente digital.<\/p>\n\n\n\n<p>A descoberta da polilaminina \u00e9 considerada por especialistas uma das&nbsp;<strong>maiores inova\u00e7\u00f5es da medicina brasileira nas \u00faltimas d\u00e9cadas<\/strong>. Ao devolver movimentos e esperan\u00e7a a pacientes antes condenados \u00e0 paralisia permanente, a pesquisa coloca o Brasil no centro de um debate cient\u00edfico global sobre regenera\u00e7\u00e3o neural.<\/p>\n","protected":false},"excerpt":{"rendered":"<p>Les\u00f5es na medula espinhal, historicamente tratadas como irrevers\u00edveis pela medicina, podem estar perto de ganhar um novo cap\u00edtulo. A respons\u00e1vel \u00e9 a cientista brasileira&nbsp;Tatiana Coelho de Sampaio, professora da Universidade Federal do Rio de Janeiro (UFRJ), que lidera uma pesquisa in\u00e9dita capaz de estimular a regenera\u00e7\u00e3o de neur\u00f4nios danificados. O avan\u00e7o j\u00e1 permitiu que pacientes [&hellip;]<\/p>\n","protected":false},"author":9,"featured_media":33787,"comment_status":"closed","ping_status":"closed","sticky":false,"template":"","format":"standard","meta":{"jnews-multi-image_gallery":[],"jnews_single_post":{"format":"standard"},"jnews_primary_category":[],"jnews_social_meta":[],"jnews_override_counter":[],"jnews_post_split":[],"footnotes":""},"categories":[1],"tags":[],"class_list":["post-33779","post","type-post","status-publish","format-standard","has-post-thumbnail","hentry","category-geral"],"_referencia":"","_links":{"self":[{"href":"https:\/\/diariodocomercio.com.br\/mix\/wp-json\/wp\/v2\/posts\/33779","targetHints":{"allow":["GET"]}}],"collection":[{"href":"https:\/\/diariodocomercio.com.br\/mix\/wp-json\/wp\/v2\/posts"}],"about":[{"href":"https:\/\/diariodocomercio.com.br\/mix\/wp-json\/wp\/v2\/types\/post"}],"author":[{"embeddable":true,"href":"https:\/\/diariodocomercio.com.br\/mix\/wp-json\/wp\/v2\/users\/9"}],"replies":[{"embeddable":true,"href":"https:\/\/diariodocomercio.com.br\/mix\/wp-json\/wp\/v2\/comments?post=33779"}],"version-history":[{"count":2,"href":"https:\/\/diariodocomercio.com.br\/mix\/wp-json\/wp\/v2\/posts\/33779\/revisions"}],"predecessor-version":[{"id":33868,"href":"https:\/\/diariodocomercio.com.br\/mix\/wp-json\/wp\/v2\/posts\/33779\/revisions\/33868"}],"wp:featuredmedia":[{"embeddable":true,"href":"https:\/\/diariodocomercio.com.br\/mix\/wp-json\/wp\/v2\/media\/33787"}],"wp:attachment":[{"href":"https:\/\/diariodocomercio.com.br\/mix\/wp-json\/wp\/v2\/media?parent=33779"}],"wp:term":[{"taxonomy":"category","embeddable":true,"href":"https:\/\/diariodocomercio.com.br\/mix\/wp-json\/wp\/v2\/categories?post=33779"},{"taxonomy":"post_tag","embeddable":true,"href":"https:\/\/diariodocomercio.com.br\/mix\/wp-json\/wp\/v2\/tags?post=33779"}],"curies":[{"name":"wp","href":"https:\/\/api.w.org\/{rel}","templated":true}]}}