{"id":3378,"date":"2025-02-28T16:33:09","date_gmt":"2025-02-28T19:33:09","guid":{"rendered":"https:\/\/diariodocomercio.com.br\/mix\/?p=3378"},"modified":"2025-02-28T16:33:11","modified_gmt":"2025-02-28T19:33:11","slug":"saque-do-fgts-saque-aniversario-quanto-posso-sacar-porcentagem-e-calendario","status":"publish","type":"post","link":"https:\/\/diariodocomercio.com.br\/mix\/saque-do-fgts-saque-aniversario-quanto-posso-sacar-porcentagem-e-calendario\/","title":{"rendered":"Saque do FGTS saque-anivers\u00e1rio: quanto posso sacar, porcentagem e calend\u00e1rio"},"content":{"rendered":"\n<p>O Saque-Anivers\u00e1rio \u00e9 uma modalidade do FGTS (Fundo de Garantia do Tempo de Servi\u00e7o) que surgiu como uma forma alternativa para que os contribuintes de carteira assinada tivessem acesso a uma porcentagem do saldo dispon\u00edvel em suas contas, durante o m\u00eas de nascimento.&nbsp;<\/p>\n\n\n\n<p>A modalidade \u00e9 opcional e, caso o trabalhador n\u00e3o queira o saque-anivers\u00e1rio, o dinheiro continuar\u00e1 no sistema e poder\u00e1 ser sacado em outro momento. Para aderir ao benef\u00edcio, \u00e9 poss\u00edvel fazer a solicita\u00e7\u00e3o pelo aplicativo FGTS, internet banking da Caixa Econ\u00f4mica Federal ou ag\u00eancias da Caixa.&nbsp;<\/p>\n\n\n\n \n \t\n<style>@media (min-width: 992px) {\n    .recomendadorV2Area1 {\n        width: 280px;\n    }\n    .recomendadorV2Area2 {\n        padding: 0px 20px;\n        width: calc(100% - 280px);\n    }\n}\n\n@media (max-width: 992px) {\n    .recomendadorV2Button {\n        margin: 0 auto;\n    }\n    .recomendadorV2Area {\n        flex-direction: column;\n        text-align: center;\n    }\n    .recomendadorV2Area2 {\n        padding: 0px 20px;\n    }\n}\n\n.recomendadorV2Area {\n    background: #eeeeee3d;\n    border-radius: 10px;\n    padding: 15px;\n    display: flex;\n    margin: 15px auto;\n    border: 1px solid #00000014;\n    max-width: 800px;\n}\n\n.recomendadorV2Area1 img {\n    width: 280px;\n    height: auto;\n    border-radius: 8px;\n}\n\n.linkrecomendadorv2 {\n    text-decoration: none !important;\n}\n\n.recomendadorV2Area2 .recomendadorV2Type {\n    text-transform: uppercase;\n    font-weight: 500;\n    font-size: 11px;\n    letter-spacing: 2px;\n    color: #666;\n    margin: 12px 0;\n    display: block;\n}\n\n.recomendadorV2Title h2 {\n    padding-top: 0px !important;\n    margin: 0px !important;\n    border-left: none !important;\n    padding-left: 0px !important;\n    line-height: 1.3;\n    color: #000 !important;\n    font-size: 24px;\n    margin-bottom: 12px !important;\n}\n\n.recomendadorV2Desc {\n    color: #333;\n    margin: 12px 0px !important;\n    font-size: 15px;\n    line-height: 1.5;\n}\n\n.recomendadorV2Button {\n    width: auto;\n    max-width: 200px;\n    margin: 0;\n    display: inline-flex;\n    align-items: center;\n    background: #1D3557;\n    border-radius: 8px;\n    color: #fff;\n    height: 36px;\n    justify-content: center;\n    text-align: center;\n    font-size: 14px;\n    padding: 0 20px;\n    transition: background-color 0.2s ease;\n}\n\n.recomendadorV2Button:hover {\n    background: #2a4d7a;\n}\n\n.recomendadorV2Button:after {\n    margin-top: -2px;\n    content: \"\u2192\";\n    padding: 0px 0px 0px 8px;\n}\n\n.recomendadorV2Alert {\n    text-align: left;\n    font-size: 11px;\n    margin-top: 8px;\n    color: #666;\n}\n\n.recomendadorFixedArea {\n    width: 100%;\n    display: flex;\n    justify-content: center;\n    align-items: center;\n}\n\n@media (min-width: 992px) {\n    #recomendadorFixed {\n        width: 32% !important;\n        left: 5%;\n    }\n    .recomendadorCloseFixed{\n        right: inherit !important;\n        left: 378px !important;\n    }\n}\n\n#recomendadorFixed {\n    width: 90%;\n    box-shadow: 0 10px 20px 0px #00000057;\n    display: none;\n    height: 90px;\n    background: #F6F6F6;\n    position: fixed;\n    flex-direction: row;\n    bottom: 10px;\n    z-index: 9999;\n    border-radius: 16px;\n    padding: 7px 10px;\n}\n\n.recomendadorLeftArea {\n    width: 160px;\n}\n\n.recomendadorRightArea h2 {\n    padding-top: 0px;\n    margin: 2px 0px 4px 0px !important;\n    font-weight: 400;\n    text-align: center;\n    padding-left: 0px !important;\n    color: #000 !important;\n    border-left: none !important;\n    line-height: 20px;\n    font-size: 12px !important;\n}\n\n.recomendadorImgFixed {\n    overflow: hidden;\n    padding: 8px 6px;\n    height: 100%;\n}\n\n.recomendadorImgFixed img {\n    height: 100% !important;\n    border-radius: 16px;\n}\n\n.recomendadorRightArea {\n    padding-top: 6px;\n    display: flex;\n    width: calc(100% - 130px);\n    justify-content: space-between;\n    align-items: center;\n    flex-direction: column;\n}\n\n.recomendadorButtonFixed {\n    margin: 0 auto;\n    background: #1D3557;\n    width: 80%;\n    text-align: center;\n    font-size: 10px;\n    color: #FFF;\n    padding: 2px 10px;\n    border-radius: 3px;\n}\n\n.recomendadorButtonFixed:after {\n    margin-top: -3px;\n    content: \"\u2192\";\n    padding: 0px 0px 0px 10px;\n}\n\n.recomendadorAlertFixed {\n    font-weight: 400;\n    text-align: center;\n    color: #484848;\n    font-size: 8px;\n}\n\n.recomendadorCloseFixed {\n    z-index: 99999;\n    display: none;\n    right: 0px;\n    left: inherit;\n    bottom: 99px;\n    position: fixed;\n    justify-content: center;\n    background: #F6F6F6;\n    width: 25px;\n    align-items: center;\n    height: 25px;\n    font-weight: 800;\n    border-radius: 50%;\n    border: 1px solid #EBEBEB;\n}\n\n.recomendadorV2Desc{\n    color: #000000;\n    margin: 20px 0px;\n}\n\n@media (max-width: 576px) {\n    .recomendadorV2Area {\n      padding: 10px;\n      max-width: 100%;\n    }\n  \n    .recomendadorV2Area1 img {\n      width: 100%;\n      border-radius: 6px;\n    }\n  \n    .recomendadorV2Area2 .recomendadorV2Type {\n      font-size: 9px;\n      letter-spacing: 1px;\n      margin: 8px 0;\n    }\n  \n    .recomendadorV2Title h2 {\n      font-size: 18px !important;\n      margin-bottom: 8px !important;\n      line-height: 1.2;\n    }\n  \n    .recomendadorV2Desc {\n      font-size: 14px;\n      margin: 8px 0 !important;\n      line-height: 1.4;\n    }\n  \n    .recomendadorV2Button {\n      font-size: 14px;\n      height: 40px;\n      padding: 0 12px;\n      max-width: 100%;\n      width: 100%;\n    }\n  \n    .recomendadorV2Button:after {\n      padding-left: 6px;\n    }\n  }\n  <\/style>\n        <div class=\"lazyblock-recomendador-v2-2jDGz wp-block-lazyblock-recomendador-v2\">\n        <a class=\"linkrecomendadorv2\" href=\"https:\/\/diariodocomercio.com.br\/mix\/quando-vai-ser-pago-o-13o-de-2025-para-aposentados-confira-o-calendario\/\">\n            <div class=\"recomendadorV2Area\">\n            <div class=\"recomendadorV2Area1\">\n                <div class=\"recomendadorV2Img\">\n                <img class=\"lazyloaded\" decoding=\"async\" src=\"https:\/\/www.gov.br\/inss\/pt-br\/noticias\/calendario-de-pagamentos-2025-ja-esta-disponivel\/arte_calendario_pagamento_2025.jpg\" data-src=\"https:\/\/www.gov.br\/inss\/pt-br\/noticias\/calendario-de-pagamentos-2025-ja-esta-disponivel\/arte_calendario_pagamento_2025.jpg\" alt=\"\">\n                <\/div>\n            <\/div>\n            <div class=\"recomendadorV2Area2\">\n                <div class=\"recomendadorV2Type\">\n                    <span>DINHEIRO<\/span>\n                <\/div>\n                <div class=\"recomendadorV2Title\">\n                <h2><span>13\u00b0 sal\u00e1rio de 2025 para aposentados j\u00e1 tem data para cair<\/span><\/h2>\n                <\/div>\n                <div class=\"recomendadorV2Desc\">\n                <span>Quando vai ser pago o 13\u00b0 de 2025 para aposentados? Confira o calend\u00e1rio oficial.<\/span>\n                <\/div>\n                <div class=\"recomendadorV2Button\">Ver calend\u00e1rio<\/div>\n                <div class=\"recomendadorV2Alert\"><\/div>\n            <\/div>\n            <\/div>\n        <\/a>\n        <div>\n            <div style=\"z-index:99999;\" id=\"buttonClose\" onclick=\"closeRecomendadorFixed()\">\n            <div class=\"recomendadorCloseFixed\">X<\/div>\n            <\/div>\n            <a href=\"https:\/\/diariodocomercio.com.br\/mix\/quando-vai-ser-pago-o-13o-de-2025-para-aposentados-confira-o-calendario\/\">\n            <div class=\"recomendadorFixedArea\">\n                <div id=\"recomendadorFixed\">\n                <div class=\"recomendadorLeftArea\">\n                    <div class=\"recomendadorImgFixed\">\n                    <img class=\"lazyload\" decoding=\"async\" src=\"https:\/\/www.gov.br\/inss\/pt-br\/noticias\/calendario-de-pagamentos-2025-ja-esta-disponivel\/arte_calendario_pagamento_2025.jpg\" alt=\"\">\n                    <\/div>\n                <\/div>\n                <div class=\"recomendadorRightArea\">\n                    <div class=\"recomendadorTitleFixed\">\n                    <h2><span>13\u00b0 sal\u00e1rio de 2025 para aposentados j\u00e1 tem data para cair<\/span><\/h2>\n                    <\/div>\n                    <div class=\"recomendadorButtonFixed\">Ver calend\u00e1rio<\/div>\n                    <div class=\"recomendadorAlertFixed\"><\/div>\n                <\/div>\n                <\/div>\n            <\/div>\n            <\/a>\n        <\/div>\n        <\/div>\n\n\n\n<h2 class=\"wp-block-heading\">Qual valor poder\u00e1 sacar do Saque-Anivers\u00e1rio no FGTS?<\/h2>\n\n\n\n<p>O trabalhador que optar pelo Saque-Anivers\u00e1rio poder\u00e1 sacar um percentual do saldo do FGTS, acrescido de uma parcela adicional, anualmente, no m\u00eas de seu nascimento. Por isso, o governo federal disponibilizou um calend\u00e1rio com as datas dos pagamentos.&nbsp;<\/p>\n\n\n\n<p>O saque pode ser feito em qualquer ag\u00eancia da Caixa, caixas eletr\u00f4nicos, casas lot\u00e9ricas ou atrav\u00e9s do aplicativo FGTS, com transfer\u00eancia para conta banc\u00e1ria.<\/p>\n\n\n\n<h2 class=\"wp-block-heading\">Confira abaixo a tabela do c\u00e1lculo do valor do Saque-Anivers\u00e1rio<\/h2>\n\n\n\n<figure class=\"wp-block-table\"><table class=\"has-fixed-layout\"><tbody><tr><td><strong>Faixa de Saldo (R$)<\/strong><strong><\/strong><\/td><td><strong>Al\u00edquota<\/strong><\/td><td><strong>Parcela Adicional<\/strong><\/td><\/tr><tr><td>At\u00e9 500,00<\/td><td>50%<\/td><td>\u2013<\/td><\/tr><tr><td>De 500,01 at\u00e9 1.000,00<\/td><td>40%<\/td><td>R$ 50,00<\/td><\/tr><tr><td>De 1.000,01 at\u00e9 5.000,00<\/td><td>&nbsp; &nbsp; &nbsp; &nbsp; &nbsp; &nbsp; &nbsp; &nbsp; 30%<\/td><td>R$ 150,00<\/td><\/tr><tr><td>De 5.000,01 at\u00e9 10.000,00<\/td><td>20%<\/td><td>R$ 650,00<\/td><\/tr><tr><td>De 10.000,01 at\u00e9 15.000,00<\/td><td>15%<\/td><td>R$ 1.150,00<\/td><\/tr><tr><td>De 15.000,01 at\u00e9 20.000,00<\/td><td>10%<\/td><td>R$ 1.900,00<\/td><\/tr><tr><td>Acima de 20.000,01<\/td><td>&nbsp; &nbsp; &nbsp; &nbsp; &nbsp; &nbsp; &nbsp; &nbsp; &nbsp; 5%<\/td><td>R$ 2.900,00<\/td><\/tr><\/tbody><\/table><\/figure>\n\n\n\n<h2 class=\"wp-block-heading\">Calend\u00e1rio 2025 do saque-anivers\u00e1rio do FGTS<\/h2>\n\n\n\n<ul class=\"wp-block-list\">\n<li>Janeiro: de 2 de janeiro a 31 de mar\u00e7o de 2025<\/li>\n\n\n\n<li>Fevereiro: de 3 de fevereiro a 30 de abril de 2025<\/li>\n\n\n\n<li>Mar\u00e7o: de 3 de mar\u00e7o a 30 de maio de 2025<\/li>\n\n\n\n<li>Abril: de 1\u00ba de abril a 30 de junho de 2025<\/li>\n\n\n\n<li>Maio: de 2 de maio a 31 de julho de 2025<\/li>\n\n\n\n<li>Junho: de 2 de junho a 29 de agosto de 2025<\/li>\n\n\n\n<li>Julho: de 1\u00ba de julho a 30 de setembro de 2025<\/li>\n\n\n\n<li>Agosto: de 1\u00ba de agosto a 31 de outubro de 2025<\/li>\n\n\n\n<li>Setembro: de 1\u00ba de setembro a 28 de novembro de 2025<\/li>\n\n\n\n<li>Outubro: de 1\u00ba de outubro a 30 de dezembro de 2025<\/li>\n\n\n\n<li>Novembro: de 3 de novembro de 2025 a 30 de janeiro de 2026<\/li>\n\n\n\n<li>Dezembro: de 1\u00ba de dezembro de 2025 a 27 de fevereiro de 2026<\/li>\n<\/ul>\n","protected":false},"excerpt":{"rendered":"<p>O Saque-Anivers\u00e1rio \u00e9 uma modalidade do FGTS (Fundo de Garantia do Tempo de Servi\u00e7o) que surgiu como uma forma alternativa para que os contribuintes de carteira assinada tivessem acesso a uma porcentagem do saldo dispon\u00edvel em suas contas, durante o m\u00eas de nascimento.&nbsp; A modalidade \u00e9 opcional e, caso o trabalhador n\u00e3o queira o saque-anivers\u00e1rio, [&hellip;]<\/p>\n","protected":false},"author":7,"featured_media":2668,"comment_status":"closed","ping_status":"closed","sticky":false,"template":"","format":"standard","meta":{"jnews-multi-image_gallery":[],"jnews_single_post":{"format":"standard"},"jnews_primary_category":[],"jnews_social_meta":[],"jnews_override_counter":[],"jnews_post_split":[],"footnotes":""},"categories":[1],"tags":[],"class_list":["post-3378","post","type-post","status-publish","format-standard","has-post-thumbnail","hentry","category-geral"],"_referencia":"","_links":{"self":[{"href":"https:\/\/diariodocomercio.com.br\/mix\/wp-json\/wp\/v2\/posts\/3378","targetHints":{"allow":["GET"]}}],"collection":[{"href":"https:\/\/diariodocomercio.com.br\/mix\/wp-json\/wp\/v2\/posts"}],"about":[{"href":"https:\/\/diariodocomercio.com.br\/mix\/wp-json\/wp\/v2\/types\/post"}],"author":[{"embeddable":true,"href":"https:\/\/diariodocomercio.com.br\/mix\/wp-json\/wp\/v2\/users\/7"}],"replies":[{"embeddable":true,"href":"https:\/\/diariodocomercio.com.br\/mix\/wp-json\/wp\/v2\/comments?post=3378"}],"version-history":[{"count":1,"href":"https:\/\/diariodocomercio.com.br\/mix\/wp-json\/wp\/v2\/posts\/3378\/revisions"}],"predecessor-version":[{"id":3379,"href":"https:\/\/diariodocomercio.com.br\/mix\/wp-json\/wp\/v2\/posts\/3378\/revisions\/3379"}],"wp:featuredmedia":[{"embeddable":true,"href":"https:\/\/diariodocomercio.com.br\/mix\/wp-json\/wp\/v2\/media\/2668"}],"wp:attachment":[{"href":"https:\/\/diariodocomercio.com.br\/mix\/wp-json\/wp\/v2\/media?parent=3378"}],"wp:term":[{"taxonomy":"category","embeddable":true,"href":"https:\/\/diariodocomercio.com.br\/mix\/wp-json\/wp\/v2\/categories?post=3378"},{"taxonomy":"post_tag","embeddable":true,"href":"https:\/\/diariodocomercio.com.br\/mix\/wp-json\/wp\/v2\/tags?post=3378"}],"curies":[{"name":"wp","href":"https:\/\/api.w.org\/{rel}","templated":true}]}}