{"id":33798,"date":"2026-01-29T12:44:45","date_gmt":"2026-01-29T15:44:45","guid":{"rendered":"https:\/\/diariodocomercio.com.br\/mix\/?p=33798"},"modified":"2026-01-29T17:20:16","modified_gmt":"2026-01-29T20:20:16","slug":"onca-mais-famosa-da-america-do-sul-aparece-com-2-novos-filhotes-muito-perto-do-brasil","status":"publish","type":"post","link":"https:\/\/diariodocomercio.com.br\/mix\/onca-mais-famosa-da-america-do-sul-aparece-com-2-novos-filhotes-muito-perto-do-brasil\/","title":{"rendered":"On\u00e7a mais famosa da Am\u00e9rica do Sul aparece com 2 novos filhotes muito perto do Brasil"},"content":{"rendered":"\n<p>A on\u00e7a-pintada mais monitorada da Am\u00e9rica do Sul voltou a surpreender pesquisadores e ambientalistas.&nbsp;<strong>Jana\u00edna<\/strong>, f\u00eamea s\u00edmbolo da conserva\u00e7\u00e3o da esp\u00e9cie, foi registrada por c\u00e2meras-trampa ao lado de&nbsp;<strong>dois novos filhotes<\/strong>&nbsp;no Parque Nacional do Igua\u00e7u, em \u00e1rea de mata localizada no lado brasileiro, em Foz do Igua\u00e7u, muito pr\u00f3ximo da fronteira com a Argentina. As imagens, captadas em dezembro e divulgadas ap\u00f3s an\u00e1lise t\u00e9cnica, confirmam que os filhotes t\u00eam entre&nbsp;<strong>cinco e seis meses de vida<\/strong>&nbsp;e apresentam&nbsp;<strong>bom estado de sa\u00fade<\/strong>.<\/p>\n\n\n\n<p>O flagrante \u00e9 considerado um&nbsp;<strong>marco hist\u00f3rico para a biodiversidade da Mata Atl\u00e2ntica<\/strong>, bioma onde a on\u00e7a-pintada (yaguaret\u00e9) est\u00e1 em situa\u00e7\u00e3o cr\u00edtica de amea\u00e7a.<\/p>\n\n\n\n<p>O registro foi feito no \u00e2mbito do&nbsp;<strong>Projeto On\u00e7as do Igua\u00e7u<\/strong>, que monitora a popula\u00e7\u00e3o do maior felino das Am\u00e9ricas na regi\u00e3o trinacional entre Brasil, Argentina e Paraguai. Segundo os pesquisadores, Jana\u00edna \u00e9 acompanhada desde 2018 e se tornou pe\u00e7a-chave nos esfor\u00e7os de recupera\u00e7\u00e3o da esp\u00e9cie.<\/p>\n\n\n\n<p>Com esses dois novos filhotes, Jana\u00edna chega a&nbsp;<strong>cinco ninhadas documentadas<\/strong>&nbsp;sob monitoramento cient\u00edfico, o que a transforma na&nbsp;<strong>f\u00eamea mais prol\u00edfica j\u00e1 registrada na \u00e1rea<\/strong>. De acordo com o projeto, ela teve crias em 2019, 2021, 2023, 2024 e agora em 2025, em n\u00fameros que variam de um a tr\u00eas filhotes por gesta\u00e7\u00e3o.<\/p>\n\n\n\n<p>As imagens mostram a f\u00eamea circulando pela floresta com as crias durante seus deslocamentos naturais, comportamento considerado essencial para o aprendizado de ca\u00e7a e sobreviv\u00eancia dos filhotes.<\/p>\n\n\n\n<blockquote class=\"instagram-media\" data-instgrm-captioned data-instgrm-permalink=\"https:\/\/www.instagram.com\/reel\/DT8EziQgADa\/?utm_source=ig_embed&amp;utm_campaign=loading\" data-instgrm-version=\"14\" style=\"background:#FFF;border:0;border-radius:3px;margin: 1px;max-width:540px;min-width:326px;padding:0;width:99.375%;width:-webkit-calc(100% - 2px);width:calc(100% - 2px)\"><div style=\"padding:16px\"> <a href=\"https:\/\/www.instagram.com\/reel\/DT8EziQgADa\/?utm_source=ig_embed&amp;utm_campaign=loading\" style=\"background:#FFFFFF;line-height:0;padding:0 0;text-align:center;text-decoration:none;width:100%\" target=\"_blank\" rel=\"noopener\"> <div style=\"flex-direction: row;align-items: center\"> <div style=\"background-color: #F4F4F4;border-radius: 50%;flex-grow: 0;height: 40px;margin-right: 14px;width: 40px\"><\/div> <div style=\"flex-direction: column;flex-grow: 1;justify-content: center\"> <div style=\"background-color: #F4F4F4;border-radius: 4px;flex-grow: 0;height: 14px;margin-bottom: 6px;width: 100px\"><\/div> <div style=\"background-color: #F4F4F4;border-radius: 4px;flex-grow: 0;height: 14px;width: 60px\"><\/div><\/div><\/div><div style=\"padding: 19% 0\"><\/div> <div style=\"height:50px;margin:0 auto 12px;width:50px\"><\/div><div style=\"padding-top: 8px\"> <div style=\"color:#3897f0;font-family:Arial,sans-serif;font-size:14px;font-style:normal;font-weight:550;line-height:18px\">Ver essa foto no Instagram<\/div><\/div><div style=\"padding: 12.5% 0\"><\/div> <div style=\"flex-direction: row;margin-bottom: 14px;align-items: center\"><div> <div style=\"background-color: #F4F4F4;border-radius: 50%;height: 12.5px;width: 12.5px\"><\/div> <div style=\"background-color: #F4F4F4;height: 12.5px;width: 12.5px;flex-grow: 0;margin-right: 14px;margin-left: 2px\"><\/div> <div style=\"background-color: #F4F4F4;border-radius: 50%;height: 12.5px;width: 12.5px\"><\/div><\/div><div style=\"margin-left: 8px\"> <div style=\"background-color: #F4F4F4;border-radius: 50%;flex-grow: 0;height: 20px;width: 20px\"><\/div> <div style=\"width: 0;height: 0;border-top: 2px solid transparent;border-left: 6px solid #f4f4f4;border-bottom: 2px solid transparent\"><\/div><\/div><div style=\"margin-left: auto\"> <div style=\"width: 0px;border-top: 8px solid #F4F4F4;border-right: 8px solid transparent\"><\/div> <div style=\"background-color: #F4F4F4;flex-grow: 0;height: 12px;width: 16px\"><\/div> <div style=\"width: 0;height: 0;border-top: 8px solid #F4F4F4;border-left: 8px solid transparent\"><\/div><\/div><\/div> <div style=\"flex-direction: column;flex-grow: 1;justify-content: center;margin-bottom: 24px\"> <div style=\"background-color: #F4F4F4;border-radius: 4px;flex-grow: 0;height: 14px;margin-bottom: 6px;width: 224px\"><\/div> <div style=\"background-color: #F4F4F4;border-radius: 4px;flex-grow: 0;height: 14px;width: 144px\"><\/div><\/div><\/a><p style=\"color:#c9c8cd;font-family:Arial,sans-serif;font-size:14px;line-height:17px;margin-bottom:0;margin-top:8px;overflow:hidden;padding:8px 0 7px;text-align:center;white-space:nowrap\"><a href=\"https:\/\/www.instagram.com\/reel\/DT8EziQgADa\/?utm_source=ig_embed&amp;utm_campaign=loading\" style=\"color:#c9c8cd;font-family:Arial,sans-serif;font-size:14px;font-style:normal;font-weight:normal;line-height:17px;text-decoration:none\" target=\"_blank\" rel=\"noopener\">Um post compartilhado por EcoNews en Espa\u00f1ol (@econewses)<\/a><\/p><\/div><\/blockquote>\n<script async src=\"\/\/www.instagram.com\/embed.js\"><\/script>\n\n\n\n<h2 class=\"wp-block-heading\"><strong>Esperan\u00e7a em meio a um cen\u00e1rio cr\u00edtico para on\u00e7as<\/strong><\/h2>\n\n\n\n<p>Atualmente, o&nbsp;<strong>Parque Nacional do Igua\u00e7u abriga cerca de 25 on\u00e7as-pintadas<\/strong>&nbsp;em seus 185 mil hectares. Trata-se do&nbsp;<strong>\u00fanico trecho da Mata Atl\u00e2ntica onde a popula\u00e7\u00e3o da esp\u00e9cie apresenta crescimento cont\u00ednuo<\/strong>, impulsionado justamente por nascimentos recorrentes como o de Jana\u00edna.<\/p>\n\n\n\n<p>Ainda assim, o alerta permanece. Estimativas indicam que&nbsp;<strong>restam menos de 300 on\u00e7as-pintadas em toda a Mata Atl\u00e2ntica<\/strong>, n\u00famero que evidencia o alto risco de extin\u00e7\u00e3o regional. Perda de habitat, atropelamentos, ca\u00e7a ilegal e conflitos com atividades humanas seguem entre as principais amea\u00e7as.<\/p>\n\n\n\n<p>O nome Jana\u00edna, que significa \u201csenhora das \u00e1guas\u201d, foi escolhido pelos pesquisadores em alus\u00e3o \u00e0 forte liga\u00e7\u00e3o da on\u00e7a-pintada com rios e \u00e1reas \u00famidas da floresta. Cada novo registro da f\u00eamea com filhotes refor\u00e7a, segundo os especialistas, a&nbsp;<strong>urg\u00eancia de manter pol\u00edticas de conserva\u00e7\u00e3o, corredores ecol\u00f3gicos e fiscaliza\u00e7\u00e3o ambiental<\/strong>.<\/p>\n","protected":false},"excerpt":{"rendered":"<p>A on\u00e7a-pintada mais monitorada da Am\u00e9rica do Sul voltou a surpreender pesquisadores e ambientalistas.&nbsp;Jana\u00edna, f\u00eamea s\u00edmbolo da conserva\u00e7\u00e3o da esp\u00e9cie, foi registrada por c\u00e2meras-trampa ao lado de&nbsp;dois novos filhotes&nbsp;no Parque Nacional do Igua\u00e7u, em \u00e1rea de mata localizada no lado brasileiro, em Foz do Igua\u00e7u, muito pr\u00f3ximo da fronteira com a Argentina. As imagens, captadas [&hellip;]<\/p>\n","protected":false},"author":9,"featured_media":33799,"comment_status":"closed","ping_status":"closed","sticky":false,"template":"","format":"standard","meta":{"jnews-multi-image_gallery":[],"jnews_single_post":{"format":"standard"},"jnews_primary_category":[],"jnews_social_meta":[],"jnews_override_counter":[],"jnews_post_split":[],"footnotes":""},"categories":[1],"tags":[],"class_list":["post-33798","post","type-post","status-publish","format-standard","has-post-thumbnail","hentry","category-geral"],"_referencia":"","_links":{"self":[{"href":"https:\/\/diariodocomercio.com.br\/mix\/wp-json\/wp\/v2\/posts\/33798","targetHints":{"allow":["GET"]}}],"collection":[{"href":"https:\/\/diariodocomercio.com.br\/mix\/wp-json\/wp\/v2\/posts"}],"about":[{"href":"https:\/\/diariodocomercio.com.br\/mix\/wp-json\/wp\/v2\/types\/post"}],"author":[{"embeddable":true,"href":"https:\/\/diariodocomercio.com.br\/mix\/wp-json\/wp\/v2\/users\/9"}],"replies":[{"embeddable":true,"href":"https:\/\/diariodocomercio.com.br\/mix\/wp-json\/wp\/v2\/comments?post=33798"}],"version-history":[{"count":2,"href":"https:\/\/diariodocomercio.com.br\/mix\/wp-json\/wp\/v2\/posts\/33798\/revisions"}],"predecessor-version":[{"id":33877,"href":"https:\/\/diariodocomercio.com.br\/mix\/wp-json\/wp\/v2\/posts\/33798\/revisions\/33877"}],"wp:featuredmedia":[{"embeddable":true,"href":"https:\/\/diariodocomercio.com.br\/mix\/wp-json\/wp\/v2\/media\/33799"}],"wp:attachment":[{"href":"https:\/\/diariodocomercio.com.br\/mix\/wp-json\/wp\/v2\/media?parent=33798"}],"wp:term":[{"taxonomy":"category","embeddable":true,"href":"https:\/\/diariodocomercio.com.br\/mix\/wp-json\/wp\/v2\/categories?post=33798"},{"taxonomy":"post_tag","embeddable":true,"href":"https:\/\/diariodocomercio.com.br\/mix\/wp-json\/wp\/v2\/tags?post=33798"}],"curies":[{"name":"wp","href":"https:\/\/api.w.org\/{rel}","templated":true}]}}