{"id":33815,"date":"2026-01-29T14:23:26","date_gmt":"2026-01-29T17:23:26","guid":{"rendered":"https:\/\/diariodocomercio.com.br\/mix\/?p=33815"},"modified":"2026-01-29T16:59:31","modified_gmt":"2026-01-29T19:59:31","slug":"quem-tem-depressao-pode-receber-auxilio-de-ate-r-8-47555-sem-precisar-trabalhar","status":"publish","type":"post","link":"https:\/\/diariodocomercio.com.br\/mix\/quem-tem-depressao-pode-receber-auxilio-de-ate-r-8-47555-sem-precisar-trabalhar\/","title":{"rendered":"Quem tem depress\u00e3o pode receber aux\u00edlio de at\u00e9 R$ 8.475,55 sem precisar trabalhar"},"content":{"rendered":"\n<p>A <strong>depress\u00e3o <\/strong>afeta milh\u00f5es de brasileiros e o Instituto Nacional do Seguro Social (INSS) oferece um benef\u00edcio para aqueles incapacitados de trabalhar devido a esse transtorno. Para receber o <strong>aux\u00edlio por incapacidade tempor\u00e1ria, <\/strong>estabelecido pela Lei 8.213\/91, \u00e9 necess\u00e1rio que os contribuintes estejam incapacitados para o trabalho por mais de 15 dias consecutivos, com comprova\u00e7\u00e3o m\u00e9dica.<\/p>\n\n\n\n<p>O benef\u00edcio \u00e9 vital para muitos brasileiros e tem tr\u00eas crit\u00e9rios principais: qualidade de segurado, cumprimento da car\u00eancia exigida e comprova\u00e7\u00e3o de incapacidade.<\/p>\n\n\n\n<p>Ser <strong>segurado ativo no INSS,<\/strong> seja como empregado ou aut\u00f4nomo, \u00e9 fundamental. A car\u00eancia normalmente \u00e9 de 12 meses, mas doen\u00e7as graves podem dispensar esse per\u00edodo, conforme a legisla\u00e7\u00e3o.<\/p>\n\n\n\n<p>O valor do benef\u00edcio por incapacidade tempor\u00e1ria corresponde a 91% da m\u00e9dia de todos os sal\u00e1rios de contribui\u00e7\u00e3o desde julho de 1994, com piso de <strong>R$ 1.621<\/strong> (sal\u00e1rio m\u00ednimo) e teto de <strong>R$ 8.475,55<\/strong> (teto atual do INSS).<\/p>\n\n\n\n<h2 class=\"wp-block-heading\">Aux\u00edlio: Processo de solicita\u00e7\u00e3o via &#8220;Meu INSS&#8221;<\/h2>\n\n\n\n<p>A solicita\u00e7\u00e3o do benef\u00edcio pelo portal &#8220;Meu INSS&#8221; facilita o envio de documentos m\u00e9dicos, incluindo a possibilidade de an\u00e1lise documental atrav\u00e9s do sistema Atestmed.<\/p>\n\n\n\n<p>O processo \u00e9 simples: acessar o portal, solicitar o benef\u00edcio, selecionar o m\u00e9todo de an\u00e1lise e acompanhar o status. Alguns casos ainda exigem per\u00edcia m\u00e9dica presencial.<\/p>\n\n\n\n<p><strong>Passos para solicita\u00e7\u00e3o:<\/strong><\/p>\n\n\n\n<ol class=\"wp-block-list\">\n<li>Entrar no portal &#8220;Meu INSS&#8221;<\/li>\n\n\n\n<li>Solicitar o benef\u00edcio, selecionando a an\u00e1lise desejada<\/li>\n\n\n\n<li>Acompanhar o progresso pelo sistema<\/li>\n<\/ol>\n\n\n\n<h2 class=\"wp-block-heading\">Crescimento dos afastamentos por depress\u00e3o<\/h2>\n\n\n\n<p>O n\u00famero de afastamentos por depress\u00e3o aumentou significativamente nos \u00faltimos anos, destacando a necessidade de suporte especializado. Entre 2022 e 2024, os benef\u00edcios relacionados a transtornos mentais cresceram expressivamente.&nbsp;<\/p>\n\n\n\n<p>O benef\u00edcio por incapacidade tempor\u00e1ria \u00e9 crucial para aqueles que enfrentam a depress\u00e3o e doen\u00e7as mentais no Brasil. O processo \u00e1gil oferecido pelo INSS busca atender as necessidades dos segurados de maneira eficiente.<\/p>\n","protected":false},"excerpt":{"rendered":"<p>A solicita\u00e7\u00e3o do benef\u00edcio pode ser feita pela internet. Veja como.<\/p>\n","protected":false},"author":12,"featured_media":10089,"comment_status":"closed","ping_status":"closed","sticky":false,"template":"","format":"standard","meta":{"jnews-multi-image_gallery":[],"jnews_single_post":{"format":"standard"},"jnews_primary_category":[],"jnews_social_meta":[],"jnews_override_counter":[],"jnews_post_split":[],"footnotes":""},"categories":[1],"tags":[],"class_list":["post-33815","post","type-post","status-publish","format-standard","has-post-thumbnail","hentry","category-geral"],"_referencia":"","_links":{"self":[{"href":"https:\/\/diariodocomercio.com.br\/mix\/wp-json\/wp\/v2\/posts\/33815","targetHints":{"allow":["GET"]}}],"collection":[{"href":"https:\/\/diariodocomercio.com.br\/mix\/wp-json\/wp\/v2\/posts"}],"about":[{"href":"https:\/\/diariodocomercio.com.br\/mix\/wp-json\/wp\/v2\/types\/post"}],"author":[{"embeddable":true,"href":"https:\/\/diariodocomercio.com.br\/mix\/wp-json\/wp\/v2\/users\/12"}],"replies":[{"embeddable":true,"href":"https:\/\/diariodocomercio.com.br\/mix\/wp-json\/wp\/v2\/comments?post=33815"}],"version-history":[{"count":2,"href":"https:\/\/diariodocomercio.com.br\/mix\/wp-json\/wp\/v2\/posts\/33815\/revisions"}],"predecessor-version":[{"id":33867,"href":"https:\/\/diariodocomercio.com.br\/mix\/wp-json\/wp\/v2\/posts\/33815\/revisions\/33867"}],"wp:featuredmedia":[{"embeddable":true,"href":"https:\/\/diariodocomercio.com.br\/mix\/wp-json\/wp\/v2\/media\/10089"}],"wp:attachment":[{"href":"https:\/\/diariodocomercio.com.br\/mix\/wp-json\/wp\/v2\/media?parent=33815"}],"wp:term":[{"taxonomy":"category","embeddable":true,"href":"https:\/\/diariodocomercio.com.br\/mix\/wp-json\/wp\/v2\/categories?post=33815"},{"taxonomy":"post_tag","embeddable":true,"href":"https:\/\/diariodocomercio.com.br\/mix\/wp-json\/wp\/v2\/tags?post=33815"}],"curies":[{"name":"wp","href":"https:\/\/api.w.org\/{rel}","templated":true}]}}