{"id":33826,"date":"2026-01-29T14:57:14","date_gmt":"2026-01-29T17:57:14","guid":{"rendered":"https:\/\/diariodocomercio.com.br\/mix\/?p=33826"},"modified":"2026-01-29T14:57:17","modified_gmt":"2026-01-29T17:57:17","slug":"escolas-vao-passar-a-transmitir-videos-do-governo-federal-em-2026","status":"publish","type":"post","link":"https:\/\/diariodocomercio.com.br\/mix\/escolas-vao-passar-a-transmitir-videos-do-governo-federal-em-2026\/","title":{"rendered":"Escolas v\u00e3o passar a transmitir v\u00eddeos do Governo Federal em 2026"},"content":{"rendered":"\n<p>O governo brasileiro planeja transformar o acesso \u00e0 cultura nas <strong>escolas <\/strong>com o lan\u00e7amento da <strong>Tela Brasil, <\/strong>uma plataforma p\u00fablica e gratuita de streaming dedicada ao audiovisual nacional. Prevista para ser lan\u00e7ada no primeiro trimestre de 2026, a Tela Brasil visa democratizar o acesso \u00e0s produ\u00e7\u00f5es culturais do pa\u00eds.<\/p>\n\n\n\n<p>Esse servi\u00e7o estar\u00e1 dispon\u00edvel para estudantes e o p\u00fablico em geral atrav\u00e9s de um cadastro na plataforma gov.br, j\u00e1 conhecida por integrar servi\u00e7os digitais.<\/p>\n\n\n\n<h2 class=\"wp-block-heading\">Democratiza\u00e7\u00e3o da cultura em sala de aula<\/h2>\n\n\n\n<p>A Tela Brasil pretende cumprir a Lei 13.006\/2014, que <strong>exige a exibi\u00e7\u00e3o de filmes nacionais nas escolas, <\/strong>ampliando o acesso dos estudantes \u00e0 diversidade cultural brasileira. Com um acervo de aproximadamente 555 obras, incluindo curtas, m\u00e9dias e longas-metragens, a plataforma destacar\u00e1 a riqueza e a pluralidade do cinema nacional.<\/p>\n\n\n\n<p>O cadastro gratuito, atrav\u00e9s do sistema gov.br, garantir\u00e1 a acessibilidade e facilitar\u00e1 o uso da plataforma pelas institui\u00e7\u00f5es de ensino.<\/p>\n\n\n\n<h2 class=\"wp-block-heading\">Potencial educativo da Tela Brasil<\/h2>\n\n\n\n<p>O impacto da Tela Brasil nas escolas promete ser significativo. A plataforma se configurar\u00e1 como um recurso educacional, integrando conte\u00fados culturais genu\u00ednos ao curr\u00edculo escolar.<\/p>\n\n\n\n<p>Al\u00e9m de entretenimento, esses filmes e s\u00e9ries servir\u00e3o como <strong>ferramentas pedag\u00f3gicas,<\/strong> promovendo um aprendizado mais profundo sobre a heran\u00e7a cultural e identit\u00e1ria brasileira.<\/p>\n\n\n\n<h2 class=\"wp-block-heading\">Cat\u00e1logo variado&nbsp;<\/h2>\n\n\n\n<p>Com investimento p\u00fablico de <strong>R$ 4,4 milh\u00f5es,<\/strong> a Tela Brasil trar\u00e1 uma sele\u00e7\u00e3o diversificada de obras. Entre os filmes esperados, est\u00e3o cl\u00e1ssicos brasileiros que j\u00e1 ganharam reconhecimento global.<\/p>\n\n\n\n<p>Document\u00e1rios e anima\u00e7\u00f5es far\u00e3o parte do acervo, enriquecendo o ensino com temas de relev\u00e2ncia social e cultural. Essa programa\u00e7\u00e3o refletir\u00e1 a diversidade e a qualidade da produ\u00e7\u00e3o audiovisual do Brasil.<\/p>\n\n\n\n<p>A previs\u00e3o \u00e9 que a influ\u00eancia da Tela Brasil se estenda al\u00e9m das escolas, alcan\u00e7ando espa\u00e7os como cineclubes e bibliotecas. Essa estrat\u00e9gia busca envolver a comunidade em torno de um patrim\u00f4nio cultural compartilhado.<\/p>\n","protected":false},"excerpt":{"rendered":"<p>Document\u00e1rios e anima\u00e7\u00f5es far\u00e3o parte do acervo. Confira detalhes.<\/p>\n","protected":false},"author":12,"featured_media":33041,"comment_status":"closed","ping_status":"closed","sticky":false,"template":"","format":"standard","meta":{"jnews-multi-image_gallery":[],"jnews_single_post":{"format":"standard"},"jnews_primary_category":[],"jnews_social_meta":[],"jnews_override_counter":[],"jnews_post_split":[],"footnotes":""},"categories":[1],"tags":[],"class_list":["post-33826","post","type-post","status-publish","format-standard","has-post-thumbnail","hentry","category-geral"],"_referencia":"","_links":{"self":[{"href":"https:\/\/diariodocomercio.com.br\/mix\/wp-json\/wp\/v2\/posts\/33826","targetHints":{"allow":["GET"]}}],"collection":[{"href":"https:\/\/diariodocomercio.com.br\/mix\/wp-json\/wp\/v2\/posts"}],"about":[{"href":"https:\/\/diariodocomercio.com.br\/mix\/wp-json\/wp\/v2\/types\/post"}],"author":[{"embeddable":true,"href":"https:\/\/diariodocomercio.com.br\/mix\/wp-json\/wp\/v2\/users\/12"}],"replies":[{"embeddable":true,"href":"https:\/\/diariodocomercio.com.br\/mix\/wp-json\/wp\/v2\/comments?post=33826"}],"version-history":[{"count":2,"href":"https:\/\/diariodocomercio.com.br\/mix\/wp-json\/wp\/v2\/posts\/33826\/revisions"}],"predecessor-version":[{"id":33828,"href":"https:\/\/diariodocomercio.com.br\/mix\/wp-json\/wp\/v2\/posts\/33826\/revisions\/33828"}],"wp:featuredmedia":[{"embeddable":true,"href":"https:\/\/diariodocomercio.com.br\/mix\/wp-json\/wp\/v2\/media\/33041"}],"wp:attachment":[{"href":"https:\/\/diariodocomercio.com.br\/mix\/wp-json\/wp\/v2\/media?parent=33826"}],"wp:term":[{"taxonomy":"category","embeddable":true,"href":"https:\/\/diariodocomercio.com.br\/mix\/wp-json\/wp\/v2\/categories?post=33826"},{"taxonomy":"post_tag","embeddable":true,"href":"https:\/\/diariodocomercio.com.br\/mix\/wp-json\/wp\/v2\/tags?post=33826"}],"curies":[{"name":"wp","href":"https:\/\/api.w.org\/{rel}","templated":true}]}}