{"id":33831,"date":"2026-01-29T15:34:28","date_gmt":"2026-01-29T18:34:28","guid":{"rendered":"https:\/\/diariodocomercio.com.br\/mix\/?p=33831"},"modified":"2026-01-30T19:46:19","modified_gmt":"2026-01-30T22:46:19","slug":"mascaras-voltam-a-ser-obrigatorias-em-aeroportos-apos-surto-do-virus-nipah-nestes-paises","status":"publish","type":"post","link":"https:\/\/diariodocomercio.com.br\/mix\/mascaras-voltam-a-ser-obrigatorias-em-aeroportos-apos-surto-do-virus-nipah-nestes-paises\/","title":{"rendered":"M\u00e1scaras voltam a ser obrigat\u00f3rias em aeroportos ap\u00f3s surto do v\u00edrus Nipah nestes pa\u00edses"},"content":{"rendered":"\n<p>Depois de pelo menos dois casos do v\u00edrus Nipah serem confirmados no estado da Bengala Ocidental, na \u00cdndia, aeroportos asi\u00e1ticos est\u00e3o retomando protocolos semelhantes aos que foram adotados durante a pandemia de Covid-19. Segundo a CNN Brasil, aeroportos na Tail\u00e2ndia, Singapura, Hong Kong, Mal\u00e1sia, Indon\u00e9sia, Vietn\u00e3 e Paquist\u00e3o adotaram esse tipo de medida.<\/p>\n\n\n\n<p>O Nipah foi descoberto em 1999 e j\u00e1 foi identificado outras vezes na \u00c1sia, causando preocupa\u00e7\u00e3o por sua alta taxa de letalidade, de 40% a 75%. Pelo menos por enquanto, os casos identificados na \u00cdndia s\u00e3o resultaram em \u00f3bitos.<\/p>\n\n\n\n<p>De acordo com a emissora News 18, os pacientes diagnosticados com a doen\u00e7a na \u00cdndia s\u00e3o profissionais da sa\u00fade. Os dois pacientes apresentaram sintomas iniciais no fim de dezembro e est\u00e3o em isolamento desde o in\u00edcio de janeiro. A descoberta fez mais de cem pessoas serem colocadas em quarentena para evitar a dissemina\u00e7\u00e3o do v\u00edrus. <\/p>\n\n\n\n<p>O Minist\u00e9rio da Sa\u00fade da \u00cdndia informou que autoridades rastrearam 196 contatos ligados aos pacientes, mas todos testaram negativo para o v\u00edrus Nipah e nem apresentaram sintomas.<\/p>\n\n\n\n<h2 class=\"wp-block-heading\">V\u00edrus Nipah<\/h2>\n\n\n\n<p>O v\u00edrus circula principalmente entre morcegos do g\u00eanero Pteropus, que se alimentam de frutas, passando para humanos por meio de alimentos contaminados. Entre pessoas, ele \u00e9 transmitido por meio de secre\u00e7\u00f5es. Consultado pelo Globo, o infectologista Benedito Fonseca, professor de infectologia da Faculdade de Medicina de Ribeir\u00e3o Preto \u2013 USO e consultor da Sociedade Paulista de Infectologia, explicou a transmiss\u00e3o entre pessoas \u00e9 baixo porque \u00e9 necess\u00e1rio um &#8220;contato muito \u00edntimo&#8221; com secre\u00e7\u00f5es de pessoas infectadas.<\/p>\n\n\n\n<p>O infectologista tamb\u00e9m opinou que o risco do v\u00edrus Nipah ser a pr\u00f3xima pandemia \u00e9<em> &#8220;bem baixo por conta do mecanismo de transmiss\u00e3o que a gente conhece hoje&#8221;.<\/em><\/p>\n\n\n\n<style>@media (min-width: 992px) {\n    .recomendadorV2Area1 {\n        width: 280px;\n    }\n    .recomendadorV2Area2 {\n        padding: 0px 20px;\n        width: calc(100% - 280px);\n    }\n}\n\n@media (max-width: 992px) {\n    .recomendadorV2Button {\n        margin: 0 auto;\n    }\n    .recomendadorV2Area {\n        flex-direction: column;\n        text-align: center;\n    }\n    .recomendadorV2Area2 {\n        padding: 0px 20px;\n    }\n}\n\n.recomendadorV2Area {\n    background: #eeeeee3d;\n    border-radius: 10px;\n    padding: 15px;\n    display: flex;\n    margin: 15px auto;\n    border: 1px solid #00000014;\n    max-width: 800px;\n}\n\n.recomendadorV2Area1 img {\n    width: 280px;\n    height: auto;\n    border-radius: 8px;\n}\n\n.linkrecomendadorv2 {\n    text-decoration: none !important;\n}\n\n.recomendadorV2Area2 .recomendadorV2Type {\n    text-transform: uppercase;\n    font-weight: 500;\n    font-size: 11px;\n    letter-spacing: 2px;\n    color: #666;\n    margin: 12px 0;\n    display: block;\n}\n\n.recomendadorV2Title h2 {\n    padding-top: 0px !important;\n    margin: 0px !important;\n    border-left: none !important;\n    padding-left: 0px !important;\n    line-height: 1.3;\n    color: #000 !important;\n    font-size: 24px;\n    margin-bottom: 12px !important;\n}\n\n.recomendadorV2Desc {\n    color: #333;\n    margin: 12px 0px !important;\n    font-size: 15px;\n    line-height: 1.5;\n}\n\n.recomendadorV2Button {\n    width: auto;\n    max-width: 200px;\n    margin: 0;\n    display: inline-flex;\n    align-items: center;\n    background: #1D3557;\n    border-radius: 8px;\n    color: #fff;\n    height: 36px;\n    justify-content: center;\n    text-align: center;\n    font-size: 14px;\n    padding: 0 20px;\n    transition: background-color 0.2s ease;\n}\n\n.recomendadorV2Button:hover {\n    background: #2a4d7a;\n}\n\n.recomendadorV2Button:after {\n    margin-top: -2px;\n    content: \"\u2192\";\n    padding: 0px 0px 0px 8px;\n}\n\n.recomendadorV2Alert {\n    text-align: left;\n    font-size: 11px;\n    margin-top: 8px;\n    color: #666;\n}\n\n.recomendadorFixedArea {\n    width: 100%;\n    display: flex;\n    justify-content: center;\n    align-items: center;\n}\n\n@media (min-width: 992px) {\n    #recomendadorFixed {\n        width: 32% !important;\n        left: 5%;\n    }\n    .recomendadorCloseFixed{\n        right: inherit !important;\n        left: 378px !important;\n    }\n}\n\n#recomendadorFixed {\n    width: 90%;\n    box-shadow: 0 10px 20px 0px #00000057;\n    display: none;\n    height: 90px;\n    background: #F6F6F6;\n    position: fixed;\n    flex-direction: row;\n    bottom: 10px;\n    z-index: 9999;\n    border-radius: 16px;\n    padding: 7px 10px;\n}\n\n.recomendadorLeftArea {\n    width: 160px;\n}\n\n.recomendadorRightArea h2 {\n    padding-top: 0px;\n    margin: 2px 0px 4px 0px !important;\n    font-weight: 400;\n    text-align: center;\n    padding-left: 0px !important;\n    color: #000 !important;\n    border-left: none !important;\n    line-height: 20px;\n    font-size: 12px !important;\n}\n\n.recomendadorImgFixed {\n    overflow: hidden;\n    padding: 8px 6px;\n    height: 100%;\n}\n\n.recomendadorImgFixed img {\n    height: 100% !important;\n    border-radius: 16px;\n}\n\n.recomendadorRightArea {\n    padding-top: 6px;\n    display: flex;\n    width: calc(100% - 130px);\n    justify-content: space-between;\n    align-items: center;\n    flex-direction: column;\n}\n\n.recomendadorButtonFixed {\n    margin: 0 auto;\n    background: #1D3557;\n    width: 80%;\n    text-align: center;\n    font-size: 10px;\n    color: #FFF;\n    padding: 2px 10px;\n    border-radius: 3px;\n}\n\n.recomendadorButtonFixed:after {\n    margin-top: -3px;\n    content: \"\u2192\";\n    padding: 0px 0px 0px 10px;\n}\n\n.recomendadorAlertFixed {\n    font-weight: 400;\n    text-align: center;\n    color: #484848;\n    font-size: 8px;\n}\n\n.recomendadorCloseFixed {\n    z-index: 99999;\n    display: none;\n    right: 0px;\n    left: inherit;\n    bottom: 99px;\n    position: fixed;\n    justify-content: center;\n    background: #F6F6F6;\n    width: 25px;\n    align-items: center;\n    height: 25px;\n    font-weight: 800;\n    border-radius: 50%;\n    border: 1px solid #EBEBEB;\n}\n\n.recomendadorV2Desc{\n    color: #000000;\n    margin: 20px 0px;\n}\n\n@media (max-width: 576px) {\n    .recomendadorV2Area {\n      padding: 10px;\n      max-width: 100%;\n    }\n  \n    .recomendadorV2Area1 img {\n      width: 100%;\n      border-radius: 6px;\n    }\n  \n    .recomendadorV2Area2 .recomendadorV2Type {\n      font-size: 9px;\n      letter-spacing: 1px;\n      margin: 8px 0;\n    }\n  \n    .recomendadorV2Title h2 {\n      font-size: 18px !important;\n      margin-bottom: 8px !important;\n      line-height: 1.2;\n    }\n  \n    .recomendadorV2Desc {\n      font-size: 14px;\n      margin: 8px 0 !important;\n      line-height: 1.4;\n    }\n  \n    .recomendadorV2Button {\n      font-size: 14px;\n      height: 40px;\n      padding: 0 12px;\n      max-width: 100%;\n      width: 100%;\n    }\n  \n    .recomendadorV2Button:after {\n      padding-left: 6px;\n    }\n  }\n  <\/style>\n        <div class=\"lazyblock-recomendador-v2-2jDGz wp-block-lazyblock-recomendador-v2\">\n        <a class=\"linkrecomendadorv2\" href=\"https:\/\/diariodocomercio.com.br\/mix\/conheca-o-mes-mais-propenso-a-ocorrer-ataques-de-tubarao-neste-pais\/\">\n            <div class=\"recomendadorV2Area\">\n            <div class=\"recomendadorV2Area1\">\n                <div class=\"recomendadorV2Img\">\n                <img class=\"lazyloaded\" decoding=\"async\" src=\"https:\/\/diariodocomercio.com.br\/mix\/wp-content\/uploads\/2026\/01\/tubarao-tigre.jpg\" data-src=\"https:\/\/diariodocomercio.com.br\/mix\/wp-content\/uploads\/2026\/01\/tubarao-tigre.jpg\" alt=\"\">\n                <\/div>\n            <\/div>\n            <div class=\"recomendadorV2Area2\">\n                <div class=\"recomendadorV2Type\">\n                    <span>CURIOSIDADES<\/span>\n                <\/div>\n                <div class=\"recomendadorV2Title\">\n                <h2><span>Conhe\u00e7a o m\u00eas mais propenso a ocorrer ataques de tubar\u00e3o neste pa\u00eds<\/span><\/h2>\n                <\/div>\n                <div class=\"recomendadorV2Desc\">\n                <span>A menopausa marca o fim da vida reprodutiva da mulher, com o corpo parando de produzir os \u00f3vulos e diminuindo \u2026<\/span>\n                <\/div>\n                <div class=\"recomendadorV2Button\">Leia mais<\/div>\n                <div class=\"recomendadorV2Alert\"><\/div>\n            <\/div>\n            <\/div>\n        <\/a>\n        <div>\n            <div style=\"z-index:99999;\" id=\"buttonClose\" onclick=\"closeRecomendadorFixed()\">\n            <div class=\"recomendadorCloseFixed\">X<\/div>\n            <\/div>\n            <a href=\"https:\/\/diariodocomercio.com.br\/mix\/conheca-o-mes-mais-propenso-a-ocorrer-ataques-de-tubarao-neste-pais\/\">\n            <div class=\"recomendadorFixedArea\">\n                <div id=\"recomendadorFixed\">\n                <div class=\"recomendadorLeftArea\">\n                    <div class=\"recomendadorImgFixed\">\n                    <img class=\"lazyload\" decoding=\"async\" src=\"https:\/\/diariodocomercio.com.br\/mix\/wp-content\/uploads\/2026\/01\/tubarao-tigre.jpg\" alt=\"\">\n                    <\/div>\n                <\/div>\n                <div class=\"recomendadorRightArea\">\n                    <div class=\"recomendadorTitleFixed\">\n                    <h2><span>Conhe\u00e7a o m\u00eas mais propenso a ocorrer ataques de tubar\u00e3o neste pa\u00eds<\/span><\/h2>\n                    <\/div>\n                    <div class=\"recomendadorButtonFixed\">Leia mais<\/div>\n                    <div class=\"recomendadorAlertFixed\"><\/div>\n                <\/div>\n                <\/div>\n            <\/div>\n            <\/a>\n        <\/div>\n        <\/div>\n","protected":false},"excerpt":{"rendered":"<p>Depois de pelo menos dois casos do v\u00edrus Nipah serem confirmados no estado da Bengala Ocidental, na \u00cdndia, aeroportos asi\u00e1ticos est\u00e3o retomando protocolos semelhantes aos que foram adotados durante a pandemia de Covid-19. Segundo a CNN Brasil, aeroportos na Tail\u00e2ndia, Singapura, Hong Kong, Mal\u00e1sia, Indon\u00e9sia, Vietn\u00e3 e Paquist\u00e3o adotaram esse tipo de medida. O Nipah [&hellip;]<\/p>\n","protected":false},"author":6,"featured_media":33612,"comment_status":"closed","ping_status":"closed","sticky":false,"template":"","format":"standard","meta":{"jnews-multi-image_gallery":[],"jnews_single_post":{"format":"standard"},"jnews_primary_category":[],"jnews_social_meta":[],"jnews_override_counter":[],"jnews_post_split":[],"footnotes":""},"categories":[1],"tags":[],"class_list":["post-33831","post","type-post","status-publish","format-standard","has-post-thumbnail","hentry","category-geral"],"_referencia":"","_links":{"self":[{"href":"https:\/\/diariodocomercio.com.br\/mix\/wp-json\/wp\/v2\/posts\/33831","targetHints":{"allow":["GET"]}}],"collection":[{"href":"https:\/\/diariodocomercio.com.br\/mix\/wp-json\/wp\/v2\/posts"}],"about":[{"href":"https:\/\/diariodocomercio.com.br\/mix\/wp-json\/wp\/v2\/types\/post"}],"author":[{"embeddable":true,"href":"https:\/\/diariodocomercio.com.br\/mix\/wp-json\/wp\/v2\/users\/6"}],"replies":[{"embeddable":true,"href":"https:\/\/diariodocomercio.com.br\/mix\/wp-json\/wp\/v2\/comments?post=33831"}],"version-history":[{"count":2,"href":"https:\/\/diariodocomercio.com.br\/mix\/wp-json\/wp\/v2\/posts\/33831\/revisions"}],"predecessor-version":[{"id":34022,"href":"https:\/\/diariodocomercio.com.br\/mix\/wp-json\/wp\/v2\/posts\/33831\/revisions\/34022"}],"wp:featuredmedia":[{"embeddable":true,"href":"https:\/\/diariodocomercio.com.br\/mix\/wp-json\/wp\/v2\/media\/33612"}],"wp:attachment":[{"href":"https:\/\/diariodocomercio.com.br\/mix\/wp-json\/wp\/v2\/media?parent=33831"}],"wp:term":[{"taxonomy":"category","embeddable":true,"href":"https:\/\/diariodocomercio.com.br\/mix\/wp-json\/wp\/v2\/categories?post=33831"},{"taxonomy":"post_tag","embeddable":true,"href":"https:\/\/diariodocomercio.com.br\/mix\/wp-json\/wp\/v2\/tags?post=33831"}],"curies":[{"name":"wp","href":"https:\/\/api.w.org\/{rel}","templated":true}]}}