{"id":33837,"date":"2026-01-29T15:21:47","date_gmt":"2026-01-29T18:21:47","guid":{"rendered":"https:\/\/diariodocomercio.com.br\/mix\/?p=33837"},"modified":"2026-01-29T17:26:24","modified_gmt":"2026-01-29T20:26:24","slug":"ciclistas-e-pedestres-nao-poderao-mais-andar-ou-correr-com-animais-nas-ciclofaixas","status":"publish","type":"post","link":"https:\/\/diariodocomercio.com.br\/mix\/ciclistas-e-pedestres-nao-poderao-mais-andar-ou-correr-com-animais-nas-ciclofaixas\/","title":{"rendered":"Ciclistas e pedestres n\u00e3o poder\u00e3o mais andar ou correr com animais nas ciclofaixas"},"content":{"rendered":"\n<p>A Prefeitura de&nbsp;<strong>S\u00e3o Vicente<\/strong>, no litoral de S\u00e3o Paulo, passou a&nbsp;<strong>proibir a circula\u00e7\u00e3o de pedestres e a pr\u00e1tica de corrida com animais nas ciclovias e ciclofaixas do munic\u00edpio<\/strong>. A nova regra j\u00e1 est\u00e1 em vigor e faz parte de um pacote de a\u00e7\u00f5es para reorganizar o uso dos espa\u00e7os p\u00fablicos e garantir mais seguran\u00e7a aos ciclistas.<\/p>\n\n\n\n<p>A decis\u00e3o ocorre em meio a&nbsp;<strong>fiscaliza\u00e7\u00f5es conjuntas realizadas pela administra\u00e7\u00e3o municipal e pelo Departamento Estadual de Tr\u00e2nsito (Detran)<\/strong>, que v\u00eam monitorando o uso correto das vias, especialmente diante do aumento do fluxo de bicicletas, patinetes e outros equipamentos de mobilidade.<\/p>\n\n\n\n<h2 class=\"wp-block-heading\"><strong>Fiscaliza\u00e7\u00e3o refor\u00e7ada e foco na seguran\u00e7a<\/strong><\/h2>\n\n\n<style>@media (min-width: 992px) {\n    .recomendadorV2Area1 {\n        width: 280px;\n    }\n    .recomendadorV2Area2 {\n        padding: 0px 20px;\n        width: calc(100% - 280px);\n    }\n}\n\n@media (max-width: 992px) {\n    .recomendadorV2Button {\n        margin: 0 auto;\n    }\n    .recomendadorV2Area {\n        flex-direction: column;\n        text-align: center;\n    }\n    .recomendadorV2Area2 {\n        padding: 0px 20px;\n    }\n}\n\n.recomendadorV2Area {\n    background: #eeeeee3d;\n    border-radius: 10px;\n    padding: 15px;\n    display: flex;\n    margin: 15px auto;\n    border: 1px solid #00000014;\n    max-width: 800px;\n}\n\n.recomendadorV2Area1 img {\n    width: 280px;\n    height: auto;\n    border-radius: 8px;\n}\n\n.linkrecomendadorv2 {\n    text-decoration: none !important;\n}\n\n.recomendadorV2Area2 .recomendadorV2Type {\n    text-transform: uppercase;\n    font-weight: 500;\n    font-size: 11px;\n    letter-spacing: 2px;\n    color: #666;\n    margin: 12px 0;\n    display: block;\n}\n\n.recomendadorV2Title h2 {\n    padding-top: 0px !important;\n    margin: 0px !important;\n    border-left: none !important;\n    padding-left: 0px !important;\n    line-height: 1.3;\n    color: #000 !important;\n    font-size: 24px;\n    margin-bottom: 12px !important;\n}\n\n.recomendadorV2Desc {\n    color: #333;\n    margin: 12px 0px !important;\n    font-size: 15px;\n    line-height: 1.5;\n}\n\n.recomendadorV2Button {\n    width: auto;\n    max-width: 200px;\n    margin: 0;\n    display: inline-flex;\n    align-items: center;\n    background: #1D3557;\n    border-radius: 8px;\n    color: #fff;\n    height: 36px;\n    justify-content: center;\n    text-align: center;\n    font-size: 14px;\n    padding: 0 20px;\n    transition: background-color 0.2s ease;\n}\n\n.recomendadorV2Button:hover {\n    background: #2a4d7a;\n}\n\n.recomendadorV2Button:after {\n    margin-top: -2px;\n    content: \"\u2192\";\n    padding: 0px 0px 0px 8px;\n}\n\n.recomendadorV2Alert {\n    text-align: left;\n    font-size: 11px;\n    margin-top: 8px;\n    color: #666;\n}\n\n.recomendadorFixedArea {\n    width: 100%;\n    display: flex;\n    justify-content: center;\n    align-items: center;\n}\n\n@media (min-width: 992px) {\n    #recomendadorFixed {\n        width: 32% !important;\n        left: 5%;\n    }\n    .recomendadorCloseFixed{\n        right: inherit !important;\n        left: 378px !important;\n    }\n}\n\n#recomendadorFixed {\n    width: 90%;\n    box-shadow: 0 10px 20px 0px #00000057;\n    display: none;\n    height: 90px;\n    background: #F6F6F6;\n    position: fixed;\n    flex-direction: row;\n    bottom: 10px;\n    z-index: 9999;\n    border-radius: 16px;\n    padding: 7px 10px;\n}\n\n.recomendadorLeftArea {\n    width: 160px;\n}\n\n.recomendadorRightArea h2 {\n    padding-top: 0px;\n    margin: 2px 0px 4px 0px !important;\n    font-weight: 400;\n    text-align: center;\n    padding-left: 0px !important;\n    color: #000 !important;\n    border-left: none !important;\n    line-height: 20px;\n    font-size: 12px !important;\n}\n\n.recomendadorImgFixed {\n    overflow: hidden;\n    padding: 8px 6px;\n    height: 100%;\n}\n\n.recomendadorImgFixed img {\n    height: 100% !important;\n    border-radius: 16px;\n}\n\n.recomendadorRightArea {\n    padding-top: 6px;\n    display: flex;\n    width: calc(100% - 130px);\n    justify-content: space-between;\n    align-items: center;\n    flex-direction: column;\n}\n\n.recomendadorButtonFixed {\n    margin: 0 auto;\n    background: #1D3557;\n    width: 80%;\n    text-align: center;\n    font-size: 10px;\n    color: #FFF;\n    padding: 2px 10px;\n    border-radius: 3px;\n}\n\n.recomendadorButtonFixed:after {\n    margin-top: -3px;\n    content: \"\u2192\";\n    padding: 0px 0px 0px 10px;\n}\n\n.recomendadorAlertFixed {\n    font-weight: 400;\n    text-align: center;\n    color: #484848;\n    font-size: 8px;\n}\n\n.recomendadorCloseFixed {\n    z-index: 99999;\n    display: none;\n    right: 0px;\n    left: inherit;\n    bottom: 99px;\n    position: fixed;\n    justify-content: center;\n    background: #F6F6F6;\n    width: 25px;\n    align-items: center;\n    height: 25px;\n    font-weight: 800;\n    border-radius: 50%;\n    border: 1px solid #EBEBEB;\n}\n\n.recomendadorV2Desc{\n    color: #000000;\n    margin: 20px 0px;\n}\n\n@media (max-width: 576px) {\n    .recomendadorV2Area {\n      padding: 10px;\n      max-width: 100%;\n    }\n  \n    .recomendadorV2Area1 img {\n      width: 100%;\n      border-radius: 6px;\n    }\n  \n    .recomendadorV2Area2 .recomendadorV2Type {\n      font-size: 9px;\n      letter-spacing: 1px;\n      margin: 8px 0;\n    }\n  \n    .recomendadorV2Title h2 {\n      font-size: 18px !important;\n      margin-bottom: 8px !important;\n      line-height: 1.2;\n    }\n  \n    .recomendadorV2Desc {\n      font-size: 14px;\n      margin: 8px 0 !important;\n      line-height: 1.4;\n    }\n  \n    .recomendadorV2Button {\n      font-size: 14px;\n      height: 40px;\n      padding: 0 12px;\n      max-width: 100%;\n      width: 100%;\n    }\n  \n    .recomendadorV2Button:after {\n      padding-left: 6px;\n    }\n  }\n  <\/style>\n        <div class=\"lazyblock-recomendador-v2-2jDGz wp-block-lazyblock-recomendador-v2\">\n        <a class=\"linkrecomendadorv2\" href=\"https:\/\/diariodocomercio.com.br\/mix\/nova-velocidade-maxima-para-bicicletas-eletricas-veiculos-que-ultrapassarem-vao-necessitar-de-cnh-e-emplacamento\/?utm_source=lazy\">\n            <div class=\"recomendadorV2Area\">\n            <div class=\"recomendadorV2Area1\">\n                <div class=\"recomendadorV2Img\">\n                <img class=\"lazyloaded\" decoding=\"async\" src=\"https:\/\/diariodocomercio.com.br\/mix\/wp-content\/uploads\/2026\/01\/image-325-612x375.jpg\" data-src=\"https:\/\/diariodocomercio.com.br\/mix\/wp-content\/uploads\/2026\/01\/image-325-612x375.jpg\" alt=\"\">\n                <\/div>\n            <\/div>\n            <div class=\"recomendadorV2Area2\">\n                <div class=\"recomendadorV2Type\">\n                    <span>Nova regra<\/span>\n                <\/div>\n                <div class=\"recomendadorV2Title\">\n                <h2><span>E-bikes e limite \ud83d\udeb2<\/span><\/h2>\n                <\/div>\n                <div class=\"recomendadorV2Desc\">\n                <span>Nova velocidade exige CNH e emplacamento<\/span>\n                <\/div>\n                <div class=\"recomendadorV2Button\">Entenda agora<\/div>\n                <div class=\"recomendadorV2Alert\"><\/div>\n            <\/div>\n            <\/div>\n        <\/a>\n        <div>\n            <div style=\"z-index:99999;\" id=\"buttonClose\" onclick=\"closeRecomendadorFixed()\">\n            <div class=\"recomendadorCloseFixed\">X<\/div>\n            <\/div>\n            <a href=\"https:\/\/diariodocomercio.com.br\/mix\/nova-velocidade-maxima-para-bicicletas-eletricas-veiculos-que-ultrapassarem-vao-necessitar-de-cnh-e-emplacamento\/?utm_source=lazy\">\n            <div class=\"recomendadorFixedArea\">\n                <div id=\"recomendadorFixed\">\n                <div class=\"recomendadorLeftArea\">\n                    <div class=\"recomendadorImgFixed\">\n                    <img class=\"lazyload\" decoding=\"async\" src=\"https:\/\/diariodocomercio.com.br\/mix\/wp-content\/uploads\/2026\/01\/image-325-612x375.jpg\" alt=\"\">\n                    <\/div>\n                <\/div>\n                <div class=\"recomendadorRightArea\">\n                    <div class=\"recomendadorTitleFixed\">\n                    <h2><span>E-bikes e limite \ud83d\udeb2<\/span><\/h2>\n                    <\/div>\n                    <div class=\"recomendadorButtonFixed\">Entenda agora<\/div>\n                    <div class=\"recomendadorAlertFixed\"><\/div>\n                <\/div>\n                <\/div>\n            <\/div>\n            <\/a>\n        <\/div>\n        <\/div>\n\n\n\n<p>As a\u00e7\u00f5es de fiscaliza\u00e7\u00e3o t\u00eam sido realizadas em&nbsp;<strong>pontos estrat\u00e9gicos da cidade<\/strong>, como a ciclovia e a Avenida Ayrton Senna, no bairro Itarar\u00e9. Segundo a prefeitura, o objetivo principal \u00e9&nbsp;<strong>reduzir conflitos entre ciclistas, pedestres e tutores de animais<\/strong>, al\u00e9m de prevenir acidentes.<\/p>\n\n\n\n<p>De acordo com a administra\u00e7\u00e3o municipal,&nbsp;<strong>ciclovias s\u00e3o destinadas exclusivamente ao tr\u00e1fego de bicicletas<\/strong>, conforme determina o&nbsp;<strong>C\u00f3digo de Tr\u00e2nsito Brasileiro (CTB)<\/strong>. Pedestres e pessoas acompanhadas de animais devem utilizar&nbsp;<strong>cal\u00e7adas, parques e \u00e1reas apropriadas para caminhadas e corridas<\/strong>.<\/p>\n\n\n\n<p>Al\u00e9m disso, o munic\u00edpio tamb\u00e9m intensificou a&nbsp;<strong>restri\u00e7\u00e3o ao tr\u00e1fego de ve\u00edculos motorizados<\/strong>&nbsp;em trechos pr\u00f3ximos \u00e0s ciclovias, incluindo ciclomotores e equipamentos el\u00e9tricos que n\u00e3o se enquadram nas regras de circula\u00e7\u00e3o desses espa\u00e7os.<\/p>\n\n\n\n<h2 class=\"wp-block-heading\"><strong>Orienta\u00e7\u00e3o antes de puni\u00e7\u00e3o<\/strong><\/h2>\n\n\n\n<p>Neste primeiro momento, a atua\u00e7\u00e3o dos agentes de tr\u00e2nsito tem car\u00e1ter&nbsp;<strong>educativo e preventivo<\/strong>. A popula\u00e7\u00e3o est\u00e1 sendo orientada sobre as mudan\u00e7as, mas a prefeitura alerta que&nbsp;<strong>penalidades poder\u00e3o ser aplicadas em caso de descumprimento<\/strong>&nbsp;das normas.<\/p>\n\n\n\n<p>A gest\u00e3o municipal afirma que a medida visa&nbsp;<strong>organizar a mobilidade urbana<\/strong>, melhorar a conviv\u00eancia entre os usu\u00e1rios e tornar as ciclovias mais seguras para quem depende da bicicleta como meio de transporte ou lazer.<\/p>\n","protected":false},"excerpt":{"rendered":"<p>A Prefeitura de&nbsp;S\u00e3o Vicente, no litoral de S\u00e3o Paulo, passou a&nbsp;proibir a circula\u00e7\u00e3o de pedestres e a pr\u00e1tica de corrida com animais nas ciclovias e ciclofaixas do munic\u00edpio. A nova regra j\u00e1 est\u00e1 em vigor e faz parte de um pacote de a\u00e7\u00f5es para reorganizar o uso dos espa\u00e7os p\u00fablicos e garantir mais seguran\u00e7a aos [&hellip;]<\/p>\n","protected":false},"author":9,"featured_media":33838,"comment_status":"closed","ping_status":"closed","sticky":false,"template":"","format":"standard","meta":{"jnews-multi-image_gallery":[],"jnews_single_post":{"format":"standard"},"jnews_primary_category":[],"jnews_social_meta":[],"jnews_override_counter":[],"jnews_post_split":[],"footnotes":""},"categories":[1],"tags":[],"class_list":["post-33837","post","type-post","status-publish","format-standard","has-post-thumbnail","hentry","category-geral"],"_referencia":"","_links":{"self":[{"href":"https:\/\/diariodocomercio.com.br\/mix\/wp-json\/wp\/v2\/posts\/33837","targetHints":{"allow":["GET"]}}],"collection":[{"href":"https:\/\/diariodocomercio.com.br\/mix\/wp-json\/wp\/v2\/posts"}],"about":[{"href":"https:\/\/diariodocomercio.com.br\/mix\/wp-json\/wp\/v2\/types\/post"}],"author":[{"embeddable":true,"href":"https:\/\/diariodocomercio.com.br\/mix\/wp-json\/wp\/v2\/users\/9"}],"replies":[{"embeddable":true,"href":"https:\/\/diariodocomercio.com.br\/mix\/wp-json\/wp\/v2\/comments?post=33837"}],"version-history":[{"count":2,"href":"https:\/\/diariodocomercio.com.br\/mix\/wp-json\/wp\/v2\/posts\/33837\/revisions"}],"predecessor-version":[{"id":33881,"href":"https:\/\/diariodocomercio.com.br\/mix\/wp-json\/wp\/v2\/posts\/33837\/revisions\/33881"}],"wp:featuredmedia":[{"embeddable":true,"href":"https:\/\/diariodocomercio.com.br\/mix\/wp-json\/wp\/v2\/media\/33838"}],"wp:attachment":[{"href":"https:\/\/diariodocomercio.com.br\/mix\/wp-json\/wp\/v2\/media?parent=33837"}],"wp:term":[{"taxonomy":"category","embeddable":true,"href":"https:\/\/diariodocomercio.com.br\/mix\/wp-json\/wp\/v2\/categories?post=33837"},{"taxonomy":"post_tag","embeddable":true,"href":"https:\/\/diariodocomercio.com.br\/mix\/wp-json\/wp\/v2\/tags?post=33837"}],"curies":[{"name":"wp","href":"https:\/\/api.w.org\/{rel}","templated":true}]}}