{"id":33852,"date":"2026-01-29T16:06:23","date_gmt":"2026-01-29T19:06:23","guid":{"rendered":"https:\/\/diariodocomercio.com.br\/mix\/?p=33852"},"modified":"2026-01-29T17:26:34","modified_gmt":"2026-01-29T20:26:34","slug":"nova-velocidade-maxima-para-bicicletas-eletricas-veiculos-que-ultrapassarem-vao-necessitar-de-cnh-e-emplacamento","status":"publish","type":"post","link":"https:\/\/diariodocomercio.com.br\/mix\/nova-velocidade-maxima-para-bicicletas-eletricas-veiculos-que-ultrapassarem-vao-necessitar-de-cnh-e-emplacamento\/","title":{"rendered":"Nova velocidade m\u00e1xima para bicicletas el\u00e9tricas: ve\u00edculos que ultrapassarem v\u00e3o necessitar de CNH e emplacamento"},"content":{"rendered":"\n<p>As regras para circula\u00e7\u00e3o de&nbsp;<strong>bicicletas el\u00e9tricas, ciclomotores e ve\u00edculos autopropelidos<\/strong>&nbsp;ficaram mais r\u00edgidas a partir de&nbsp;<strong>janeiro de 2026<\/strong>, e um n\u00famero espec\u00edfico passou a ser determinante para os condutores:&nbsp;<strong>32 km\/h<\/strong>. Modelos que ultrapassarem esse limite deixam de ser considerados bicicletas el\u00e9tricas pela legisla\u00e7\u00e3o e passam a exigir&nbsp;<strong>Carteira Nacional de Habilita\u00e7\u00e3o (CNH) e emplacamento<\/strong>.<\/p>\n\n\n\n<p>A mudan\u00e7a faz parte da aplica\u00e7\u00e3o plena das resolu\u00e7\u00f5es do&nbsp;<strong>Conselho Nacional de Tr\u00e2nsito (Contran)<\/strong>&nbsp;e tem como objetivo organizar o uso dos ve\u00edculos el\u00e9tricos de duas rodas, que cresceram rapidamente nas cidades brasileiras e ainda geram muitas d\u00favidas entre consumidores.<\/p>\n\n\n\n<p>Para continuar&nbsp;<strong>isenta de CNH, registro e placa<\/strong>, a bicicleta el\u00e9trica precisa atender a crit\u00e9rios t\u00e9cnicos claros. N\u00e3o basta o nome comercial usado pela loja ou fabricante. O que vale \u00e9 a configura\u00e7\u00e3o do ve\u00edculo.<\/p>\n\n\n\n<p>De acordo com a legisla\u00e7\u00e3o, a bicicleta el\u00e9trica regular deve ter:<\/p>\n\n\n\n<ul class=\"wp-block-list\">\n<li><strong>Motor el\u00e9trico apenas auxiliar<\/strong>, que funciona somente quando o ciclista pedala<\/li>\n\n\n\n<li><strong>Proibi\u00e7\u00e3o de acelerador manual<\/strong>\u00a0(gatilho ou manopla)<\/li>\n\n\n\n<li><strong>Pot\u00eancia m\u00e1xima de at\u00e9 1.000 watts (1 kW)<\/strong><\/li>\n\n\n\n<li><strong>Velocidade m\u00e1xima de assist\u00eancia el\u00e9trica limitada a 32 km\/h<\/strong><\/li>\n<\/ul>\n\n\n\n<p>Se qualquer um desses requisitos for descumprido, o ve\u00edculo muda de categoria legal.<\/p>\n\n\n\n<h3 class=\"wp-block-heading\"><strong>Acelerador muda tudo: aten\u00e7\u00e3o ao guid\u00e3o<\/strong><\/h3>\n\n\n\n<p>Um dos pontos mais importantes \u2014 e que mais gera apreens\u00f5es \u2014 \u00e9 a presen\u00e7a do&nbsp;<strong>acelerador independente<\/strong>. A regra \u00e9 direta:&nbsp;<strong>se tem acelerador, n\u00e3o \u00e9 bicicleta el\u00e9trica<\/strong>, mesmo que tenha pedais.<\/p>\n\n\n\n<p>Nesses casos, o ve\u00edculo pode ser enquadrado como&nbsp;<strong>autopropelido<\/strong>&nbsp;ou&nbsp;<strong>ciclomotor<\/strong>, dependendo do tamanho e da velocidade m\u00e1xima.<\/p>\n\n\n\n<h2 class=\"wp-block-heading\"><strong>As tr\u00eas categorias que voc\u00ea precisa conhecer<\/strong><\/h2>\n\n\n\n<h4 class=\"wp-block-heading\">1. Bicicleta el\u00e9trica (n\u00e3o exige CNH nem placa)<\/h4>\n\n\n\n<ul class=\"wp-block-list\">\n<li>Sem acelerador<\/li>\n\n\n\n<li>Motor s\u00f3 funciona com pedalada<\/li>\n\n\n\n<li>At\u00e9\u00a0<strong>1.000 W<\/strong>\u00a0e\u00a0<strong>32 km\/h<\/strong><\/li>\n\n\n\n<li>Pode circular em ciclovias, ciclofaixas e bordos da pista<\/li>\n<\/ul>\n\n\n\n<h4 class=\"wp-block-heading\">2. Ve\u00edculo autopropelido (n\u00e3o exige CNH nem placa)<\/h4>\n\n\n\n<ul class=\"wp-block-list\">\n<li>Possui acelerador<\/li>\n\n\n\n<li>Velocidade m\u00e1xima de\u00a0<strong>32 km\/h<\/strong><\/li>\n\n\n\n<li>Dimens\u00f5es reduzidas (at\u00e9 70 cm de largura e 130 cm entre eixos)<\/li>\n\n\n\n<li>Exemplos: patinetes el\u00e9tricos, monociclos e alguns modelos compactos<\/li>\n\n\n\n<li>Pode circular em ciclovias e cal\u00e7adas, respeitando limites de velocidade<\/li>\n<\/ul>\n\n\n\n<h4 class=\"wp-block-heading\">3. Ciclomotor (exige CNH e emplacamento)<\/h4>\n\n\n\n<ul class=\"wp-block-list\">\n<li>Possui acelerador<\/li>\n\n\n\n<li>Velocidade de at\u00e9\u00a0<strong>50 km\/h<\/strong><\/li>\n\n\n\n<li>Pot\u00eancia de at\u00e9\u00a0<strong>4 kW (4.000 W)<\/strong><\/li>\n\n\n\n<li>Inclui a maioria das \u201cbicicletas el\u00e9tricas\u201d grandes com acelerador<\/li>\n\n\n\n<li>Exige\u00a0<strong>placa, licenciamento anual e CNH categoria A ou ACC<\/strong><\/li>\n\n\n\n<li>Deve circular apenas na rua, nunca em ciclovias<\/li>\n<\/ul>\n\n\n\n<h2 class=\"wp-block-heading\"><strong>Bicicleta com pedal e acelerador: situa\u00e7\u00e3o de risco<\/strong><\/h2>\n\n\n\n<p>O caso mais comum \u2014 e problem\u00e1tico \u2014 \u00e9 o da bicicleta el\u00e9trica de tamanho convencional (aro 26 ou 29) que sai de f\u00e1brica com&nbsp;<strong>pedais e acelerador<\/strong>. Pela lei, esse tipo de ve\u00edculo&nbsp;<strong>n\u00e3o se enquadra como bicicleta el\u00e9trica<\/strong>&nbsp;e quase sempre ultrapassa as dimens\u00f5es permitidas para autopropelidos.<\/p>\n\n\n\n<p>Na pr\u00e1tica, ela passa a ser considerada&nbsp;<strong>ciclomotor<\/strong>, sujeita a fiscaliza\u00e7\u00e3o, apreens\u00e3o, multa e exig\u00eancia de habilita\u00e7\u00e3o.<\/p>\n\n\n\n<p>A \u00fanica alternativa para manter a isen\u00e7\u00e3o \u00e9&nbsp;<strong>remover o acelerador<\/strong>&nbsp;e deixar o ve\u00edculo exclusivamente como pedal assistido, respeitando o limite de&nbsp;<strong>32 km\/h e 1.000 W<\/strong>.<\/p>\n","protected":false},"excerpt":{"rendered":"<p>As regras para circula\u00e7\u00e3o de&nbsp;bicicletas el\u00e9tricas, ciclomotores e ve\u00edculos autopropelidos&nbsp;ficaram mais r\u00edgidas a partir de&nbsp;janeiro de 2026, e um n\u00famero espec\u00edfico passou a ser determinante para os condutores:&nbsp;32 km\/h. Modelos que ultrapassarem esse limite deixam de ser considerados bicicletas el\u00e9tricas pela legisla\u00e7\u00e3o e passam a exigir&nbsp;Carteira Nacional de Habilita\u00e7\u00e3o (CNH) e emplacamento. A mudan\u00e7a faz [&hellip;]<\/p>\n","protected":false},"author":9,"featured_media":33856,"comment_status":"closed","ping_status":"closed","sticky":false,"template":"","format":"standard","meta":{"jnews-multi-image_gallery":[],"jnews_single_post":{"format":"standard"},"jnews_primary_category":[],"jnews_social_meta":[],"jnews_override_counter":[],"jnews_post_split":[],"footnotes":""},"categories":[1],"tags":[],"class_list":["post-33852","post","type-post","status-publish","format-standard","has-post-thumbnail","hentry","category-geral"],"_referencia":"","_links":{"self":[{"href":"https:\/\/diariodocomercio.com.br\/mix\/wp-json\/wp\/v2\/posts\/33852","targetHints":{"allow":["GET"]}}],"collection":[{"href":"https:\/\/diariodocomercio.com.br\/mix\/wp-json\/wp\/v2\/posts"}],"about":[{"href":"https:\/\/diariodocomercio.com.br\/mix\/wp-json\/wp\/v2\/types\/post"}],"author":[{"embeddable":true,"href":"https:\/\/diariodocomercio.com.br\/mix\/wp-json\/wp\/v2\/users\/9"}],"replies":[{"embeddable":true,"href":"https:\/\/diariodocomercio.com.br\/mix\/wp-json\/wp\/v2\/comments?post=33852"}],"version-history":[{"count":1,"href":"https:\/\/diariodocomercio.com.br\/mix\/wp-json\/wp\/v2\/posts\/33852\/revisions"}],"predecessor-version":[{"id":33857,"href":"https:\/\/diariodocomercio.com.br\/mix\/wp-json\/wp\/v2\/posts\/33852\/revisions\/33857"}],"wp:featuredmedia":[{"embeddable":true,"href":"https:\/\/diariodocomercio.com.br\/mix\/wp-json\/wp\/v2\/media\/33856"}],"wp:attachment":[{"href":"https:\/\/diariodocomercio.com.br\/mix\/wp-json\/wp\/v2\/media?parent=33852"}],"wp:term":[{"taxonomy":"category","embeddable":true,"href":"https:\/\/diariodocomercio.com.br\/mix\/wp-json\/wp\/v2\/categories?post=33852"},{"taxonomy":"post_tag","embeddable":true,"href":"https:\/\/diariodocomercio.com.br\/mix\/wp-json\/wp\/v2\/tags?post=33852"}],"curies":[{"name":"wp","href":"https:\/\/api.w.org\/{rel}","templated":true}]}}