{"id":33874,"date":"2026-01-29T17:49:01","date_gmt":"2026-01-29T20:49:01","guid":{"rendered":"https:\/\/diariodocomercio.com.br\/mix\/?p=33874"},"modified":"2026-01-29T17:49:03","modified_gmt":"2026-01-29T20:49:03","slug":"cuidado-antes-de-comprar-esses-sao-os-modelos-de-carros-mais-visados-por-assaltantes-no-brasil","status":"publish","type":"post","link":"https:\/\/diariodocomercio.com.br\/mix\/cuidado-antes-de-comprar-esses-sao-os-modelos-de-carros-mais-visados-por-assaltantes-no-brasil\/","title":{"rendered":"Cuidado antes de comprar: esses s\u00e3o os modelos de carros mais visados por assaltantes no Brasil"},"content":{"rendered":"\n<p>A inseguran\u00e7a relacionada ao uso de ve\u00edculos no Brasil permaneceu em evid\u00eancia ao longo de 2025. Mesmo com avan\u00e7os pontuais em determinadas regi\u00f5es, os dados consolidados indicaram que o risco de roubos e furtos continuou sendo uma preocupa\u00e7\u00e3o relevante para motoristas em todo o pa\u00eds.&nbsp;<\/p>\n\n\n\n<p>Segundo o Anu\u00e1rio de Seguran\u00e7a do F\u00f3rum Brasileiro de Seguran\u00e7a P\u00fablica, o pa\u00eds registrou uma leve redu\u00e7\u00e3o nos roubos e furtos de ve\u00edculos em 2025, na compara\u00e7\u00e3o com o ano anterior. O total de ocorr\u00eancias caiu de 358.239 em 2023 para 344.596 em 2024, refletindo uma tend\u00eancia de desacelera\u00e7\u00e3o que se manteve ao longo de 2025.<\/p>\n\n\n\n<p>No entanto, essa diminui\u00e7\u00e3o n\u00e3o ocorreu de forma uniforme entre os estados. Acre, Rio Grande do Sul e Sergipe apresentaram quedas expressivas, com destaque para o Acre, que reduziu seus registros em mais de 40%.<\/p>\n\n\n\n<p>Em sentido oposto, alguns estados enfrentaram forte crescimento. Tocantins se destacou negativamente ao <strong>mais que dobrar o n\u00famero de casos,<\/strong> passando de 1.223 para 3.097 ocorr\u00eancias, o que representou aumento pr\u00f3ximo de 140%.<\/p>\n\n\n\n<h2 class=\"wp-block-heading\">S\u00e3o Paulo lidera em n\u00fameros absolutos<\/h2>\n\n\n\n<p>Em n\u00fameros absolutos, S\u00e3o Paulo continuou liderando o ranking nacional. Em 2024, o estado contabilizou <strong>125.692 roubos e furtos de ve\u00edculos,<\/strong> apesar de ter registrado uma redu\u00e7\u00e3o de 7,6% em rela\u00e7\u00e3o ao ano anterior.<\/p>\n\n\n\n<p>No primeiro semestre de 2025, a capital concentrou 15.902 ocorr\u00eancias, seguida por munic\u00edpios como Santo Andr\u00e9 e Guarulhos. O Rio de Janeiro apresentou um cen\u00e1rio mais cr\u00edtico, com crescimento de 20,1% e total de 48.267 casos.<\/p>\n\n\n\n<h2 class=\"wp-block-heading\">Carros mais roubados<\/h2>\n\n\n\n<p>Os dados tamb\u00e9m mostraram que os criminosos mantiveram o foco em ve\u00edculos compactos e populares, sobretudo modelos com mais de dez anos de uso. Hyundai HB20, Volkswagen Gol, Chevrolet Corsa, Fiat Uno e Chevrolet Onix figuraram entre os mais visados, impulsionados pela ampla circula\u00e7\u00e3o e pela facilidade de comercializa\u00e7\u00e3o de pe\u00e7as no mercado ilegal.<\/p>\n\n\n\n<p>Modelos como Fiat Strada e Fiat Argo apresentaram aumento relevante nos registros, enquanto ve\u00edculos fora de linha continuaram vulner\u00e1veis.<\/p>\n","protected":false},"excerpt":{"rendered":"<p>Dados mostram que criminosos preferem ve\u00edculos compactos e populares.<\/p>\n","protected":false},"author":12,"featured_media":30913,"comment_status":"closed","ping_status":"closed","sticky":false,"template":"","format":"standard","meta":{"jnews-multi-image_gallery":[],"jnews_single_post":{"format":"standard"},"jnews_primary_category":[],"jnews_social_meta":[],"jnews_override_counter":[],"jnews_post_split":[],"footnotes":""},"categories":[1],"tags":[],"class_list":["post-33874","post","type-post","status-publish","format-standard","has-post-thumbnail","hentry","category-geral"],"_referencia":"","_links":{"self":[{"href":"https:\/\/diariodocomercio.com.br\/mix\/wp-json\/wp\/v2\/posts\/33874","targetHints":{"allow":["GET"]}}],"collection":[{"href":"https:\/\/diariodocomercio.com.br\/mix\/wp-json\/wp\/v2\/posts"}],"about":[{"href":"https:\/\/diariodocomercio.com.br\/mix\/wp-json\/wp\/v2\/types\/post"}],"author":[{"embeddable":true,"href":"https:\/\/diariodocomercio.com.br\/mix\/wp-json\/wp\/v2\/users\/12"}],"replies":[{"embeddable":true,"href":"https:\/\/diariodocomercio.com.br\/mix\/wp-json\/wp\/v2\/comments?post=33874"}],"version-history":[{"count":1,"href":"https:\/\/diariodocomercio.com.br\/mix\/wp-json\/wp\/v2\/posts\/33874\/revisions"}],"predecessor-version":[{"id":33885,"href":"https:\/\/diariodocomercio.com.br\/mix\/wp-json\/wp\/v2\/posts\/33874\/revisions\/33885"}],"wp:featuredmedia":[{"embeddable":true,"href":"https:\/\/diariodocomercio.com.br\/mix\/wp-json\/wp\/v2\/media\/30913"}],"wp:attachment":[{"href":"https:\/\/diariodocomercio.com.br\/mix\/wp-json\/wp\/v2\/media?parent=33874"}],"wp:term":[{"taxonomy":"category","embeddable":true,"href":"https:\/\/diariodocomercio.com.br\/mix\/wp-json\/wp\/v2\/categories?post=33874"},{"taxonomy":"post_tag","embeddable":true,"href":"https:\/\/diariodocomercio.com.br\/mix\/wp-json\/wp\/v2\/tags?post=33874"}],"curies":[{"name":"wp","href":"https:\/\/api.w.org\/{rel}","templated":true}]}}