{"id":33901,"date":"2026-01-30T09:52:37","date_gmt":"2026-01-30T12:52:37","guid":{"rendered":"https:\/\/diariodocomercio.com.br\/mix\/?p=33901"},"modified":"2026-01-30T09:52:40","modified_gmt":"2026-01-30T12:52:40","slug":"inveja-na-realeza-principe-harry-joga-tudo-no-ventilador-sobre-o-rei-charles","status":"publish","type":"post","link":"https:\/\/diariodocomercio.com.br\/mix\/inveja-na-realeza-principe-harry-joga-tudo-no-ventilador-sobre-o-rei-charles\/","title":{"rendered":"Inveja na realeza? Pr\u00edncipe Harry joga tudo no ventilador sobre o Rei Charles"},"content":{"rendered":"\n<p>Desde que se afastou da Fam\u00edlia Real Brit\u00e2nica l\u00e1 em 2020, Pr\u00edncipe Harry tem aproveitado a liberdade para falar (e muito) sobre seus parentes, incluindo o seu pai, o Rei Charles III. Uma das revela\u00e7\u00f5es de Harry envolve algo que seu irm\u00e3o William e sua cunhada Kate Middleton fazem que o rei &#8220;n\u00e3o consegue tolerar&#8221;.<\/p>\n\n\n\n<figure class=\"wp-block-image size-large\"><img decoding=\"async\" width=\"1200\" height=\"675\" src=\"https:\/\/diariodocomercio.com.br\/mix\/wp-content\/uploads\/2026\/01\/principe-william-kate-middleton-1200x675.avif\" alt=\"pr\u00edncipe william kate middleton\" class=\"wp-image-33904\" srcset=\"https:\/\/diariodocomercio.com.br\/mix\/wp-content\/uploads\/2026\/01\/principe-william-kate-middleton-1200x675.avif 1200w, https:\/\/diariodocomercio.com.br\/mix\/wp-content\/uploads\/2026\/01\/principe-william-kate-middleton-300x169.avif 300w, https:\/\/diariodocomercio.com.br\/mix\/wp-content\/uploads\/2026\/01\/principe-william-kate-middleton-768x432.avif 768w, https:\/\/diariodocomercio.com.br\/mix\/wp-content\/uploads\/2026\/01\/principe-william-kate-middleton-1536x864.avif 1536w, https:\/\/diariodocomercio.com.br\/mix\/wp-content\/uploads\/2026\/01\/principe-william-kate-middleton-2048x1152.avif 2048w, https:\/\/diariodocomercio.com.br\/mix\/wp-content\/uploads\/2026\/01\/principe-william-kate-middleton-150x84.avif 150w, https:\/\/diariodocomercio.com.br\/mix\/wp-content\/uploads\/2026\/01\/principe-william-kate-middleton-750x422.avif 750w, https:\/\/diariodocomercio.com.br\/mix\/wp-content\/uploads\/2026\/01\/principe-william-kate-middleton-1140x641.avif 1140w\" sizes=\"(max-width: 1200px) 100vw, 1200px\" \/><figcaption class=\"wp-element-caption\">Imagem: reprodu\u00e7\u00e3o\/Heute<\/figcaption><\/figure>\n\n\n\n<h2 class=\"wp-block-heading\">Pr\u00edncipe Harry revela que Charles tinha inveja de William e Kate<\/h2>\n\n\n\n<p>De acordo com a revista Monet, a revela\u00e7\u00e3o saiu do controverso livro de mem\u00f3rias de Harry, <a href=\"https:\/\/www.amazon.com.br\/que-sobra-Pr%C3%ADncipe-Harry\/dp\/8539007479\/ref=sr_1_1?__mk_pt_BR=%C3%85M%C3%85%C5%BD%C3%95%C3%91&amp;crid=3PFGSP59FIF9M&amp;dib=eyJ2IjoiMSJ9.c3OC8Ja-n_dS55Gbh4iSV8ew5s6F_SrEqdVE86W8hwnbJdOAh9lV-Dti51-ZlxfXyhRYnaS9-FG08ZrhTa2T4e4fPUK0D7gw1r02VU2z0t6F5zkGl187QSD119HXoYaNMKeQNnZ-j-xpyYg-GD_HQWubt5J7WSZqFWH_iaaW3UCSfNM4StMEW0TKIUKJ6kVRFc2obI4APL1yJgWmJILWrJZ7Jhy7BOxUhRDM7_pR5PFE3tzfcegXP2jm5Vrzzm_W-ByXWw2qLuFwfCGMdPCxdMxa5GutdiFAsDK5oMscgTs.Ki3BUvG2VabKsrPjhWaztCZW_5IoP6_CMPJWRAhlWtA&amp;dib_tag=se&amp;keywords=o+que+sobra&amp;qid=1769776922&amp;sprefix=o+que+sobr%2Caps%2C226&amp;sr=8-1&amp;ufe=app_do%3Aamzn1.fos.6d798eae-cadf-45de-946a-f477d47705b9\" target=\"_blank\" rel=\"noreferrer noopener\">O Que Sobra<\/a>, publicado l\u00e1 em 2023. Em um momento do livro, referindo-se ao ano de 2015, Harry contou que o ent\u00e3o pr\u00edncipe Charles e sua esposa, Camilla Parker-Bowles, tinham ci\u00fames da aten\u00e7\u00e3o p\u00fablica que William e Kate recebiam.<\/p>\n\n\n\n<p><em>\u201cWilly* fazia tudo que ele (Charles) queria, e \u00e0s vezes ele [Charles] n\u00e3o queria que ele [William] fizesse muito, porque meu pai e Camilla n\u00e3o gostavam que Willy e Kate recebessem muita publicidade\u201d<\/em>, escreveu o marido de Meghan Markle.<\/p>\n\n\n\n<p>*Apelido para William. <\/p>\n\n\n\n<p>Segundo Harry, a equipe de Charles fazia absoluta quest\u00e3o que Kate nunca fosse fotografada em um evento real segurando uma raquete de t\u00eanis, porque isso tiraria Charles e Camilla de qualquer capa.<\/p>\n\n\n\n<p>Esse medo de Charles de perder os holofotes continuou. Harry conta que, em 2017, quando apresentou Meghan \u00e0 fam\u00edlia, o pai novamente teria ficado com medo porque Meghan teria o potencial de &#8220;dominar a monarquia&#8221;. De acordo com o pr\u00edncipe, Charles tinha medo de algu\u00e9m de fora da fam\u00edlia real, como a falecida Princesa Diana, &#8220;roubasse&#8221; a aten\u00e7\u00e3o da m\u00eddia.<\/p>\n\n\n\n<style>@media (min-width: 992px) {\n    .recomendadorV2Area1 {\n        width: 280px;\n    }\n    .recomendadorV2Area2 {\n        padding: 0px 20px;\n        width: calc(100% - 280px);\n    }\n}\n\n@media (max-width: 992px) {\n    .recomendadorV2Button {\n        margin: 0 auto;\n    }\n    .recomendadorV2Area {\n        flex-direction: column;\n        text-align: center;\n    }\n    .recomendadorV2Area2 {\n        padding: 0px 20px;\n    }\n}\n\n.recomendadorV2Area {\n    background: #eeeeee3d;\n    border-radius: 10px;\n    padding: 15px;\n    display: flex;\n    margin: 15px auto;\n    border: 1px solid #00000014;\n    max-width: 800px;\n}\n\n.recomendadorV2Area1 img {\n    width: 280px;\n    height: auto;\n    border-radius: 8px;\n}\n\n.linkrecomendadorv2 {\n    text-decoration: none !important;\n}\n\n.recomendadorV2Area2 .recomendadorV2Type {\n    text-transform: uppercase;\n    font-weight: 500;\n    font-size: 11px;\n    letter-spacing: 2px;\n    color: #666;\n    margin: 12px 0;\n    display: block;\n}\n\n.recomendadorV2Title h2 {\n    padding-top: 0px !important;\n    margin: 0px !important;\n    border-left: none !important;\n    padding-left: 0px !important;\n    line-height: 1.3;\n    color: #000 !important;\n    font-size: 24px;\n    margin-bottom: 12px !important;\n}\n\n.recomendadorV2Desc {\n    color: #333;\n    margin: 12px 0px !important;\n    font-size: 15px;\n    line-height: 1.5;\n}\n\n.recomendadorV2Button {\n    width: auto;\n    max-width: 200px;\n    margin: 0;\n    display: inline-flex;\n    align-items: center;\n    background: #1D3557;\n    border-radius: 8px;\n    color: #fff;\n    height: 36px;\n    justify-content: center;\n    text-align: center;\n    font-size: 14px;\n    padding: 0 20px;\n    transition: background-color 0.2s ease;\n}\n\n.recomendadorV2Button:hover {\n    background: #2a4d7a;\n}\n\n.recomendadorV2Button:after {\n    margin-top: -2px;\n    content: \"\u2192\";\n    padding: 0px 0px 0px 8px;\n}\n\n.recomendadorV2Alert {\n    text-align: left;\n    font-size: 11px;\n    margin-top: 8px;\n    color: #666;\n}\n\n.recomendadorFixedArea {\n    width: 100%;\n    display: flex;\n    justify-content: center;\n    align-items: center;\n}\n\n@media (min-width: 992px) {\n    #recomendadorFixed {\n        width: 32% !important;\n        left: 5%;\n    }\n    .recomendadorCloseFixed{\n        right: inherit !important;\n        left: 378px !important;\n    }\n}\n\n#recomendadorFixed {\n    width: 90%;\n    box-shadow: 0 10px 20px 0px #00000057;\n    display: none;\n    height: 90px;\n    background: #F6F6F6;\n    position: fixed;\n    flex-direction: row;\n    bottom: 10px;\n    z-index: 9999;\n    border-radius: 16px;\n    padding: 7px 10px;\n}\n\n.recomendadorLeftArea {\n    width: 160px;\n}\n\n.recomendadorRightArea h2 {\n    padding-top: 0px;\n    margin: 2px 0px 4px 0px !important;\n    font-weight: 400;\n    text-align: center;\n    padding-left: 0px !important;\n    color: #000 !important;\n    border-left: none !important;\n    line-height: 20px;\n    font-size: 12px !important;\n}\n\n.recomendadorImgFixed {\n    overflow: hidden;\n    padding: 8px 6px;\n    height: 100%;\n}\n\n.recomendadorImgFixed img {\n    height: 100% !important;\n    border-radius: 16px;\n}\n\n.recomendadorRightArea {\n    padding-top: 6px;\n    display: flex;\n    width: calc(100% - 130px);\n    justify-content: space-between;\n    align-items: center;\n    flex-direction: column;\n}\n\n.recomendadorButtonFixed {\n    margin: 0 auto;\n    background: #1D3557;\n    width: 80%;\n    text-align: center;\n    font-size: 10px;\n    color: #FFF;\n    padding: 2px 10px;\n    border-radius: 3px;\n}\n\n.recomendadorButtonFixed:after {\n    margin-top: -3px;\n    content: \"\u2192\";\n    padding: 0px 0px 0px 10px;\n}\n\n.recomendadorAlertFixed {\n    font-weight: 400;\n    text-align: center;\n    color: #484848;\n    font-size: 8px;\n}\n\n.recomendadorCloseFixed {\n    z-index: 99999;\n    display: none;\n    right: 0px;\n    left: inherit;\n    bottom: 99px;\n    position: fixed;\n    justify-content: center;\n    background: #F6F6F6;\n    width: 25px;\n    align-items: center;\n    height: 25px;\n    font-weight: 800;\n    border-radius: 50%;\n    border: 1px solid #EBEBEB;\n}\n\n.recomendadorV2Desc{\n    color: #000000;\n    margin: 20px 0px;\n}\n\n@media (max-width: 576px) {\n    .recomendadorV2Area {\n      padding: 10px;\n      max-width: 100%;\n    }\n  \n    .recomendadorV2Area1 img {\n      width: 100%;\n      border-radius: 6px;\n    }\n  \n    .recomendadorV2Area2 .recomendadorV2Type {\n      font-size: 9px;\n      letter-spacing: 1px;\n      margin: 8px 0;\n    }\n  \n    .recomendadorV2Title h2 {\n      font-size: 18px !important;\n      margin-bottom: 8px !important;\n      line-height: 1.2;\n    }\n  \n    .recomendadorV2Desc {\n      font-size: 14px;\n      margin: 8px 0 !important;\n      line-height: 1.4;\n    }\n  \n    .recomendadorV2Button {\n      font-size: 14px;\n      height: 40px;\n      padding: 0 12px;\n      max-width: 100%;\n      width: 100%;\n    }\n  \n    .recomendadorV2Button:after {\n      padding-left: 6px;\n    }\n  }\n  <\/style>\n        <div class=\"lazyblock-recomendador-v2-2jDGz wp-block-lazyblock-recomendador-v2\">\n        <a class=\"linkrecomendadorv2\" href=\"http:\/\/diariodocomercio.com.br\/mix\/rede-social-mais-famosa-da-china-pode-chegar-ao-brasil-e-acabar-com-instagram-whatsapp-e-facebook\/\">\n            <div class=\"recomendadorV2Area\">\n            <div class=\"recomendadorV2Area1\">\n                <div class=\"recomendadorV2Img\">\n                <img class=\"lazyloaded\" decoding=\"async\" src=\"https:\/\/diariodocomercio.com.br\/mix\/wp-content\/uploads\/2025\/05\/redes-sociais.jpg\" data-src=\"https:\/\/diariodocomercio.com.br\/mix\/wp-content\/uploads\/2025\/05\/redes-sociais.jpg\" alt=\"\">\n                <\/div>\n            <\/div>\n            <div class=\"recomendadorV2Area2\">\n                <div class=\"recomendadorV2Type\">\n                    <span>MUNDO<\/span>\n                <\/div>\n                <div class=\"recomendadorV2Title\">\n                <h2><span>Rede social mais famosa da China pode chegar ao Brasil e acabar com Instagram, WhatsApp e Facebook?<\/span><\/h2>\n                <\/div>\n                <div class=\"recomendadorV2Desc\">\n                <span>Voc\u00ea provavelmente j\u00e1 ouviu falar que plataformas como Instagram, Facebook e WhatsApp s\u00e3o proibidas na China. E sim, isso \u00e9 \u2026<\/span>\n                <\/div>\n                <div class=\"recomendadorV2Button\">Leia mais<\/div>\n                <div class=\"recomendadorV2Alert\"><\/div>\n            <\/div>\n            <\/div>\n        <\/a>\n        <div>\n            <div style=\"z-index:99999;\" id=\"buttonClose\" onclick=\"closeRecomendadorFixed()\">\n            <div class=\"recomendadorCloseFixed\">X<\/div>\n            <\/div>\n            <a href=\"http:\/\/diariodocomercio.com.br\/mix\/rede-social-mais-famosa-da-china-pode-chegar-ao-brasil-e-acabar-com-instagram-whatsapp-e-facebook\/\">\n            <div class=\"recomendadorFixedArea\">\n                <div id=\"recomendadorFixed\">\n                <div class=\"recomendadorLeftArea\">\n                    <div class=\"recomendadorImgFixed\">\n                    <img class=\"lazyload\" decoding=\"async\" src=\"https:\/\/diariodocomercio.com.br\/mix\/wp-content\/uploads\/2025\/05\/redes-sociais.jpg\" alt=\"\">\n                    <\/div>\n                <\/div>\n                <div class=\"recomendadorRightArea\">\n                    <div class=\"recomendadorTitleFixed\">\n                    <h2><span>Rede social mais famosa da China pode chegar ao Brasil e acabar com Instagram, WhatsApp e Facebook?<\/span><\/h2>\n                    <\/div>\n                    <div class=\"recomendadorButtonFixed\">Leia mais<\/div>\n                    <div class=\"recomendadorAlertFixed\"><\/div>\n                <\/div>\n                <\/div>\n            <\/div>\n            <\/a>\n        <\/div>\n        <\/div>\n","protected":false},"excerpt":{"rendered":"<p>Desde que se afastou da Fam\u00edlia Real Brit\u00e2nica l\u00e1 em 2020, Pr\u00edncipe Harry tem aproveitado a liberdade para falar (e muito) sobre seus parentes, incluindo o seu pai, o Rei Charles III. Uma das revela\u00e7\u00f5es de Harry envolve algo que seu irm\u00e3o William e sua cunhada Kate Middleton fazem que o rei &#8220;n\u00e3o consegue tolerar&#8221;. [&hellip;]<\/p>\n","protected":false},"author":6,"featured_media":33903,"comment_status":"closed","ping_status":"closed","sticky":false,"template":"","format":"standard","meta":{"jnews-multi-image_gallery":[],"jnews_single_post":{"format":"standard"},"jnews_primary_category":[],"jnews_social_meta":[],"jnews_override_counter":[],"jnews_post_split":[],"footnotes":""},"categories":[1],"tags":[],"class_list":["post-33901","post","type-post","status-publish","format-standard","has-post-thumbnail","hentry","category-geral"],"_referencia":"","_links":{"self":[{"href":"https:\/\/diariodocomercio.com.br\/mix\/wp-json\/wp\/v2\/posts\/33901","targetHints":{"allow":["GET"]}}],"collection":[{"href":"https:\/\/diariodocomercio.com.br\/mix\/wp-json\/wp\/v2\/posts"}],"about":[{"href":"https:\/\/diariodocomercio.com.br\/mix\/wp-json\/wp\/v2\/types\/post"}],"author":[{"embeddable":true,"href":"https:\/\/diariodocomercio.com.br\/mix\/wp-json\/wp\/v2\/users\/6"}],"replies":[{"embeddable":true,"href":"https:\/\/diariodocomercio.com.br\/mix\/wp-json\/wp\/v2\/comments?post=33901"}],"version-history":[{"count":1,"href":"https:\/\/diariodocomercio.com.br\/mix\/wp-json\/wp\/v2\/posts\/33901\/revisions"}],"predecessor-version":[{"id":33907,"href":"https:\/\/diariodocomercio.com.br\/mix\/wp-json\/wp\/v2\/posts\/33901\/revisions\/33907"}],"wp:featuredmedia":[{"embeddable":true,"href":"https:\/\/diariodocomercio.com.br\/mix\/wp-json\/wp\/v2\/media\/33903"}],"wp:attachment":[{"href":"https:\/\/diariodocomercio.com.br\/mix\/wp-json\/wp\/v2\/media?parent=33901"}],"wp:term":[{"taxonomy":"category","embeddable":true,"href":"https:\/\/diariodocomercio.com.br\/mix\/wp-json\/wp\/v2\/categories?post=33901"},{"taxonomy":"post_tag","embeddable":true,"href":"https:\/\/diariodocomercio.com.br\/mix\/wp-json\/wp\/v2\/tags?post=33901"}],"curies":[{"name":"wp","href":"https:\/\/api.w.org\/{rel}","templated":true}]}}