{"id":33917,"date":"2026-01-30T10:34:54","date_gmt":"2026-01-30T13:34:54","guid":{"rendered":"https:\/\/diariodocomercio.com.br\/mix\/?p=33917"},"modified":"2026-01-30T10:34:58","modified_gmt":"2026-01-30T13:34:58","slug":"bbb-26-participante-pode-ser-expulso-depois-de-empurrao","status":"publish","type":"post","link":"https:\/\/diariodocomercio.com.br\/mix\/bbb-26-participante-pode-ser-expulso-depois-de-empurrao\/","title":{"rendered":"BBB 26: participante pode ser expulso depois de empurr\u00e3o?"},"content":{"rendered":"\n<p>Ser\u00e1 que podemos ter uma expuls\u00e3o nessa edi\u00e7\u00e3o do Big Brother Brasil? O BBB 26 come\u00e7ou agitado na manh\u00e3 desta sexta-feira (30), com um Big Fone tocando. Na cl\u00e1ssica correria para tentar atender ao telefone, um incidente entre os brothers Paulo Augusto (o PA) e Jonas est\u00e1 dando o que falar na casa.<\/p>\n\n\n\n<figure class=\"wp-block-image size-full\"><img decoding=\"async\" width=\"1200\" height=\"540\" src=\"https:\/\/diariodocomercio.com.br\/mix\/wp-content\/uploads\/2026\/01\/pa-jonas-bbb-26.jpg\" alt=\"pa jonas bbb 26\" class=\"wp-image-33918\" srcset=\"https:\/\/diariodocomercio.com.br\/mix\/wp-content\/uploads\/2026\/01\/pa-jonas-bbb-26.jpg 1200w, https:\/\/diariodocomercio.com.br\/mix\/wp-content\/uploads\/2026\/01\/pa-jonas-bbb-26-300x135.jpg 300w, https:\/\/diariodocomercio.com.br\/mix\/wp-content\/uploads\/2026\/01\/pa-jonas-bbb-26-768x346.jpg 768w, https:\/\/diariodocomercio.com.br\/mix\/wp-content\/uploads\/2026\/01\/pa-jonas-bbb-26-150x68.jpg 150w, https:\/\/diariodocomercio.com.br\/mix\/wp-content\/uploads\/2026\/01\/pa-jonas-bbb-26-750x338.jpg 750w, https:\/\/diariodocomercio.com.br\/mix\/wp-content\/uploads\/2026\/01\/pa-jonas-bbb-26-1140x513.jpg 1140w\" sizes=\"(max-width: 1200px) 100vw, 1200px\" \/><figcaption class=\"wp-element-caption\">Imagens: divulga\u00e7\u00e3o\/Globo<\/figcaption><\/figure>\n\n\n\n<h2 class=\"wp-block-heading\">BBB 26: PA pode ser expulso?<\/h2>\n\n\n\n<p>Quando o Big Fone tocou \u00e0s 7h, os participantes sa\u00edram correndo para atender ao toque. Durante a correria, o veterano caiu de cara no gramado. Mas ele argumenta que n\u00e3o trope\u00e7ou sozinho, acusando o participante pipoca PA de t\u00ea-lo empurrado. Depois disso, o pipoca tentou se defender, afirmando que Jonas ainda estava &#8220;molenga&#8221; e com sono. Revoltado, Jonas devolveu dizendo: <em>\u201cVoc\u00ea sabe o que voc\u00ea fez, n\u00e9? Eu n\u00e3o ca\u00ed sozinho\u201d<\/em>. Em outra conversa, o brother disse que lembra de duas m\u00e3os empurrando ele antes da queda.<\/p>\n\n\n\n<p>Em conversa no quarto com Jornada, PA tentou explicar o momento. <em>\u201cEle tava correndo devagar e eu fui e passei ele. N\u00e3o sei se tava sonolento\u2026 eu n\u00e3o empurrei ele; joguei ele pra tr\u00e1s pra eu correr pra frente&#8221;<\/em>, afirmou PA. <em>\u201cSe ele tivesse normal, ele n\u00e3o cairia. O cara \u00e9 forte, olha o tamanho do cara. Ele caiu igual uma ab\u00f3bora no ch\u00e3o. Fez um barulh\u00e3o\u201d<\/em>, completou o estudante de veterin\u00e1ria.<\/p>\n\n\n\n<p>O momento est\u00e1 gerando pol\u00eamica na internet, com muitos usu\u00e1rios questionando se n\u00e3o seria caso de PA ser expulso por agress\u00e3o. Pelo menos por enquanto, o participante continua no elenco dos brothers&#8230; ser\u00e1 que isso ainda vai mudar?<\/p>\n\n\n\n<p>Confira o v\u00eddeo do momento do suposto empurr\u00e3o:<\/p>\n\n\n\n<figure class=\"wp-block-embed is-type-rich is-provider-twitter wp-block-embed-twitter\"><div class=\"wp-block-embed__wrapper\">\n<blockquote class=\"twitter-tweet\" data-width=\"500\" data-dnt=\"true\"><p lang=\"pt\" dir=\"ltr\">\ud83d\udea8 V\u00eddeo do suposto EMPURR\u00c3O dado por PA em Jonas durante corrida para atender o BigFone. O que acham? \ud83d\udc40 <a href=\"https:\/\/twitter.com\/hashtag\/RedeBBB?src=hash&amp;ref_src=twsrc%5Etfw\" target=\"_blank\" rel=\"noopener\">#RedeBBB<\/a> <a href=\"https:\/\/twitter.com\/hashtag\/BBB26?src=hash&amp;ref_src=twsrc%5Etfw\" target=\"_blank\" rel=\"noopener\">#BBB26<\/a> <a href=\"https:\/\/t.co\/MMZEaS4TGe\" target=\"_blank\">pic.twitter.com\/MMZEaS4TGe<\/a><\/p>&mdash; Buzzpop no #BBB26 \ud83d\udcfa (@buzzpopbr) <a href=\"https:\/\/twitter.com\/buzzpopbr\/status\/2017191052248056232?ref_src=twsrc%5Etfw\" target=\"_blank\" rel=\"noopener\">January 30, 2026<\/a><\/blockquote><script async src=\"https:\/\/platform.twitter.com\/widgets.js\" charset=\"utf-8\"><\/script>\n<\/div><\/figure>\n\n\n\n<style>@media (min-width: 992px) {\n    .recomendadorV2Area1 {\n        width: 280px;\n    }\n    .recomendadorV2Area2 {\n        padding: 0px 20px;\n        width: calc(100% - 280px);\n    }\n}\n\n@media (max-width: 992px) {\n    .recomendadorV2Button {\n        margin: 0 auto;\n    }\n    .recomendadorV2Area {\n        flex-direction: column;\n        text-align: center;\n    }\n    .recomendadorV2Area2 {\n        padding: 0px 20px;\n    }\n}\n\n.recomendadorV2Area {\n    background: #eeeeee3d;\n    border-radius: 10px;\n    padding: 15px;\n    display: flex;\n    margin: 15px auto;\n    border: 1px solid #00000014;\n    max-width: 800px;\n}\n\n.recomendadorV2Area1 img {\n    width: 280px;\n    height: auto;\n    border-radius: 8px;\n}\n\n.linkrecomendadorv2 {\n    text-decoration: none !important;\n}\n\n.recomendadorV2Area2 .recomendadorV2Type {\n    text-transform: uppercase;\n    font-weight: 500;\n    font-size: 11px;\n    letter-spacing: 2px;\n    color: #666;\n    margin: 12px 0;\n    display: block;\n}\n\n.recomendadorV2Title h2 {\n    padding-top: 0px !important;\n    margin: 0px !important;\n    border-left: none !important;\n    padding-left: 0px !important;\n    line-height: 1.3;\n    color: #000 !important;\n    font-size: 24px;\n    margin-bottom: 12px !important;\n}\n\n.recomendadorV2Desc {\n    color: #333;\n    margin: 12px 0px !important;\n    font-size: 15px;\n    line-height: 1.5;\n}\n\n.recomendadorV2Button {\n    width: auto;\n    max-width: 200px;\n    margin: 0;\n    display: inline-flex;\n    align-items: center;\n    background: #1D3557;\n    border-radius: 8px;\n    color: #fff;\n    height: 36px;\n    justify-content: center;\n    text-align: center;\n    font-size: 14px;\n    padding: 0 20px;\n    transition: background-color 0.2s ease;\n}\n\n.recomendadorV2Button:hover {\n    background: #2a4d7a;\n}\n\n.recomendadorV2Button:after {\n    margin-top: -2px;\n    content: \"\u2192\";\n    padding: 0px 0px 0px 8px;\n}\n\n.recomendadorV2Alert {\n    text-align: left;\n    font-size: 11px;\n    margin-top: 8px;\n    color: #666;\n}\n\n.recomendadorFixedArea {\n    width: 100%;\n    display: flex;\n    justify-content: center;\n    align-items: center;\n}\n\n@media (min-width: 992px) {\n    #recomendadorFixed {\n        width: 32% !important;\n        left: 5%;\n    }\n    .recomendadorCloseFixed{\n        right: inherit !important;\n        left: 378px !important;\n    }\n}\n\n#recomendadorFixed {\n    width: 90%;\n    box-shadow: 0 10px 20px 0px #00000057;\n    display: none;\n    height: 90px;\n    background: #F6F6F6;\n    position: fixed;\n    flex-direction: row;\n    bottom: 10px;\n    z-index: 9999;\n    border-radius: 16px;\n    padding: 7px 10px;\n}\n\n.recomendadorLeftArea {\n    width: 160px;\n}\n\n.recomendadorRightArea h2 {\n    padding-top: 0px;\n    margin: 2px 0px 4px 0px !important;\n    font-weight: 400;\n    text-align: center;\n    padding-left: 0px !important;\n    color: #000 !important;\n    border-left: none !important;\n    line-height: 20px;\n    font-size: 12px !important;\n}\n\n.recomendadorImgFixed {\n    overflow: hidden;\n    padding: 8px 6px;\n    height: 100%;\n}\n\n.recomendadorImgFixed img {\n    height: 100% !important;\n    border-radius: 16px;\n}\n\n.recomendadorRightArea {\n    padding-top: 6px;\n    display: flex;\n    width: calc(100% - 130px);\n    justify-content: space-between;\n    align-items: center;\n    flex-direction: column;\n}\n\n.recomendadorButtonFixed {\n    margin: 0 auto;\n    background: #1D3557;\n    width: 80%;\n    text-align: center;\n    font-size: 10px;\n    color: #FFF;\n    padding: 2px 10px;\n    border-radius: 3px;\n}\n\n.recomendadorButtonFixed:after {\n    margin-top: -3px;\n    content: \"\u2192\";\n    padding: 0px 0px 0px 10px;\n}\n\n.recomendadorAlertFixed {\n    font-weight: 400;\n    text-align: center;\n    color: #484848;\n    font-size: 8px;\n}\n\n.recomendadorCloseFixed {\n    z-index: 99999;\n    display: none;\n    right: 0px;\n    left: inherit;\n    bottom: 99px;\n    position: fixed;\n    justify-content: center;\n    background: #F6F6F6;\n    width: 25px;\n    align-items: center;\n    height: 25px;\n    font-weight: 800;\n    border-radius: 50%;\n    border: 1px solid #EBEBEB;\n}\n\n.recomendadorV2Desc{\n    color: #000000;\n    margin: 20px 0px;\n}\n\n@media (max-width: 576px) {\n    .recomendadorV2Area {\n      padding: 10px;\n      max-width: 100%;\n    }\n  \n    .recomendadorV2Area1 img {\n      width: 100%;\n      border-radius: 6px;\n    }\n  \n    .recomendadorV2Area2 .recomendadorV2Type {\n      font-size: 9px;\n      letter-spacing: 1px;\n      margin: 8px 0;\n    }\n  \n    .recomendadorV2Title h2 {\n      font-size: 18px !important;\n      margin-bottom: 8px !important;\n      line-height: 1.2;\n    }\n  \n    .recomendadorV2Desc {\n      font-size: 14px;\n      margin: 8px 0 !important;\n      line-height: 1.4;\n    }\n  \n    .recomendadorV2Button {\n      font-size: 14px;\n      height: 40px;\n      padding: 0 12px;\n      max-width: 100%;\n      width: 100%;\n    }\n  \n    .recomendadorV2Button:after {\n      padding-left: 6px;\n    }\n  }\n  <\/style>\n        <div class=\"lazyblock-recomendador-v2-2jDGz wp-block-lazyblock-recomendador-v2\">\n        <a class=\"linkrecomendadorv2\" href=\"http:\/\/diariodocomercio.com.br\/mix\/rede-social-mais-famosa-da-china-pode-chegar-ao-brasil-e-acabar-com-instagram-whatsapp-e-facebook\/\">\n            <div class=\"recomendadorV2Area\">\n            <div class=\"recomendadorV2Area1\">\n                <div class=\"recomendadorV2Img\">\n                <img class=\"lazyloaded\" decoding=\"async\" src=\"https:\/\/diariodocomercio.com.br\/mix\/wp-content\/uploads\/2025\/05\/redes-sociais.jpg\" data-src=\"https:\/\/diariodocomercio.com.br\/mix\/wp-content\/uploads\/2025\/05\/redes-sociais.jpg\" alt=\"\">\n                <\/div>\n            <\/div>\n            <div class=\"recomendadorV2Area2\">\n                <div class=\"recomendadorV2Type\">\n                    <span>MUNDO<\/span>\n                <\/div>\n                <div class=\"recomendadorV2Title\">\n                <h2><span>Rede social mais famosa da China pode chegar ao Brasil e acabar com Instagram, WhatsApp e Facebook?<\/span><\/h2>\n                <\/div>\n                <div class=\"recomendadorV2Desc\">\n                <span>Voc\u00ea provavelmente j\u00e1 ouviu falar que plataformas como Instagram, Facebook e WhatsApp s\u00e3o proibidas na China. E sim, isso \u00e9 \u2026<\/span>\n                <\/div>\n                <div class=\"recomendadorV2Button\">Leia mais<\/div>\n                <div class=\"recomendadorV2Alert\"><\/div>\n            <\/div>\n            <\/div>\n        <\/a>\n        <div>\n            <div style=\"z-index:99999;\" id=\"buttonClose\" onclick=\"closeRecomendadorFixed()\">\n            <div class=\"recomendadorCloseFixed\">X<\/div>\n            <\/div>\n            <a href=\"http:\/\/diariodocomercio.com.br\/mix\/rede-social-mais-famosa-da-china-pode-chegar-ao-brasil-e-acabar-com-instagram-whatsapp-e-facebook\/\">\n            <div class=\"recomendadorFixedArea\">\n                <div id=\"recomendadorFixed\">\n                <div class=\"recomendadorLeftArea\">\n                    <div class=\"recomendadorImgFixed\">\n                    <img class=\"lazyload\" decoding=\"async\" src=\"https:\/\/diariodocomercio.com.br\/mix\/wp-content\/uploads\/2025\/05\/redes-sociais.jpg\" alt=\"\">\n                    <\/div>\n                <\/div>\n                <div class=\"recomendadorRightArea\">\n                    <div class=\"recomendadorTitleFixed\">\n                    <h2><span>Rede social mais famosa da China pode chegar ao Brasil e acabar com Instagram, WhatsApp e Facebook?<\/span><\/h2>\n                    <\/div>\n                    <div class=\"recomendadorButtonFixed\">Leia mais<\/div>\n                    <div class=\"recomendadorAlertFixed\"><\/div>\n                <\/div>\n                <\/div>\n            <\/div>\n            <\/a>\n        <\/div>\n        <\/div>\n","protected":false},"excerpt":{"rendered":"<p>Ser\u00e1 que podemos ter uma expuls\u00e3o nessa edi\u00e7\u00e3o do Big Brother Brasil? O BBB 26 come\u00e7ou agitado na manh\u00e3 desta sexta-feira (30), com um Big Fone tocando. Na cl\u00e1ssica correria para tentar atender ao telefone, um incidente entre os brothers Paulo Augusto (o PA) e Jonas est\u00e1 dando o que falar na casa. BBB 26: [&hellip;]<\/p>\n","protected":false},"author":6,"featured_media":9793,"comment_status":"closed","ping_status":"closed","sticky":false,"template":"","format":"standard","meta":{"jnews-multi-image_gallery":[],"jnews_single_post":{"format":"standard"},"jnews_primary_category":[],"jnews_social_meta":[],"jnews_override_counter":[],"jnews_post_split":[],"footnotes":""},"categories":[1],"tags":[],"class_list":["post-33917","post","type-post","status-publish","format-standard","has-post-thumbnail","hentry","category-geral"],"_referencia":"","_links":{"self":[{"href":"https:\/\/diariodocomercio.com.br\/mix\/wp-json\/wp\/v2\/posts\/33917","targetHints":{"allow":["GET"]}}],"collection":[{"href":"https:\/\/diariodocomercio.com.br\/mix\/wp-json\/wp\/v2\/posts"}],"about":[{"href":"https:\/\/diariodocomercio.com.br\/mix\/wp-json\/wp\/v2\/types\/post"}],"author":[{"embeddable":true,"href":"https:\/\/diariodocomercio.com.br\/mix\/wp-json\/wp\/v2\/users\/6"}],"replies":[{"embeddable":true,"href":"https:\/\/diariodocomercio.com.br\/mix\/wp-json\/wp\/v2\/comments?post=33917"}],"version-history":[{"count":1,"href":"https:\/\/diariodocomercio.com.br\/mix\/wp-json\/wp\/v2\/posts\/33917\/revisions"}],"predecessor-version":[{"id":33920,"href":"https:\/\/diariodocomercio.com.br\/mix\/wp-json\/wp\/v2\/posts\/33917\/revisions\/33920"}],"wp:featuredmedia":[{"embeddable":true,"href":"https:\/\/diariodocomercio.com.br\/mix\/wp-json\/wp\/v2\/media\/9793"}],"wp:attachment":[{"href":"https:\/\/diariodocomercio.com.br\/mix\/wp-json\/wp\/v2\/media?parent=33917"}],"wp:term":[{"taxonomy":"category","embeddable":true,"href":"https:\/\/diariodocomercio.com.br\/mix\/wp-json\/wp\/v2\/categories?post=33917"},{"taxonomy":"post_tag","embeddable":true,"href":"https:\/\/diariodocomercio.com.br\/mix\/wp-json\/wp\/v2\/tags?post=33917"}],"curies":[{"name":"wp","href":"https:\/\/api.w.org\/{rel}","templated":true}]}}