{"id":33921,"date":"2026-01-30T11:07:03","date_gmt":"2026-01-30T14:07:03","guid":{"rendered":"https:\/\/diariodocomercio.com.br\/mix\/?p=33921"},"modified":"2026-01-30T18:54:13","modified_gmt":"2026-01-30T21:54:13","slug":"zumbi-descoberto-no-brasil-fungo-pode-destruir-cerebros","status":"publish","type":"post","link":"https:\/\/diariodocomercio.com.br\/mix\/zumbi-descoberto-no-brasil-fungo-pode-destruir-cerebros\/","title":{"rendered":"Zumbi descoberto no Brasil? Fungo pode destruir c\u00e9rebros"},"content":{"rendered":"\n<p>Uma descoberta feita no interior do Rio de Janeiro despertou curiosidade e at\u00e9 compara\u00e7\u00f5es com filmes de terror. Um&nbsp;<strong>fungo parasita capaz de dominar e destruir o corpo de aranhas<\/strong>&nbsp;foi identificado na Mata Atl\u00e2ntica, em Nova Friburgo, na Regi\u00e3o Serrana fluminense, e ficou conhecido popularmente como&nbsp;<strong>\u201cfungo zumbi\u201d<\/strong>. Apesar do apelido impressionante, cientistas garantem:&nbsp;<strong>n\u00e3o h\u00e1 qualquer risco para seres humanos<\/strong>.<\/p>\n\n\n\n<p>Batizada de&nbsp;<strong>Purpureocillium atlanticum<\/strong>, a nova esp\u00e9cie foi descrita pelo pesquisador brasileiro&nbsp;<strong>Jo\u00e3o de Ara\u00fajo<\/strong>, professor da Universidade de Copenhague, na Dinamarca. O achado ganhou repercuss\u00e3o mundial ap\u00f3s ser inclu\u00eddo na lista das&nbsp;<strong>dez descobertas cient\u00edficas mais importantes de 2025<\/strong>&nbsp;pelo tradicional&nbsp;<strong>Royal Botanic Gardens, Kew<\/strong>, de Londres.<\/p>\n\n\n\n<p>O Purpureocillium atlanticum parasita&nbsp;<strong>aranhas-armadilha<\/strong>, esp\u00e9cies que vivem em tocas subterr\u00e2neas. Ap\u00f3s infectar o animal, o fungo passa a se desenvolver internamente, consumindo os tecidos do hospedeiro at\u00e9 lev\u00e1-lo \u00e0 morte.<\/p>\n\n\n\n<p>Segundo Jo\u00e3o de Ara\u00fajo, o processo ocorre em est\u00e1gios. Primeiro, o corpo da aranha \u00e9 tomado por uma massa branca chamada&nbsp;<strong>mic\u00e9lio<\/strong>, estrutura vegetativa do fungo. Em seguida, uma esp\u00e9cie de \u201chaste\u201d emerge do corpo do animal e alcan\u00e7a a superf\u00edcie do solo, permitindo a&nbsp;<strong>libera\u00e7\u00e3o de esporos<\/strong>&nbsp;para infectar novos hospedeiros.<\/p>\n\n\n\n<p>Esse comportamento lembra o de outros fungos conhecidos por \u201ccontrolar\u201d insetos, o que rendeu o apelido de fungo zumbi. Ainda assim, os pesquisadores refor\u00e7am que o microrganismo \u00e9 altamente especializado e&nbsp;<strong>n\u00e3o consegue infectar humanos ou outros mam\u00edferos<\/strong>.<\/p>\n\n\n<div class=\"wp-block-image\">\n<figure class=\"aligncenter size-full\"><img decoding=\"async\" width=\"600\" height=\"401\" src=\"https:\/\/diariodocomercio.com.br\/mix\/wp-content\/uploads\/2026\/01\/image-258.png\" alt=\"\" class=\"wp-image-33135\" srcset=\"https:\/\/diariodocomercio.com.br\/mix\/wp-content\/uploads\/2026\/01\/image-258.png 600w, https:\/\/diariodocomercio.com.br\/mix\/wp-content\/uploads\/2026\/01\/image-258-300x201.png 300w, https:\/\/diariodocomercio.com.br\/mix\/wp-content\/uploads\/2026\/01\/image-258-150x100.png 150w\" sizes=\"(max-width: 600px) 100vw, 600px\" \/><\/figure>\n<\/div>\n\n\n<h2 class=\"wp-block-heading\"><strong>Descoberta ocorreu durante expedi\u00e7\u00e3o cient\u00edfica<\/strong><\/h2>\n\n\n<style>@media (min-width: 992px) {\n    .recomendadorV2Area1 {\n        width: 280px;\n    }\n    .recomendadorV2Area2 {\n        padding: 0px 20px;\n        width: calc(100% - 280px);\n    }\n}\n\n@media (max-width: 992px) {\n    .recomendadorV2Button {\n        margin: 0 auto;\n    }\n    .recomendadorV2Area {\n        flex-direction: column;\n        text-align: center;\n    }\n    .recomendadorV2Area2 {\n        padding: 0px 20px;\n    }\n}\n\n.recomendadorV2Area {\n    background: #eeeeee3d;\n    border-radius: 10px;\n    padding: 15px;\n    display: flex;\n    margin: 15px auto;\n    border: 1px solid #00000014;\n    max-width: 800px;\n}\n\n.recomendadorV2Area1 img {\n    width: 280px;\n    height: auto;\n    border-radius: 8px;\n}\n\n.linkrecomendadorv2 {\n    text-decoration: none !important;\n}\n\n.recomendadorV2Area2 .recomendadorV2Type {\n    text-transform: uppercase;\n    font-weight: 500;\n    font-size: 11px;\n    letter-spacing: 2px;\n    color: #666;\n    margin: 12px 0;\n    display: block;\n}\n\n.recomendadorV2Title h2 {\n    padding-top: 0px !important;\n    margin: 0px !important;\n    border-left: none !important;\n    padding-left: 0px !important;\n    line-height: 1.3;\n    color: #000 !important;\n    font-size: 24px;\n    margin-bottom: 12px !important;\n}\n\n.recomendadorV2Desc {\n    color: #333;\n    margin: 12px 0px !important;\n    font-size: 15px;\n    line-height: 1.5;\n}\n\n.recomendadorV2Button {\n    width: auto;\n    max-width: 200px;\n    margin: 0;\n    display: inline-flex;\n    align-items: center;\n    background: #1D3557;\n    border-radius: 8px;\n    color: #fff;\n    height: 36px;\n    justify-content: center;\n    text-align: center;\n    font-size: 14px;\n    padding: 0 20px;\n    transition: background-color 0.2s ease;\n}\n\n.recomendadorV2Button:hover {\n    background: #2a4d7a;\n}\n\n.recomendadorV2Button:after {\n    margin-top: -2px;\n    content: \"\u2192\";\n    padding: 0px 0px 0px 8px;\n}\n\n.recomendadorV2Alert {\n    text-align: left;\n    font-size: 11px;\n    margin-top: 8px;\n    color: #666;\n}\n\n.recomendadorFixedArea {\n    width: 100%;\n    display: flex;\n    justify-content: center;\n    align-items: center;\n}\n\n@media (min-width: 992px) {\n    #recomendadorFixed {\n        width: 32% !important;\n        left: 5%;\n    }\n    .recomendadorCloseFixed{\n        right: inherit !important;\n        left: 378px !important;\n    }\n}\n\n#recomendadorFixed {\n    width: 90%;\n    box-shadow: 0 10px 20px 0px #00000057;\n    display: none;\n    height: 90px;\n    background: #F6F6F6;\n    position: fixed;\n    flex-direction: row;\n    bottom: 10px;\n    z-index: 9999;\n    border-radius: 16px;\n    padding: 7px 10px;\n}\n\n.recomendadorLeftArea {\n    width: 160px;\n}\n\n.recomendadorRightArea h2 {\n    padding-top: 0px;\n    margin: 2px 0px 4px 0px !important;\n    font-weight: 400;\n    text-align: center;\n    padding-left: 0px !important;\n    color: #000 !important;\n    border-left: none !important;\n    line-height: 20px;\n    font-size: 12px !important;\n}\n\n.recomendadorImgFixed {\n    overflow: hidden;\n    padding: 8px 6px;\n    height: 100%;\n}\n\n.recomendadorImgFixed img {\n    height: 100% !important;\n    border-radius: 16px;\n}\n\n.recomendadorRightArea {\n    padding-top: 6px;\n    display: flex;\n    width: calc(100% - 130px);\n    justify-content: space-between;\n    align-items: center;\n    flex-direction: column;\n}\n\n.recomendadorButtonFixed {\n    margin: 0 auto;\n    background: #1D3557;\n    width: 80%;\n    text-align: center;\n    font-size: 10px;\n    color: #FFF;\n    padding: 2px 10px;\n    border-radius: 3px;\n}\n\n.recomendadorButtonFixed:after {\n    margin-top: -3px;\n    content: \"\u2192\";\n    padding: 0px 0px 0px 10px;\n}\n\n.recomendadorAlertFixed {\n    font-weight: 400;\n    text-align: center;\n    color: #484848;\n    font-size: 8px;\n}\n\n.recomendadorCloseFixed {\n    z-index: 99999;\n    display: none;\n    right: 0px;\n    left: inherit;\n    bottom: 99px;\n    position: fixed;\n    justify-content: center;\n    background: #F6F6F6;\n    width: 25px;\n    align-items: center;\n    height: 25px;\n    font-weight: 800;\n    border-radius: 50%;\n    border: 1px solid #EBEBEB;\n}\n\n.recomendadorV2Desc{\n    color: #000000;\n    margin: 20px 0px;\n}\n\n@media (max-width: 576px) {\n    .recomendadorV2Area {\n      padding: 10px;\n      max-width: 100%;\n    }\n  \n    .recomendadorV2Area1 img {\n      width: 100%;\n      border-radius: 6px;\n    }\n  \n    .recomendadorV2Area2 .recomendadorV2Type {\n      font-size: 9px;\n      letter-spacing: 1px;\n      margin: 8px 0;\n    }\n  \n    .recomendadorV2Title h2 {\n      font-size: 18px !important;\n      margin-bottom: 8px !important;\n      line-height: 1.2;\n    }\n  \n    .recomendadorV2Desc {\n      font-size: 14px;\n      margin: 8px 0 !important;\n      line-height: 1.4;\n    }\n  \n    .recomendadorV2Button {\n      font-size: 14px;\n      height: 40px;\n      padding: 0 12px;\n      max-width: 100%;\n      width: 100%;\n    }\n  \n    .recomendadorV2Button:after {\n      padding-left: 6px;\n    }\n  }\n  <\/style>\n        <div class=\"lazyblock-recomendador-v2-2jDGz wp-block-lazyblock-recomendador-v2\">\n        <a class=\"linkrecomendadorv2\" href=\"https:\/\/diariodocomercio.com.br\/mix\/nova-lei-permite-enterrar-animais-em-cemiterios-de-humanos\/?utm_source=lazy\">\n            <div class=\"recomendadorV2Area\">\n            <div class=\"recomendadorV2Area1\">\n                <div class=\"recomendadorV2Img\">\n                <img class=\"lazyloaded\" decoding=\"async\" src=\"https:\/\/diariodocomercio.com.br\/mix\/wp-content\/uploads\/2025\/06\/2149435510-750x375.jpg\" data-src=\"https:\/\/diariodocomercio.com.br\/mix\/wp-content\/uploads\/2025\/06\/2149435510-750x375.jpg\" alt=\"\">\n                <\/div>\n            <\/div>\n            <div class=\"recomendadorV2Area2\">\n                <div class=\"recomendadorV2Type\">\n                    <span>Nova Regra<\/span>\n                <\/div>\n                <div class=\"recomendadorV2Title\">\n                <h2><span>Pets no Cemit\u00e9rio \ud83d\udc3e<\/span><\/h2>\n                <\/div>\n                <div class=\"recomendadorV2Desc\">\n                <span>Lei permite enterro junto a humanos<\/span>\n                <\/div>\n                <div class=\"recomendadorV2Button\">Entenda Agora<\/div>\n                <div class=\"recomendadorV2Alert\"><\/div>\n            <\/div>\n            <\/div>\n        <\/a>\n        <div>\n            <div style=\"z-index:99999;\" id=\"buttonClose\" onclick=\"closeRecomendadorFixed()\">\n            <div class=\"recomendadorCloseFixed\">X<\/div>\n            <\/div>\n            <a href=\"https:\/\/diariodocomercio.com.br\/mix\/nova-lei-permite-enterrar-animais-em-cemiterios-de-humanos\/?utm_source=lazy\">\n            <div class=\"recomendadorFixedArea\">\n                <div id=\"recomendadorFixed\">\n                <div class=\"recomendadorLeftArea\">\n                    <div class=\"recomendadorImgFixed\">\n                    <img class=\"lazyload\" decoding=\"async\" src=\"https:\/\/diariodocomercio.com.br\/mix\/wp-content\/uploads\/2025\/06\/2149435510-750x375.jpg\" alt=\"\">\n                    <\/div>\n                <\/div>\n                <div class=\"recomendadorRightArea\">\n                    <div class=\"recomendadorTitleFixed\">\n                    <h2><span>Pets no Cemit\u00e9rio \ud83d\udc3e<\/span><\/h2>\n                    <\/div>\n                    <div class=\"recomendadorButtonFixed\">Entenda Agora<\/div>\n                    <div class=\"recomendadorAlertFixed\"><\/div>\n                <\/div>\n                <\/div>\n            <\/div>\n            <\/a>\n        <\/div>\n        <\/div>\n\n\n\n<p>A nova esp\u00e9cie foi encontrada durante uma&nbsp;<strong>expedi\u00e7\u00e3o cient\u00edfica na Reserva Particular do Patrim\u00f4nio Natural Alto da Figueira<\/strong>, no distrito de Lumiar, em Nova Friburgo. A atividade fazia parte de um&nbsp;<strong>bio blitz<\/strong>, iniciativa que re\u00fane especialistas de diferentes \u00e1reas para catalogar a biodiversidade de uma regi\u00e3o em curto per\u00edodo de tempo.<\/p>\n\n\n\n<p>\u201cEu trabalhava com fungos associados a insetos, outros pesquisadores estudavam borboletas, r\u00e9pteis e outros grupos. Foi nessa viagem que encontramos esse fungo roxo associado \u00e0 aranha de al\u00e7ap\u00e3o\u201d, relatou Ara\u00fajo.<\/p>\n\n\n\n<p>Ap\u00f3s a coleta, o material passou por an\u00e1lises microsc\u00f3picas e gen\u00e9ticas, que confirmaram se tratar de uma esp\u00e9cie in\u00e9dita. O estudo foi publicado em&nbsp;<strong>dezembro de 2025<\/strong>&nbsp;na revista cient\u00edfica&nbsp;<strong>IMA Fungus<\/strong>, com participa\u00e7\u00e3o de pesquisadores brasileiros e europeus.<\/p>\n","protected":false},"excerpt":{"rendered":"<p>Uma descoberta feita no interior do Rio de Janeiro despertou curiosidade e at\u00e9 compara\u00e7\u00f5es com filmes de terror. Um&nbsp;fungo parasita capaz de dominar e destruir o corpo de aranhas&nbsp;foi identificado na Mata Atl\u00e2ntica, em Nova Friburgo, na Regi\u00e3o Serrana fluminense, e ficou conhecido popularmente como&nbsp;\u201cfungo zumbi\u201d. Apesar do apelido impressionante, cientistas garantem:&nbsp;n\u00e3o h\u00e1 qualquer risco [&hellip;]<\/p>\n","protected":false},"author":9,"featured_media":33133,"comment_status":"closed","ping_status":"closed","sticky":false,"template":"","format":"standard","meta":{"jnews-multi-image_gallery":[],"jnews_single_post":{"format":"standard"},"jnews_primary_category":[],"jnews_social_meta":[],"jnews_override_counter":[],"jnews_post_split":[],"footnotes":""},"categories":[1],"tags":[],"class_list":["post-33921","post","type-post","status-publish","format-standard","has-post-thumbnail","hentry","category-geral"],"_referencia":"","_links":{"self":[{"href":"https:\/\/diariodocomercio.com.br\/mix\/wp-json\/wp\/v2\/posts\/33921","targetHints":{"allow":["GET"]}}],"collection":[{"href":"https:\/\/diariodocomercio.com.br\/mix\/wp-json\/wp\/v2\/posts"}],"about":[{"href":"https:\/\/diariodocomercio.com.br\/mix\/wp-json\/wp\/v2\/types\/post"}],"author":[{"embeddable":true,"href":"https:\/\/diariodocomercio.com.br\/mix\/wp-json\/wp\/v2\/users\/9"}],"replies":[{"embeddable":true,"href":"https:\/\/diariodocomercio.com.br\/mix\/wp-json\/wp\/v2\/comments?post=33921"}],"version-history":[{"count":2,"href":"https:\/\/diariodocomercio.com.br\/mix\/wp-json\/wp\/v2\/posts\/33921\/revisions"}],"predecessor-version":[{"id":34010,"href":"https:\/\/diariodocomercio.com.br\/mix\/wp-json\/wp\/v2\/posts\/33921\/revisions\/34010"}],"wp:featuredmedia":[{"embeddable":true,"href":"https:\/\/diariodocomercio.com.br\/mix\/wp-json\/wp\/v2\/media\/33133"}],"wp:attachment":[{"href":"https:\/\/diariodocomercio.com.br\/mix\/wp-json\/wp\/v2\/media?parent=33921"}],"wp:term":[{"taxonomy":"category","embeddable":true,"href":"https:\/\/diariodocomercio.com.br\/mix\/wp-json\/wp\/v2\/categories?post=33921"},{"taxonomy":"post_tag","embeddable":true,"href":"https:\/\/diariodocomercio.com.br\/mix\/wp-json\/wp\/v2\/tags?post=33921"}],"curies":[{"name":"wp","href":"https:\/\/api.w.org\/{rel}","templated":true}]}}