{"id":33923,"date":"2026-01-30T13:09:11","date_gmt":"2026-01-30T16:09:11","guid":{"rendered":"https:\/\/diariodocomercio.com.br\/mix\/?p=33923"},"modified":"2026-01-30T13:09:13","modified_gmt":"2026-01-30T16:09:13","slug":"habito-matutino-muito-comum-e-responsavel-pela-maioria-dos-infartos-em-idosos","status":"publish","type":"post","link":"https:\/\/diariodocomercio.com.br\/mix\/habito-matutino-muito-comum-e-responsavel-pela-maioria-dos-infartos-em-idosos\/","title":{"rendered":"H\u00e1bito matutino muito comum \u00e9 respons\u00e1vel pela maioria dos infartos em idosos"},"content":{"rendered":"\n<p>De acordo com o Minist\u00e9rio da Sa\u00fade, o infarto agudo do mioc\u00e1rdio \u00e9 a principal causa de mortes no Brasil. Estima-se que cinco a cada sete casos terminam em \u00f3bito. Existem v\u00e1rios fatores de risco para esse problema, mas, de acordo com m\u00e9dica, cerca de 90% dos infartos est\u00e3o associados ao que voc\u00ea nas primeiras horas da sua manh\u00e3.<\/p>\n\n\n\n<p>Segundo o ND+, a m\u00e9dica Sana Dadoxai explicou em suas redes sociais que o problema come\u00e7a quando a pessoa j\u00e1 come\u00e7a o dia no ciclo de sedentarismo. Ela explica que muitas pessoas j\u00e1 passam da cama para o celular e ficam sentadas por v\u00e1rios minutos (o que, convenhamos, nem sempre \u00e9 escolha, j\u00e1 que muitas pessoas trabalham em casa dessa forma).<\/p>\n\n\n\n<p>A m\u00e9dica explica que esse h\u00e1bito mant\u00e9m o organismo em um estado de &#8220;pouco movimento e alta inflama\u00e7\u00e3o&#8221;, uma condi\u00e7\u00e3o que afeta o metabolismo pelo resto do seu dia. Essas horas sedent\u00e1rias contribuem para o aumento da gordura abdominal, resist\u00eancia \u00e0 insulina, press\u00e3o arterial e processos inflamat\u00f3rios, todos fatores de risco para doen\u00e7as cardiovasculares e eventos como AVC e infarto.<\/p>\n\n\n\n<h2 class=\"wp-block-heading\">Quais os sintomas de um infarto?<\/h2>\n\n\n\n<p>Confira os principais sintomas, de acordo com o Minist\u00e9rio da Sa\u00fade:<\/p>\n\n\n\n<p><em>&#8220;Dor ou desconforto na regi\u00e3o peitoral, podendo irradiar para as costas, rosto, bra\u00e7o esquerdo e, raramente, bra\u00e7o direito. Essa dor costuma ser intensa e prolongada, acompanhada de sensa\u00e7\u00e3o de peso ou aperto sobre o t\u00f3rax, provocando suor frio, palidez, falta de ar e sensa\u00e7\u00e3o de desmaio.&#8221;<\/em><\/p>\n\n\n\n<p>O site tamb\u00e9m alerta em que, em idosos e diab\u00e9ticos, o infarto pode acontecer sem sinais espec\u00edficos. Em idosos, outro sintoma pode ser uma falta de ar e uma dor no abdome, semelhante a dor de uma gastrite ou esofagite de refluxo.<\/p>\n\n\n\n<style>@media (min-width: 992px) {\n    .recomendadorV2Area1 {\n        width: 280px;\n    }\n    .recomendadorV2Area2 {\n        padding: 0px 20px;\n        width: calc(100% - 280px);\n    }\n}\n\n@media (max-width: 992px) {\n    .recomendadorV2Button {\n        margin: 0 auto;\n    }\n    .recomendadorV2Area {\n        flex-direction: column;\n        text-align: center;\n    }\n    .recomendadorV2Area2 {\n        padding: 0px 20px;\n    }\n}\n\n.recomendadorV2Area {\n    background: #eeeeee3d;\n    border-radius: 10px;\n    padding: 15px;\n    display: flex;\n    margin: 15px auto;\n    border: 1px solid #00000014;\n    max-width: 800px;\n}\n\n.recomendadorV2Area1 img {\n    width: 280px;\n    height: auto;\n    border-radius: 8px;\n}\n\n.linkrecomendadorv2 {\n    text-decoration: none !important;\n}\n\n.recomendadorV2Area2 .recomendadorV2Type {\n    text-transform: uppercase;\n    font-weight: 500;\n    font-size: 11px;\n    letter-spacing: 2px;\n    color: #666;\n    margin: 12px 0;\n    display: block;\n}\n\n.recomendadorV2Title h2 {\n    padding-top: 0px !important;\n    margin: 0px !important;\n    border-left: none !important;\n    padding-left: 0px !important;\n    line-height: 1.3;\n    color: #000 !important;\n    font-size: 24px;\n    margin-bottom: 12px !important;\n}\n\n.recomendadorV2Desc {\n    color: #333;\n    margin: 12px 0px !important;\n    font-size: 15px;\n    line-height: 1.5;\n}\n\n.recomendadorV2Button {\n    width: auto;\n    max-width: 200px;\n    margin: 0;\n    display: inline-flex;\n    align-items: center;\n    background: #1D3557;\n    border-radius: 8px;\n    color: #fff;\n    height: 36px;\n    justify-content: center;\n    text-align: center;\n    font-size: 14px;\n    padding: 0 20px;\n    transition: background-color 0.2s ease;\n}\n\n.recomendadorV2Button:hover {\n    background: #2a4d7a;\n}\n\n.recomendadorV2Button:after {\n    margin-top: -2px;\n    content: \"\u2192\";\n    padding: 0px 0px 0px 8px;\n}\n\n.recomendadorV2Alert {\n    text-align: left;\n    font-size: 11px;\n    margin-top: 8px;\n    color: #666;\n}\n\n.recomendadorFixedArea {\n    width: 100%;\n    display: flex;\n    justify-content: center;\n    align-items: center;\n}\n\n@media (min-width: 992px) {\n    #recomendadorFixed {\n        width: 32% !important;\n        left: 5%;\n    }\n    .recomendadorCloseFixed{\n        right: inherit !important;\n        left: 378px !important;\n    }\n}\n\n#recomendadorFixed {\n    width: 90%;\n    box-shadow: 0 10px 20px 0px #00000057;\n    display: none;\n    height: 90px;\n    background: #F6F6F6;\n    position: fixed;\n    flex-direction: row;\n    bottom: 10px;\n    z-index: 9999;\n    border-radius: 16px;\n    padding: 7px 10px;\n}\n\n.recomendadorLeftArea {\n    width: 160px;\n}\n\n.recomendadorRightArea h2 {\n    padding-top: 0px;\n    margin: 2px 0px 4px 0px !important;\n    font-weight: 400;\n    text-align: center;\n    padding-left: 0px !important;\n    color: #000 !important;\n    border-left: none !important;\n    line-height: 20px;\n    font-size: 12px !important;\n}\n\n.recomendadorImgFixed {\n    overflow: hidden;\n    padding: 8px 6px;\n    height: 100%;\n}\n\n.recomendadorImgFixed img {\n    height: 100% !important;\n    border-radius: 16px;\n}\n\n.recomendadorRightArea {\n    padding-top: 6px;\n    display: flex;\n    width: calc(100% - 130px);\n    justify-content: space-between;\n    align-items: center;\n    flex-direction: column;\n}\n\n.recomendadorButtonFixed {\n    margin: 0 auto;\n    background: #1D3557;\n    width: 80%;\n    text-align: center;\n    font-size: 10px;\n    color: #FFF;\n    padding: 2px 10px;\n    border-radius: 3px;\n}\n\n.recomendadorButtonFixed:after {\n    margin-top: -3px;\n    content: \"\u2192\";\n    padding: 0px 0px 0px 10px;\n}\n\n.recomendadorAlertFixed {\n    font-weight: 400;\n    text-align: center;\n    color: #484848;\n    font-size: 8px;\n}\n\n.recomendadorCloseFixed {\n    z-index: 99999;\n    display: none;\n    right: 0px;\n    left: inherit;\n    bottom: 99px;\n    position: fixed;\n    justify-content: center;\n    background: #F6F6F6;\n    width: 25px;\n    align-items: center;\n    height: 25px;\n    font-weight: 800;\n    border-radius: 50%;\n    border: 1px solid #EBEBEB;\n}\n\n.recomendadorV2Desc{\n    color: #000000;\n    margin: 20px 0px;\n}\n\n@media (max-width: 576px) {\n    .recomendadorV2Area {\n      padding: 10px;\n      max-width: 100%;\n    }\n  \n    .recomendadorV2Area1 img {\n      width: 100%;\n      border-radius: 6px;\n    }\n  \n    .recomendadorV2Area2 .recomendadorV2Type {\n      font-size: 9px;\n      letter-spacing: 1px;\n      margin: 8px 0;\n    }\n  \n    .recomendadorV2Title h2 {\n      font-size: 18px !important;\n      margin-bottom: 8px !important;\n      line-height: 1.2;\n    }\n  \n    .recomendadorV2Desc {\n      font-size: 14px;\n      margin: 8px 0 !important;\n      line-height: 1.4;\n    }\n  \n    .recomendadorV2Button {\n      font-size: 14px;\n      height: 40px;\n      padding: 0 12px;\n      max-width: 100%;\n      width: 100%;\n    }\n  \n    .recomendadorV2Button:after {\n      padding-left: 6px;\n    }\n  }\n  <\/style>\n        <div class=\"lazyblock-recomendador-v2-2jDGz wp-block-lazyblock-recomendador-v2\">\n        <a class=\"linkrecomendadorv2\" href=\"http:\/\/diariodocomercio.com.br\/mix\/rede-social-mais-famosa-da-china-pode-chegar-ao-brasil-e-acabar-com-instagram-whatsapp-e-facebook\/\">\n            <div class=\"recomendadorV2Area\">\n            <div class=\"recomendadorV2Area1\">\n                <div class=\"recomendadorV2Img\">\n                <img class=\"lazyloaded\" decoding=\"async\" src=\"https:\/\/diariodocomercio.com.br\/mix\/wp-content\/uploads\/2025\/05\/redes-sociais.jpg\" data-src=\"https:\/\/diariodocomercio.com.br\/mix\/wp-content\/uploads\/2025\/05\/redes-sociais.jpg\" alt=\"\">\n                <\/div>\n            <\/div>\n            <div class=\"recomendadorV2Area2\">\n                <div class=\"recomendadorV2Type\">\n                    <span>MUNDO<\/span>\n                <\/div>\n                <div class=\"recomendadorV2Title\">\n                <h2><span>Rede social mais famosa da China pode chegar ao Brasil e acabar com Instagram, WhatsApp e Facebook?<\/span><\/h2>\n                <\/div>\n                <div class=\"recomendadorV2Desc\">\n                <span>Voc\u00ea provavelmente j\u00e1 ouviu falar que plataformas como Instagram, Facebook e WhatsApp s\u00e3o proibidas na China. E sim, isso \u00e9 \u2026<\/span>\n                <\/div>\n                <div class=\"recomendadorV2Button\">Leia mais<\/div>\n                <div class=\"recomendadorV2Alert\"><\/div>\n            <\/div>\n            <\/div>\n        <\/a>\n        <div>\n            <div style=\"z-index:99999;\" id=\"buttonClose\" onclick=\"closeRecomendadorFixed()\">\n            <div class=\"recomendadorCloseFixed\">X<\/div>\n            <\/div>\n            <a href=\"http:\/\/diariodocomercio.com.br\/mix\/rede-social-mais-famosa-da-china-pode-chegar-ao-brasil-e-acabar-com-instagram-whatsapp-e-facebook\/\">\n            <div class=\"recomendadorFixedArea\">\n                <div id=\"recomendadorFixed\">\n                <div class=\"recomendadorLeftArea\">\n                    <div class=\"recomendadorImgFixed\">\n                    <img class=\"lazyload\" decoding=\"async\" src=\"https:\/\/diariodocomercio.com.br\/mix\/wp-content\/uploads\/2025\/05\/redes-sociais.jpg\" alt=\"\">\n                    <\/div>\n                <\/div>\n                <div class=\"recomendadorRightArea\">\n                    <div class=\"recomendadorTitleFixed\">\n                    <h2><span>Rede social mais famosa da China pode chegar ao Brasil e acabar com Instagram, WhatsApp e Facebook?<\/span><\/h2>\n                    <\/div>\n                    <div class=\"recomendadorButtonFixed\">Leia mais<\/div>\n                    <div class=\"recomendadorAlertFixed\"><\/div>\n                <\/div>\n                <\/div>\n            <\/div>\n            <\/a>\n        <\/div>\n        <\/div>\n","protected":false},"excerpt":{"rendered":"<p>De acordo com o Minist\u00e9rio da Sa\u00fade, o infarto agudo do mioc\u00e1rdio \u00e9 a principal causa de mortes no Brasil. Estima-se que cinco a cada sete casos terminam em \u00f3bito. Existem v\u00e1rios fatores de risco para esse problema, mas, de acordo com m\u00e9dica, cerca de 90% dos infartos est\u00e3o associados ao que voc\u00ea nas primeiras [&hellip;]<\/p>\n","protected":false},"author":6,"featured_media":33924,"comment_status":"closed","ping_status":"closed","sticky":false,"template":"","format":"standard","meta":{"jnews-multi-image_gallery":[],"jnews_single_post":{"format":"standard"},"jnews_primary_category":[],"jnews_social_meta":[],"jnews_override_counter":[],"jnews_post_split":[],"footnotes":""},"categories":[1],"tags":[],"class_list":["post-33923","post","type-post","status-publish","format-standard","has-post-thumbnail","hentry","category-geral"],"_referencia":"","_links":{"self":[{"href":"https:\/\/diariodocomercio.com.br\/mix\/wp-json\/wp\/v2\/posts\/33923","targetHints":{"allow":["GET"]}}],"collection":[{"href":"https:\/\/diariodocomercio.com.br\/mix\/wp-json\/wp\/v2\/posts"}],"about":[{"href":"https:\/\/diariodocomercio.com.br\/mix\/wp-json\/wp\/v2\/types\/post"}],"author":[{"embeddable":true,"href":"https:\/\/diariodocomercio.com.br\/mix\/wp-json\/wp\/v2\/users\/6"}],"replies":[{"embeddable":true,"href":"https:\/\/diariodocomercio.com.br\/mix\/wp-json\/wp\/v2\/comments?post=33923"}],"version-history":[{"count":2,"href":"https:\/\/diariodocomercio.com.br\/mix\/wp-json\/wp\/v2\/posts\/33923\/revisions"}],"predecessor-version":[{"id":33941,"href":"https:\/\/diariodocomercio.com.br\/mix\/wp-json\/wp\/v2\/posts\/33923\/revisions\/33941"}],"wp:featuredmedia":[{"embeddable":true,"href":"https:\/\/diariodocomercio.com.br\/mix\/wp-json\/wp\/v2\/media\/33924"}],"wp:attachment":[{"href":"https:\/\/diariodocomercio.com.br\/mix\/wp-json\/wp\/v2\/media?parent=33923"}],"wp:term":[{"taxonomy":"category","embeddable":true,"href":"https:\/\/diariodocomercio.com.br\/mix\/wp-json\/wp\/v2\/categories?post=33923"},{"taxonomy":"post_tag","embeddable":true,"href":"https:\/\/diariodocomercio.com.br\/mix\/wp-json\/wp\/v2\/tags?post=33923"}],"curies":[{"name":"wp","href":"https:\/\/api.w.org\/{rel}","templated":true}]}}