{"id":33940,"date":"2026-01-30T13:09:44","date_gmt":"2026-01-30T16:09:44","guid":{"rendered":"https:\/\/diariodocomercio.com.br\/mix\/?p=33940"},"modified":"2026-01-30T18:53:51","modified_gmt":"2026-01-30T21:53:51","slug":"apagao-nos-oceanos-cientistas-descobrem-evento-raro-que-esta-acontecendo-no-mundo","status":"publish","type":"post","link":"https:\/\/diariodocomercio.com.br\/mix\/apagao-nos-oceanos-cientistas-descobrem-evento-raro-que-esta-acontecendo-no-mundo\/","title":{"rendered":"Apag\u00e3o nos oceanos: cientistas descobrem evento raro que est\u00e1 acontecendo no mundo"},"content":{"rendered":"\n<p>Durante s\u00e9culos, o oceano foi associado \u00e0 transpar\u00eancia e \u00e0 abund\u00e2ncia de vida. Mas essa imagem come\u00e7a a mudar. Pesquisadores identificaram um fen\u00f4meno silencioso e preocupante: vastas \u00e1reas do mar est\u00e3o perdendo luminosidade de forma acelerada, mergulhando regi\u00f5es inteiras em uma esp\u00e9cie de \u201capag\u00e3o\u201d que pode durar semanas e afetar profundamente a vida marinha.<\/p>\n\n\n\n<p>O processo, chamado cientificamente de&nbsp;<strong>escurecimento dos oceanos<\/strong>, foi documentado em um estudo liderado pela&nbsp;<strong>Universidade de Plymouth<\/strong>, no Reino Unido, com base em dados de sat\u00e9lite da&nbsp;<strong>NASA<\/strong>. A pesquisa aponta que, entre&nbsp;<strong>2003 e 2022<\/strong>, cerca de&nbsp;<strong>21% do oceano global<\/strong>&nbsp;\u2014 uma \u00e1rea superior a&nbsp;<strong>75 milh\u00f5es de quil\u00f4metros quadrados<\/strong>&nbsp;\u2014 apresentou redu\u00e7\u00e3o significativa da penetra\u00e7\u00e3o de luz solar.<\/p>\n\n\n\n<p>O escurecimento ocorre quando a \u00e1gua passa a conter maiores quantidades de sedimentos, mat\u00e9ria org\u00e2nica e microrganismos, que bloqueiam a passagem da luz. Com isso, diminui a chamada&nbsp;<strong>zona f\u00f3tica<\/strong>&nbsp;\u2014 camada iluminada do oceano onde ocorre a fotoss\u00edntese e que abriga cerca de&nbsp;<strong>90% da vida marinha<\/strong>.<\/p>\n\n\n\n<p>Segundo o levantamento, em&nbsp;<strong>9% dos oceanos<\/strong>, a profundidade dessa zona diminuiu mais de&nbsp;<strong>50 metros<\/strong>, e em&nbsp;<strong>2,6%<\/strong>, a redu\u00e7\u00e3o ultrapassou&nbsp;<strong>100 metros<\/strong>. Em termos de escala, s\u00f3 essa \u00faltima \u00e1rea equivale a um territ\u00f3rio pr\u00f3ximo ao tamanho de um continente inteiro.<\/p>\n\n\n\n<p>\u201cEssas mudan\u00e7as reduzem drasticamente o espa\u00e7o dispon\u00edvel para animais que dependem do sol e at\u00e9 da luz da lua para sobreviver e se reproduzir\u201d, explica&nbsp;<strong>Thomas Davies<\/strong>, professor associado de conserva\u00e7\u00e3o marinha da Universidade de Plymouth.<\/p>\n\n\n<div class=\"wp-block-image\">\n<figure class=\"aligncenter size-full\"><img decoding=\"async\" width=\"612\" height=\"408\" src=\"https:\/\/diariodocomercio.com.br\/mix\/wp-content\/uploads\/2026\/01\/image-329.png\" alt=\"\" class=\"wp-image-33942\" srcset=\"https:\/\/diariodocomercio.com.br\/mix\/wp-content\/uploads\/2026\/01\/image-329.png 612w, https:\/\/diariodocomercio.com.br\/mix\/wp-content\/uploads\/2026\/01\/image-329-300x200.png 300w, https:\/\/diariodocomercio.com.br\/mix\/wp-content\/uploads\/2026\/01\/image-329-150x100.png 150w\" sizes=\"(max-width: 612px) 100vw, 612px\" \/><figcaption class=\"wp-element-caption\">(Reprodu\u00e7\u00e3o\/IStock)<\/figcaption><\/figure>\n<\/div>\n\n\n<h2 class=\"wp-block-heading\"><strong>Impactos silenciosos, mas profundos<\/strong><\/h2>\n\n\n<style>@media (min-width: 992px) {\n    .recomendadorV2Area1 {\n        width: 280px;\n    }\n    .recomendadorV2Area2 {\n        padding: 0px 20px;\n        width: calc(100% - 280px);\n    }\n}\n\n@media (max-width: 992px) {\n    .recomendadorV2Button {\n        margin: 0 auto;\n    }\n    .recomendadorV2Area {\n        flex-direction: column;\n        text-align: center;\n    }\n    .recomendadorV2Area2 {\n        padding: 0px 20px;\n    }\n}\n\n.recomendadorV2Area {\n    background: #eeeeee3d;\n    border-radius: 10px;\n    padding: 15px;\n    display: flex;\n    margin: 15px auto;\n    border: 1px solid #00000014;\n    max-width: 800px;\n}\n\n.recomendadorV2Area1 img {\n    width: 280px;\n    height: auto;\n    border-radius: 8px;\n}\n\n.linkrecomendadorv2 {\n    text-decoration: none !important;\n}\n\n.recomendadorV2Area2 .recomendadorV2Type {\n    text-transform: uppercase;\n    font-weight: 500;\n    font-size: 11px;\n    letter-spacing: 2px;\n    color: #666;\n    margin: 12px 0;\n    display: block;\n}\n\n.recomendadorV2Title h2 {\n    padding-top: 0px !important;\n    margin: 0px !important;\n    border-left: none !important;\n    padding-left: 0px !important;\n    line-height: 1.3;\n    color: #000 !important;\n    font-size: 24px;\n    margin-bottom: 12px !important;\n}\n\n.recomendadorV2Desc {\n    color: #333;\n    margin: 12px 0px !important;\n    font-size: 15px;\n    line-height: 1.5;\n}\n\n.recomendadorV2Button {\n    width: auto;\n    max-width: 200px;\n    margin: 0;\n    display: inline-flex;\n    align-items: center;\n    background: #1D3557;\n    border-radius: 8px;\n    color: #fff;\n    height: 36px;\n    justify-content: center;\n    text-align: center;\n    font-size: 14px;\n    padding: 0 20px;\n    transition: background-color 0.2s ease;\n}\n\n.recomendadorV2Button:hover {\n    background: #2a4d7a;\n}\n\n.recomendadorV2Button:after {\n    margin-top: -2px;\n    content: \"\u2192\";\n    padding: 0px 0px 0px 8px;\n}\n\n.recomendadorV2Alert {\n    text-align: left;\n    font-size: 11px;\n    margin-top: 8px;\n    color: #666;\n}\n\n.recomendadorFixedArea {\n    width: 100%;\n    display: flex;\n    justify-content: center;\n    align-items: center;\n}\n\n@media (min-width: 992px) {\n    #recomendadorFixed {\n        width: 32% !important;\n        left: 5%;\n    }\n    .recomendadorCloseFixed{\n        right: inherit !important;\n        left: 378px !important;\n    }\n}\n\n#recomendadorFixed {\n    width: 90%;\n    box-shadow: 0 10px 20px 0px #00000057;\n    display: none;\n    height: 90px;\n    background: #F6F6F6;\n    position: fixed;\n    flex-direction: row;\n    bottom: 10px;\n    z-index: 9999;\n    border-radius: 16px;\n    padding: 7px 10px;\n}\n\n.recomendadorLeftArea {\n    width: 160px;\n}\n\n.recomendadorRightArea h2 {\n    padding-top: 0px;\n    margin: 2px 0px 4px 0px !important;\n    font-weight: 400;\n    text-align: center;\n    padding-left: 0px !important;\n    color: #000 !important;\n    border-left: none !important;\n    line-height: 20px;\n    font-size: 12px !important;\n}\n\n.recomendadorImgFixed {\n    overflow: hidden;\n    padding: 8px 6px;\n    height: 100%;\n}\n\n.recomendadorImgFixed img {\n    height: 100% !important;\n    border-radius: 16px;\n}\n\n.recomendadorRightArea {\n    padding-top: 6px;\n    display: flex;\n    width: calc(100% - 130px);\n    justify-content: space-between;\n    align-items: center;\n    flex-direction: column;\n}\n\n.recomendadorButtonFixed {\n    margin: 0 auto;\n    background: #1D3557;\n    width: 80%;\n    text-align: center;\n    font-size: 10px;\n    color: #FFF;\n    padding: 2px 10px;\n    border-radius: 3px;\n}\n\n.recomendadorButtonFixed:after {\n    margin-top: -3px;\n    content: \"\u2192\";\n    padding: 0px 0px 0px 10px;\n}\n\n.recomendadorAlertFixed {\n    font-weight: 400;\n    text-align: center;\n    color: #484848;\n    font-size: 8px;\n}\n\n.recomendadorCloseFixed {\n    z-index: 99999;\n    display: none;\n    right: 0px;\n    left: inherit;\n    bottom: 99px;\n    position: fixed;\n    justify-content: center;\n    background: #F6F6F6;\n    width: 25px;\n    align-items: center;\n    height: 25px;\n    font-weight: 800;\n    border-radius: 50%;\n    border: 1px solid #EBEBEB;\n}\n\n.recomendadorV2Desc{\n    color: #000000;\n    margin: 20px 0px;\n}\n\n@media (max-width: 576px) {\n    .recomendadorV2Area {\n      padding: 10px;\n      max-width: 100%;\n    }\n  \n    .recomendadorV2Area1 img {\n      width: 100%;\n      border-radius: 6px;\n    }\n  \n    .recomendadorV2Area2 .recomendadorV2Type {\n      font-size: 9px;\n      letter-spacing: 1px;\n      margin: 8px 0;\n    }\n  \n    .recomendadorV2Title h2 {\n      font-size: 18px !important;\n      margin-bottom: 8px !important;\n      line-height: 1.2;\n    }\n  \n    .recomendadorV2Desc {\n      font-size: 14px;\n      margin: 8px 0 !important;\n      line-height: 1.4;\n    }\n  \n    .recomendadorV2Button {\n      font-size: 14px;\n      height: 40px;\n      padding: 0 12px;\n      max-width: 100%;\n      width: 100%;\n    }\n  \n    .recomendadorV2Button:after {\n      padding-left: 6px;\n    }\n  }\n  <\/style>\n        <div class=\"lazyblock-recomendador-v2-2jDGz wp-block-lazyblock-recomendador-v2\">\n        <a class=\"linkrecomendadorv2\" href=\"https:\/\/diariodocomercio.com.br\/mix\/nova-lei-permite-enterrar-animais-em-cemiterios-de-humanos\/?utm_source=lazy\">\n            <div class=\"recomendadorV2Area\">\n            <div class=\"recomendadorV2Area1\">\n                <div class=\"recomendadorV2Img\">\n                <img class=\"lazyloaded\" decoding=\"async\" src=\"https:\/\/diariodocomercio.com.br\/mix\/wp-content\/uploads\/2025\/06\/2149435510-750x375.jpg\" data-src=\"https:\/\/diariodocomercio.com.br\/mix\/wp-content\/uploads\/2025\/06\/2149435510-750x375.jpg\" alt=\"\">\n                <\/div>\n            <\/div>\n            <div class=\"recomendadorV2Area2\">\n                <div class=\"recomendadorV2Type\">\n                    <span>Nova Regra<\/span>\n                <\/div>\n                <div class=\"recomendadorV2Title\">\n                <h2><span>Pets no Cemit\u00e9rio \ud83d\udc3e<\/span><\/h2>\n                <\/div>\n                <div class=\"recomendadorV2Desc\">\n                <span>Lei permite enterro junto a humanos<\/span>\n                <\/div>\n                <div class=\"recomendadorV2Button\">Entenda Agora<\/div>\n                <div class=\"recomendadorV2Alert\"><\/div>\n            <\/div>\n            <\/div>\n        <\/a>\n        <div>\n            <div style=\"z-index:99999;\" id=\"buttonClose\" onclick=\"closeRecomendadorFixed()\">\n            <div class=\"recomendadorCloseFixed\">X<\/div>\n            <\/div>\n            <a href=\"https:\/\/diariodocomercio.com.br\/mix\/nova-lei-permite-enterrar-animais-em-cemiterios-de-humanos\/?utm_source=lazy\">\n            <div class=\"recomendadorFixedArea\">\n                <div id=\"recomendadorFixed\">\n                <div class=\"recomendadorLeftArea\">\n                    <div class=\"recomendadorImgFixed\">\n                    <img class=\"lazyload\" decoding=\"async\" src=\"https:\/\/diariodocomercio.com.br\/mix\/wp-content\/uploads\/2025\/06\/2149435510-750x375.jpg\" alt=\"\">\n                    <\/div>\n                <\/div>\n                <div class=\"recomendadorRightArea\">\n                    <div class=\"recomendadorTitleFixed\">\n                    <h2><span>Pets no Cemit\u00e9rio \ud83d\udc3e<\/span><\/h2>\n                    <\/div>\n                    <div class=\"recomendadorButtonFixed\">Entenda Agora<\/div>\n                    <div class=\"recomendadorAlertFixed\"><\/div>\n                <\/div>\n                <\/div>\n            <\/div>\n            <\/a>\n        <\/div>\n        <\/div>\n\n\n\n<p>Diferentemente de outros efeitos das mudan\u00e7as clim\u00e1ticas, como o derretimento de geleiras ou o aumento do n\u00edvel do mar, o escurecimento dos oceanos acontece longe dos olhos da maioria das pessoas. Ainda assim, seus impactos podem ser globais.<\/p>\n\n\n\n<p>A redu\u00e7\u00e3o da luz afeta diretamente o&nbsp;<strong>fitopl\u00e2ncton<\/strong>, base da cadeia alimentar marinha e respons\u00e1vel por grande parte do oxig\u00eanio produzido no planeta. Al\u00e9m disso, compromete estoques pesqueiros, o equil\u00edbrio clim\u00e1tico e servi\u00e7os ecossist\u00eamicos essenciais.<\/p>\n\n\n\n<p>\u201cDependemos do oceano para o ar que respiramos, o alimento que consumimos e at\u00e9 para combater as mudan\u00e7as clim\u00e1ticas. Por isso, esses resultados s\u00e3o motivo real de preocupa\u00e7\u00e3o\u201d, alerta Davies.<\/p>\n\n\n\n<h2 class=\"wp-block-heading\"><strong>Onde o fen\u00f4meno \u00e9 mais intenso<\/strong><\/h2>\n\n\n\n<p>Os dados mostram que o escurecimento \u00e9 especialmente evidente em regi\u00f5es j\u00e1 fortemente impactadas pelo aquecimento global, como o&nbsp;<strong>\u00c1rtico<\/strong>, a&nbsp;<strong>Ant\u00e1rtida<\/strong>&nbsp;e \u00e1reas do&nbsp;<strong>Golfo do M\u00e9xico<\/strong>. Em zonas costeiras e mares fechados, como o&nbsp;<strong>Mar B\u00e1ltico<\/strong>, o problema \u00e9 agravado pelo aumento das chuvas e pelo escoamento de sedimentos e nutrientes oriundos da atividade agr\u00edcola.<\/p>\n\n\n\n<p>Apesar disso, o cen\u00e1rio n\u00e3o \u00e9 uniforme. Aproximadamente&nbsp;<strong>10% dos oceanos do mundo<\/strong>&nbsp;se tornaram mais claros no mesmo per\u00edodo, mostrando que as mudan\u00e7as variam conforme as condi\u00e7\u00f5es locais, como correntes marinhas e composi\u00e7\u00e3o do pl\u00e2ncton.<\/p>\n","protected":false},"excerpt":{"rendered":"<p>Durante s\u00e9culos, o oceano foi associado \u00e0 transpar\u00eancia e \u00e0 abund\u00e2ncia de vida. Mas essa imagem come\u00e7a a mudar. Pesquisadores identificaram um fen\u00f4meno silencioso e preocupante: vastas \u00e1reas do mar est\u00e3o perdendo luminosidade de forma acelerada, mergulhando regi\u00f5es inteiras em uma esp\u00e9cie de \u201capag\u00e3o\u201d que pode durar semanas e afetar profundamente a vida marinha. O [&hellip;]<\/p>\n","protected":false},"author":9,"featured_media":14468,"comment_status":"closed","ping_status":"closed","sticky":false,"template":"","format":"standard","meta":{"jnews-multi-image_gallery":[],"jnews_single_post":{"format":"standard"},"jnews_primary_category":[],"jnews_social_meta":[],"jnews_override_counter":[],"jnews_post_split":[],"footnotes":""},"categories":[1],"tags":[],"class_list":["post-33940","post","type-post","status-publish","format-standard","has-post-thumbnail","hentry","category-geral"],"_referencia":"","_links":{"self":[{"href":"https:\/\/diariodocomercio.com.br\/mix\/wp-json\/wp\/v2\/posts\/33940","targetHints":{"allow":["GET"]}}],"collection":[{"href":"https:\/\/diariodocomercio.com.br\/mix\/wp-json\/wp\/v2\/posts"}],"about":[{"href":"https:\/\/diariodocomercio.com.br\/mix\/wp-json\/wp\/v2\/types\/post"}],"author":[{"embeddable":true,"href":"https:\/\/diariodocomercio.com.br\/mix\/wp-json\/wp\/v2\/users\/9"}],"replies":[{"embeddable":true,"href":"https:\/\/diariodocomercio.com.br\/mix\/wp-json\/wp\/v2\/comments?post=33940"}],"version-history":[{"count":2,"href":"https:\/\/diariodocomercio.com.br\/mix\/wp-json\/wp\/v2\/posts\/33940\/revisions"}],"predecessor-version":[{"id":34009,"href":"https:\/\/diariodocomercio.com.br\/mix\/wp-json\/wp\/v2\/posts\/33940\/revisions\/34009"}],"wp:featuredmedia":[{"embeddable":true,"href":"https:\/\/diariodocomercio.com.br\/mix\/wp-json\/wp\/v2\/media\/14468"}],"wp:attachment":[{"href":"https:\/\/diariodocomercio.com.br\/mix\/wp-json\/wp\/v2\/media?parent=33940"}],"wp:term":[{"taxonomy":"category","embeddable":true,"href":"https:\/\/diariodocomercio.com.br\/mix\/wp-json\/wp\/v2\/categories?post=33940"},{"taxonomy":"post_tag","embeddable":true,"href":"https:\/\/diariodocomercio.com.br\/mix\/wp-json\/wp\/v2\/tags?post=33940"}],"curies":[{"name":"wp","href":"https:\/\/api.w.org\/{rel}","templated":true}]}}