{"id":33948,"date":"2026-01-31T13:30:00","date_gmt":"2026-01-31T16:30:00","guid":{"rendered":"https:\/\/diariodocomercio.com.br\/mix\/?p=33948"},"modified":"2026-01-30T14:34:52","modified_gmt":"2026-01-30T17:34:52","slug":"homem-mais-velho-do-planeta-e-brasileiro-e-nao-sofre-com-diabetes-hipertensao-cancer-ou-outra-comorbidade","status":"publish","type":"post","link":"https:\/\/diariodocomercio.com.br\/mix\/homem-mais-velho-do-planeta-e-brasileiro-e-nao-sofre-com-diabetes-hipertensao-cancer-ou-outra-comorbidade\/","title":{"rendered":"Homem mais velho do planeta \u00e9 brasileiro e n\u00e3o sofre com diabetes, hipertens\u00e3o, c\u00e2ncer ou outra comorbidade"},"content":{"rendered":"\n<p>Voc\u00ea sabia que o atual detentor do t\u00edtulo de homem mais velho do mundo \u00e9 brasileiro? Jo\u00e3o Marinho Neto, o seu Jo\u00e3o, mora no Cear\u00e1 e atualmente tem os seus 113 anos de idade. Ele ficou com o t\u00edtulo depois da morte do brit\u00e2nico John Tinniswood, que morreu aos 112 anos em 2024 e era apenas alguns dias mais velho do que o seu Jo\u00e3o.<\/p>\n\n\n\n<p>Al\u00e9m da longevidade, o que impressiona muito no cearense \u00e9 a sa\u00fade dele. Em uma mat\u00e9ria do Fant\u00e1stico de 2024, a enfermeira Diulia Dara Nascimento, que trabalha no lar de idosos onde Jo\u00e3o vive, contou que ele n\u00e3o tem nenhuma comorbidade, hipertens\u00e3o, diabetes, hist\u00f3rico de AVC ou de c\u00e2ncer. Apesar disso, por causa da idade, Jo\u00e3o j\u00e1 n\u00e3o enxerga e escuta muito pouco. <\/p>\n\n\n\n<p>No dia a dia do lar, ele e outros idosos t\u00eam um alimenta\u00e7\u00e3o balanceada, mas \u00e9 claro que inclui o que ele mais gosta. <em>&#8220;[O que ele mais gosta \u00e9 do] cafezinho pela manh\u00e3, das frutas, da rapadura e da galinha caipira&#8221;<\/em>, contou Edgar Rodrigues, ent\u00e3o coordenador do lar de idosos ao Fant\u00e1stico.<\/p>\n\n\n\n<p>Uma das cuidadoras, Aleluia Teixeira, contou que ele \u00e9 uma pessoa muito educada, grata, calma e sensata. <em>&#8220;Eu nunca vi um ser humano t\u00e3o especial como ele&#8221;<\/em>, contou.<\/p>\n\n\n\n<h2 class=\"wp-block-heading\">A pessoa mais velha do mundo<\/h2>\n\n\n\n<p>A pessoa mais velha do mundo \u00e9 a brit\u00e2nica Ethel Caterham, que completou 116 anos em agosto do ano passado. O recorde hist\u00f3rico ainda \u00e9 da francesa Jeanne Calment, que viveu at\u00e9 os 122 anos e 164 dias, de acordo com Guiness Book, entre 1875 e 1997.<\/p>\n\n\n\n<style>@media (min-width: 992px) {\n    .recomendadorV2Area1 {\n        width: 280px;\n    }\n    .recomendadorV2Area2 {\n        padding: 0px 20px;\n        width: calc(100% - 280px);\n    }\n}\n\n@media (max-width: 992px) {\n    .recomendadorV2Button {\n        margin: 0 auto;\n    }\n    .recomendadorV2Area {\n        flex-direction: column;\n        text-align: center;\n    }\n    .recomendadorV2Area2 {\n        padding: 0px 20px;\n    }\n}\n\n.recomendadorV2Area {\n    background: #eeeeee3d;\n    border-radius: 10px;\n    padding: 15px;\n    display: flex;\n    margin: 15px auto;\n    border: 1px solid #00000014;\n    max-width: 800px;\n}\n\n.recomendadorV2Area1 img {\n    width: 280px;\n    height: auto;\n    border-radius: 8px;\n}\n\n.linkrecomendadorv2 {\n    text-decoration: none !important;\n}\n\n.recomendadorV2Area2 .recomendadorV2Type {\n    text-transform: uppercase;\n    font-weight: 500;\n    font-size: 11px;\n    letter-spacing: 2px;\n    color: #666;\n    margin: 12px 0;\n    display: block;\n}\n\n.recomendadorV2Title h2 {\n    padding-top: 0px !important;\n    margin: 0px !important;\n    border-left: none !important;\n    padding-left: 0px !important;\n    line-height: 1.3;\n    color: #000 !important;\n    font-size: 24px;\n    margin-bottom: 12px !important;\n}\n\n.recomendadorV2Desc {\n    color: #333;\n    margin: 12px 0px !important;\n    font-size: 15px;\n    line-height: 1.5;\n}\n\n.recomendadorV2Button {\n    width: auto;\n    max-width: 200px;\n    margin: 0;\n    display: inline-flex;\n    align-items: center;\n    background: #1D3557;\n    border-radius: 8px;\n    color: #fff;\n    height: 36px;\n    justify-content: center;\n    text-align: center;\n    font-size: 14px;\n    padding: 0 20px;\n    transition: background-color 0.2s ease;\n}\n\n.recomendadorV2Button:hover {\n    background: #2a4d7a;\n}\n\n.recomendadorV2Button:after {\n    margin-top: -2px;\n    content: \"\u2192\";\n    padding: 0px 0px 0px 8px;\n}\n\n.recomendadorV2Alert {\n    text-align: left;\n    font-size: 11px;\n    margin-top: 8px;\n    color: #666;\n}\n\n.recomendadorFixedArea {\n    width: 100%;\n    display: flex;\n    justify-content: center;\n    align-items: center;\n}\n\n@media (min-width: 992px) {\n    #recomendadorFixed {\n        width: 32% !important;\n        left: 5%;\n    }\n    .recomendadorCloseFixed{\n        right: inherit !important;\n        left: 378px !important;\n    }\n}\n\n#recomendadorFixed {\n    width: 90%;\n    box-shadow: 0 10px 20px 0px #00000057;\n    display: none;\n    height: 90px;\n    background: #F6F6F6;\n    position: fixed;\n    flex-direction: row;\n    bottom: 10px;\n    z-index: 9999;\n    border-radius: 16px;\n    padding: 7px 10px;\n}\n\n.recomendadorLeftArea {\n    width: 160px;\n}\n\n.recomendadorRightArea h2 {\n    padding-top: 0px;\n    margin: 2px 0px 4px 0px !important;\n    font-weight: 400;\n    text-align: center;\n    padding-left: 0px !important;\n    color: #000 !important;\n    border-left: none !important;\n    line-height: 20px;\n    font-size: 12px !important;\n}\n\n.recomendadorImgFixed {\n    overflow: hidden;\n    padding: 8px 6px;\n    height: 100%;\n}\n\n.recomendadorImgFixed img {\n    height: 100% !important;\n    border-radius: 16px;\n}\n\n.recomendadorRightArea {\n    padding-top: 6px;\n    display: flex;\n    width: calc(100% - 130px);\n    justify-content: space-between;\n    align-items: center;\n    flex-direction: column;\n}\n\n.recomendadorButtonFixed {\n    margin: 0 auto;\n    background: #1D3557;\n    width: 80%;\n    text-align: center;\n    font-size: 10px;\n    color: #FFF;\n    padding: 2px 10px;\n    border-radius: 3px;\n}\n\n.recomendadorButtonFixed:after {\n    margin-top: -3px;\n    content: \"\u2192\";\n    padding: 0px 0px 0px 10px;\n}\n\n.recomendadorAlertFixed {\n    font-weight: 400;\n    text-align: center;\n    color: #484848;\n    font-size: 8px;\n}\n\n.recomendadorCloseFixed {\n    z-index: 99999;\n    display: none;\n    right: 0px;\n    left: inherit;\n    bottom: 99px;\n    position: fixed;\n    justify-content: center;\n    background: #F6F6F6;\n    width: 25px;\n    align-items: center;\n    height: 25px;\n    font-weight: 800;\n    border-radius: 50%;\n    border: 1px solid #EBEBEB;\n}\n\n.recomendadorV2Desc{\n    color: #000000;\n    margin: 20px 0px;\n}\n\n@media (max-width: 576px) {\n    .recomendadorV2Area {\n      padding: 10px;\n      max-width: 100%;\n    }\n  \n    .recomendadorV2Area1 img {\n      width: 100%;\n      border-radius: 6px;\n    }\n  \n    .recomendadorV2Area2 .recomendadorV2Type {\n      font-size: 9px;\n      letter-spacing: 1px;\n      margin: 8px 0;\n    }\n  \n    .recomendadorV2Title h2 {\n      font-size: 18px !important;\n      margin-bottom: 8px !important;\n      line-height: 1.2;\n    }\n  \n    .recomendadorV2Desc {\n      font-size: 14px;\n      margin: 8px 0 !important;\n      line-height: 1.4;\n    }\n  \n    .recomendadorV2Button {\n      font-size: 14px;\n      height: 40px;\n      padding: 0 12px;\n      max-width: 100%;\n      width: 100%;\n    }\n  \n    .recomendadorV2Button:after {\n      padding-left: 6px;\n    }\n  }\n  <\/style>\n        <div class=\"lazyblock-recomendador-v2-2jDGz wp-block-lazyblock-recomendador-v2\">\n        <a class=\"linkrecomendadorv2\" href=\"http:\/\/diariodocomercio.com.br\/mix\/rede-social-mais-famosa-da-china-pode-chegar-ao-brasil-e-acabar-com-instagram-whatsapp-e-facebook\/\">\n            <div class=\"recomendadorV2Area\">\n            <div class=\"recomendadorV2Area1\">\n                <div class=\"recomendadorV2Img\">\n                <img class=\"lazyloaded\" decoding=\"async\" src=\"https:\/\/diariodocomercio.com.br\/mix\/wp-content\/uploads\/2025\/05\/redes-sociais.jpg\" data-src=\"https:\/\/diariodocomercio.com.br\/mix\/wp-content\/uploads\/2025\/05\/redes-sociais.jpg\" alt=\"\">\n                <\/div>\n            <\/div>\n            <div class=\"recomendadorV2Area2\">\n                <div class=\"recomendadorV2Type\">\n                    <span>MUNDO<\/span>\n                <\/div>\n                <div class=\"recomendadorV2Title\">\n                <h2><span>Rede social mais famosa da China pode chegar ao Brasil e acabar com Instagram, WhatsApp e Facebook?<\/span><\/h2>\n                <\/div>\n                <div class=\"recomendadorV2Desc\">\n                <span>Voc\u00ea provavelmente j\u00e1 ouviu falar que plataformas como Instagram, Facebook e WhatsApp s\u00e3o proibidas na China. E sim, isso \u00e9 \u2026<\/span>\n                <\/div>\n                <div class=\"recomendadorV2Button\">Leia mais<\/div>\n                <div class=\"recomendadorV2Alert\"><\/div>\n            <\/div>\n            <\/div>\n        <\/a>\n        <div>\n            <div style=\"z-index:99999;\" id=\"buttonClose\" onclick=\"closeRecomendadorFixed()\">\n            <div class=\"recomendadorCloseFixed\">X<\/div>\n            <\/div>\n            <a href=\"http:\/\/diariodocomercio.com.br\/mix\/rede-social-mais-famosa-da-china-pode-chegar-ao-brasil-e-acabar-com-instagram-whatsapp-e-facebook\/\">\n            <div class=\"recomendadorFixedArea\">\n                <div id=\"recomendadorFixed\">\n                <div class=\"recomendadorLeftArea\">\n                    <div class=\"recomendadorImgFixed\">\n                    <img class=\"lazyload\" decoding=\"async\" src=\"https:\/\/diariodocomercio.com.br\/mix\/wp-content\/uploads\/2025\/05\/redes-sociais.jpg\" alt=\"\">\n                    <\/div>\n                <\/div>\n                <div class=\"recomendadorRightArea\">\n                    <div class=\"recomendadorTitleFixed\">\n                    <h2><span>Rede social mais famosa da China pode chegar ao Brasil e acabar com Instagram, WhatsApp e Facebook?<\/span><\/h2>\n                    <\/div>\n                    <div class=\"recomendadorButtonFixed\">Leia mais<\/div>\n                    <div class=\"recomendadorAlertFixed\"><\/div>\n                <\/div>\n                <\/div>\n            <\/div>\n            <\/a>\n        <\/div>\n        <\/div>\n","protected":false},"excerpt":{"rendered":"<p>Voc\u00ea sabia que o atual detentor do t\u00edtulo de homem mais velho do mundo \u00e9 brasileiro? Jo\u00e3o Marinho Neto, o seu Jo\u00e3o, mora no Cear\u00e1 e atualmente tem os seus 113 anos de idade. Ele ficou com o t\u00edtulo depois da morte do brit\u00e2nico John Tinniswood, que morreu aos 112 anos em 2024 e era [&hellip;]<\/p>\n","protected":false},"author":6,"featured_media":33950,"comment_status":"closed","ping_status":"closed","sticky":false,"template":"","format":"standard","meta":{"jnews-multi-image_gallery":[],"jnews_single_post":{"format":"standard"},"jnews_primary_category":[],"jnews_social_meta":[],"jnews_override_counter":[],"jnews_post_split":[],"footnotes":""},"categories":[1],"tags":[],"class_list":["post-33948","post","type-post","status-publish","format-standard","has-post-thumbnail","hentry","category-geral"],"_referencia":"","_links":{"self":[{"href":"https:\/\/diariodocomercio.com.br\/mix\/wp-json\/wp\/v2\/posts\/33948","targetHints":{"allow":["GET"]}}],"collection":[{"href":"https:\/\/diariodocomercio.com.br\/mix\/wp-json\/wp\/v2\/posts"}],"about":[{"href":"https:\/\/diariodocomercio.com.br\/mix\/wp-json\/wp\/v2\/types\/post"}],"author":[{"embeddable":true,"href":"https:\/\/diariodocomercio.com.br\/mix\/wp-json\/wp\/v2\/users\/6"}],"replies":[{"embeddable":true,"href":"https:\/\/diariodocomercio.com.br\/mix\/wp-json\/wp\/v2\/comments?post=33948"}],"version-history":[{"count":1,"href":"https:\/\/diariodocomercio.com.br\/mix\/wp-json\/wp\/v2\/posts\/33948\/revisions"}],"predecessor-version":[{"id":33955,"href":"https:\/\/diariodocomercio.com.br\/mix\/wp-json\/wp\/v2\/posts\/33948\/revisions\/33955"}],"wp:featuredmedia":[{"embeddable":true,"href":"https:\/\/diariodocomercio.com.br\/mix\/wp-json\/wp\/v2\/media\/33950"}],"wp:attachment":[{"href":"https:\/\/diariodocomercio.com.br\/mix\/wp-json\/wp\/v2\/media?parent=33948"}],"wp:term":[{"taxonomy":"category","embeddable":true,"href":"https:\/\/diariodocomercio.com.br\/mix\/wp-json\/wp\/v2\/categories?post=33948"},{"taxonomy":"post_tag","embeddable":true,"href":"https:\/\/diariodocomercio.com.br\/mix\/wp-json\/wp\/v2\/tags?post=33948"}],"curies":[{"name":"wp","href":"https:\/\/api.w.org\/{rel}","templated":true}]}}