{"id":33954,"date":"2026-01-30T14:37:54","date_gmt":"2026-01-30T17:37:54","guid":{"rendered":"https:\/\/diariodocomercio.com.br\/mix\/?p=33954"},"modified":"2026-01-30T14:37:56","modified_gmt":"2026-01-30T17:37:56","slug":"o-que-significa-parar-de-fazer-tudo-por-2-minutos-no-trabalho-segundo-a-psicologia","status":"publish","type":"post","link":"https:\/\/diariodocomercio.com.br\/mix\/o-que-significa-parar-de-fazer-tudo-por-2-minutos-no-trabalho-segundo-a-psicologia\/","title":{"rendered":"O que significa parar de fazer tudo por 2 minutos no trabalho, segundo a psicologia"},"content":{"rendered":"\n<p>Os desafios da sa\u00fade mental revelam a urg\u00eancia de estrat\u00e9gias eficazes. Pesquisadores destacam <strong>pausas conscientes de dois minutos <\/strong>como uma abordagem promissora. Esse recurso simples \u00e9 recomendado por especialistas em sa\u00fade mental, que observam um aumento nos casos de <strong>ansiedade, depress\u00e3o<\/strong> e <strong>Burnout.<\/strong><\/p>\n\n\n\n<p>Essas pausas podem ser adotadas em diversos locais, inclusive no ambiente de trabalho, auxiliando no combate \u00e0 sobrecarga mental.<\/p>\n\n\n\n<p>A sobrecarga de est\u00edmulos do dia a dia pode prejudicar o c\u00e9rebro humano, que n\u00e3o est\u00e1 totalmente adaptado a tamanha press\u00e3o. Praticar breves pausas, focando na respira\u00e7\u00e3o e na autoconsci\u00eancia, ajuda a identificar tens\u00f5es e emo\u00e7\u00f5es ocultas, promovendo o bem-estar emocional.<\/p>\n\n\n\n<h2 class=\"wp-block-heading\">Autoconsci\u00eancia<\/h2>\n\n\n\n<p>Autoconsci\u00eancia \u00e9 a habilidade de <strong>perceber e compreender nosso estado interno. <\/strong>Em um mundo cheio de informa\u00e7\u00f5es, essa pr\u00e1tica \u00e9 vital para a sa\u00fade mental.<\/p>\n\n\n\n<p>\u00c9 por meio dela que identificamos cansa\u00e7o e irrita\u00e7\u00e3o, possibilitando a\u00e7\u00f5es que respeitam nossas necessidades e valores. Estudos cient\u00edficos corroboram a efic\u00e1cia da autoconsci\u00eancia como ferramenta para o fortalecimento psicol\u00f3gico.<\/p>\n\n\n\n<h2 class=\"wp-block-heading\">Pr\u00e1ticas simples para melhorar a sa\u00fade mental<\/h2>\n\n\n\n<p>Para implementar pausas eficazes, momentos de aten\u00e7\u00e3o plena s\u00e3o sugeridos ao longo do dia:<\/p>\n\n\n\n<ul class=\"wp-block-list\">\n<li><strong>Fechar os olhos por dois minutos:<\/strong> Focar na respira\u00e7\u00e3o ajuda a esvaziar a mente.<\/li>\n\n\n\n<li><strong>Sentir os p\u00e9s no ch\u00e3o<\/strong>: Conectar-se com o espa\u00e7o f\u00edsico presente.<\/li>\n\n\n\n<li><strong>Observar as emo\u00e7\u00f5es:<\/strong> Identificar sensa\u00e7\u00f5es internas, evitando julgamentos.<\/li>\n<\/ul>\n\n\n\n<p>Estas pr\u00e1ticas s\u00e3o acess\u00edveis e n\u00e3o disruptivas, otimizando o engajamento nas atividades di\u00e1rias sem complica\u00e7\u00f5es.<\/p>\n\n\n\n<p>As pausas de dois minutos consolidam-se como uma resposta pr\u00e1tica ao estresse di\u00e1rio. A autoconsci\u00eancia e aten\u00e7\u00e3o plena s\u00e3o pilares para um bem-estar sustent\u00e1vel, fornecendo um suporte seguro diante dos desafios do cotidiano.<\/p>\n\n\n\n<p>Com base nas atuais condi\u00e7\u00f5es de sa\u00fade mental, essas pausas n\u00e3o s\u00e3o meras interrup\u00e7\u00f5es, mas sim instrumentos essenciais de reconex\u00e3o interna.&nbsp;<\/p>\n","protected":false},"excerpt":{"rendered":"<p>Trabalhadores est\u00e3o adotando o m\u00e9todo. Confira detalhes.<\/p>\n","protected":false},"author":12,"featured_media":11800,"comment_status":"closed","ping_status":"closed","sticky":false,"template":"","format":"standard","meta":{"jnews-multi-image_gallery":[],"jnews_single_post":{"format":"standard"},"jnews_primary_category":[],"jnews_social_meta":[],"jnews_override_counter":[],"jnews_post_split":[],"footnotes":""},"categories":[1],"tags":[],"class_list":["post-33954","post","type-post","status-publish","format-standard","has-post-thumbnail","hentry","category-geral"],"_referencia":"","_links":{"self":[{"href":"https:\/\/diariodocomercio.com.br\/mix\/wp-json\/wp\/v2\/posts\/33954","targetHints":{"allow":["GET"]}}],"collection":[{"href":"https:\/\/diariodocomercio.com.br\/mix\/wp-json\/wp\/v2\/posts"}],"about":[{"href":"https:\/\/diariodocomercio.com.br\/mix\/wp-json\/wp\/v2\/types\/post"}],"author":[{"embeddable":true,"href":"https:\/\/diariodocomercio.com.br\/mix\/wp-json\/wp\/v2\/users\/12"}],"replies":[{"embeddable":true,"href":"https:\/\/diariodocomercio.com.br\/mix\/wp-json\/wp\/v2\/comments?post=33954"}],"version-history":[{"count":1,"href":"https:\/\/diariodocomercio.com.br\/mix\/wp-json\/wp\/v2\/posts\/33954\/revisions"}],"predecessor-version":[{"id":33957,"href":"https:\/\/diariodocomercio.com.br\/mix\/wp-json\/wp\/v2\/posts\/33954\/revisions\/33957"}],"wp:featuredmedia":[{"embeddable":true,"href":"https:\/\/diariodocomercio.com.br\/mix\/wp-json\/wp\/v2\/media\/11800"}],"wp:attachment":[{"href":"https:\/\/diariodocomercio.com.br\/mix\/wp-json\/wp\/v2\/media?parent=33954"}],"wp:term":[{"taxonomy":"category","embeddable":true,"href":"https:\/\/diariodocomercio.com.br\/mix\/wp-json\/wp\/v2\/categories?post=33954"},{"taxonomy":"post_tag","embeddable":true,"href":"https:\/\/diariodocomercio.com.br\/mix\/wp-json\/wp\/v2\/tags?post=33954"}],"curies":[{"name":"wp","href":"https:\/\/api.w.org\/{rel}","templated":true}]}}