{"id":33958,"date":"2026-01-31T12:31:00","date_gmt":"2026-01-31T15:31:00","guid":{"rendered":"https:\/\/diariodocomercio.com.br\/mix\/?p=33958"},"modified":"2026-01-30T15:49:05","modified_gmt":"2026-01-30T18:49:05","slug":"higiene-noturna-simples-pode-reduzir-o-risco-de-infarto-e-avc-dizem-especialistas","status":"publish","type":"post","link":"https:\/\/diariodocomercio.com.br\/mix\/higiene-noturna-simples-pode-reduzir-o-risco-de-infarto-e-avc-dizem-especialistas\/","title":{"rendered":"Higiene noturna simples pode reduzir o risco de infarto e AVC, dizem especialistas"},"content":{"rendered":"\n<p>A falta de <strong>higiene bucal<\/strong> vai al\u00e9m de uma quest\u00e3o est\u00e9tica. Um estudo do Hospital Universit\u00e1rio de Osaka, no Jap\u00e3o, publicado em 2023 na Scientific Reports, postula que negligenciar a escova\u00e7\u00e3o di\u00e1ria eleva os riscos de doen\u00e7as cardiovasculares, como <strong>infarto <\/strong>e <strong>acidente vascular cerebral <\/strong>(AVC).<\/p>\n\n\n\n<p>A investiga\u00e7\u00e3o enfatiza a relev\u00e2ncia cr\u00edtica da sa\u00fade bucal para a preven\u00e7\u00e3o de problemas card\u00edacos.<\/p>\n\n\n\n<p>A pesquisa acompanhou 1.675 participantes, divididos em quatro grupos conforme seus h\u00e1bitos de escova\u00e7\u00e3o, durante quase tr\u00eas anos. Os resultados indicaram que a aus\u00eancia de higiene bucal noturna se correlaciona com o agravamento das condi\u00e7\u00f5es cardiovasculares. Este estudo, portanto, destaca a conex\u00e3o entre sa\u00fade bucal e doen\u00e7as card\u00edacas.<\/p>\n\n\n\n<h2 class=\"wp-block-heading\">Papel dos dentes na sa\u00fade cardiovascular<\/h2>\n\n\n\n<p>Os dentes s\u00e3o essenciais n\u00e3o s\u00f3 para a digest\u00e3o, mas tamb\u00e9m para a sa\u00fade geral. H\u00e1 evid\u00eancias crescentes sobre a liga\u00e7\u00e3o entre doen\u00e7as periodontais e problemas card\u00edacos.<\/p>\n\n\n\n<p>A doen\u00e7a periodontal ocorre quando bact\u00e9rias se acumulam nas gengivas, podendo entrar na corrente sangu\u00ednea. Estas bact\u00e9rias podem inflamar vasos sangu\u00edneos e facilitar a forma\u00e7\u00e3o de placas arteriais, respons\u00e1veis por obstruir art\u00e9rias e elevar o risco de infarto e AVC.<\/p>\n\n\n\n<p>Assim, negligenciar algo t\u00e3o simples como a escova\u00e7\u00e3o noturna pode ter consequ\u00eancias graves para o cora\u00e7\u00e3o.<\/p>\n\n\n\n<h2 class=\"wp-block-heading\">Higiene bucal adequada como prote\u00e7\u00e3o<\/h2>\n\n\n\n<p>Manter uma rotina consistente de higiene bucal \u00e9 vital. O estudo refor\u00e7a a import\u00e2ncia de escovar os dentes <strong>ao menos duas vezes ao dia, <\/strong>sobretudo \u00e0 noite, devido \u00e0 diminui\u00e7\u00e3o do fluxo salivar durante o sono. Microorganismos prosperam neste ambiente, potencialmente causando inflama\u00e7\u00f5es card\u00edacas.<\/p>\n\n\n\n<p>Al\u00e9m disso, usar <strong>fio dental <\/strong>e realizar consultas regulares ao dentista s\u00e3o medidas fundamentais. Essas pr\u00e1ticas ajudam a prevenir a deteriora\u00e7\u00e3o dental e evitam complica\u00e7\u00f5es mais graves, funcionando como uma defesa inicial contra infec\u00e7\u00f5es.<\/p>\n\n\n\n<p>A falta de cuidados orais n\u00e3o afeta apenas a sa\u00fade card\u00edaca. Pode estar associada a outros problemas significativos, como agravamento do diabetes e aumento do risco de infec\u00e7\u00f5es. Evid\u00eancias sugerem que a sa\u00fade bucal prec\u00e1ria pode prejudicar o controle glic\u00eamico em diab\u00e9ticos.&nbsp;<\/p>\n","protected":false},"excerpt":{"rendered":"<p>Estudo foi publicado na Scientific Reports. Confira detalhes.<\/p>\n","protected":false},"author":12,"featured_media":19023,"comment_status":"closed","ping_status":"closed","sticky":false,"template":"","format":"standard","meta":{"jnews-multi-image_gallery":[],"jnews_single_post":{"format":"standard"},"jnews_primary_category":[],"jnews_social_meta":[],"jnews_override_counter":[],"jnews_post_split":[],"footnotes":""},"categories":[1],"tags":[],"class_list":["post-33958","post","type-post","status-publish","format-standard","has-post-thumbnail","hentry","category-geral"],"_referencia":"","_links":{"self":[{"href":"https:\/\/diariodocomercio.com.br\/mix\/wp-json\/wp\/v2\/posts\/33958","targetHints":{"allow":["GET"]}}],"collection":[{"href":"https:\/\/diariodocomercio.com.br\/mix\/wp-json\/wp\/v2\/posts"}],"about":[{"href":"https:\/\/diariodocomercio.com.br\/mix\/wp-json\/wp\/v2\/types\/post"}],"author":[{"embeddable":true,"href":"https:\/\/diariodocomercio.com.br\/mix\/wp-json\/wp\/v2\/users\/12"}],"replies":[{"embeddable":true,"href":"https:\/\/diariodocomercio.com.br\/mix\/wp-json\/wp\/v2\/comments?post=33958"}],"version-history":[{"count":2,"href":"https:\/\/diariodocomercio.com.br\/mix\/wp-json\/wp\/v2\/posts\/33958\/revisions"}],"predecessor-version":[{"id":33977,"href":"https:\/\/diariodocomercio.com.br\/mix\/wp-json\/wp\/v2\/posts\/33958\/revisions\/33977"}],"wp:featuredmedia":[{"embeddable":true,"href":"https:\/\/diariodocomercio.com.br\/mix\/wp-json\/wp\/v2\/media\/19023"}],"wp:attachment":[{"href":"https:\/\/diariodocomercio.com.br\/mix\/wp-json\/wp\/v2\/media?parent=33958"}],"wp:term":[{"taxonomy":"category","embeddable":true,"href":"https:\/\/diariodocomercio.com.br\/mix\/wp-json\/wp\/v2\/categories?post=33958"},{"taxonomy":"post_tag","embeddable":true,"href":"https:\/\/diariodocomercio.com.br\/mix\/wp-json\/wp\/v2\/tags?post=33958"}],"curies":[{"name":"wp","href":"https:\/\/api.w.org\/{rel}","templated":true}]}}