{"id":33971,"date":"2026-01-30T15:45:43","date_gmt":"2026-01-30T18:45:43","guid":{"rendered":"https:\/\/diariodocomercio.com.br\/mix\/?p=33971"},"modified":"2026-01-30T15:45:46","modified_gmt":"2026-01-30T18:45:46","slug":"50-milhoes-de-brasileiros-vao-receber-novo-auxilio-em-2026","status":"publish","type":"post","link":"https:\/\/diariodocomercio.com.br\/mix\/50-milhoes-de-brasileiros-vao-receber-novo-auxilio-em-2026\/","title":{"rendered":"50 milh\u00f5es de brasileiros v\u00e3o receber novo aux\u00edlio em 2026"},"content":{"rendered":"\n<p>O programa <strong>G\u00e1s do Povo <\/strong>Brasil expandiu-se para todas as capitais brasileiras em 26 de janeiro. Esta amplia\u00e7\u00e3o beneficia cerca de 950 mil novas fam\u00edlias em 17 capitais, proporcionando recarga gratuita de g\u00e1s de cozinha para fam\u00edlias de baixa renda. A iniciativa visa mitigar riscos associados ao uso de m\u00e9todos perigosos de cozimento e promover o acesso seguro \u00e0 energia.<\/p>\n\n\n\n<p>A expans\u00e3o do programa, inicialmente dispon\u00edvel em apenas 10 capitais, agora abrange todo o territ\u00f3rio nacional. O objetivo \u00e9 alcan\u00e7ar at\u00e9 15 milh\u00f5es de fam\u00edlias, combatendo a pobreza energ\u00e9tica. Cada fam\u00edlia possui agora acesso a um ponto de troca de g\u00e1s a cada dois quil\u00f4metros de sua resid\u00eancia.<\/p>\n\n\n\n<p>Uma Medida Provis\u00f3ria que amplia o programa G\u00e1s do Povo para cerca de <strong>50 milh\u00f5es de pessoas<\/strong> deve ser votada na C\u00e2mara dos Deputados na pr\u00f3xima segunda-feira, dia 2.&nbsp;<\/p>\n\n\n\n<h2 class=\"wp-block-heading\">Acesso seguro ao g\u00e1s de cozinha<\/h2>\n\n\n\n<p>O programa j\u00e1 credenciou mais de 10 mil pontos de venda em todas as capitais. Isso elimina a necessidade de m\u00e9todos alternativos e perigosos, como o uso de lenha e carv\u00e3o, reduzindo os riscos de doen\u00e7as respirat\u00f3rias e acidentes dom\u00e9sticos.<\/p>\n\n\n\n<p>Para participar, as fam\u00edlias precisam ser inscritas no Cadastro \u00danico e ter uma renda per capita de at\u00e9 meio sal\u00e1rio m\u00ednimo. A plataforma &#8220;Meu Social \u2013 G\u00e1s do Povo&#8221; auxilia na verifica\u00e7\u00e3o de elegibilidade e na localiza\u00e7\u00e3o dos pontos de troca.<\/p>\n\n\n\n<h2 class=\"wp-block-heading\">Implementa\u00e7\u00e3o&nbsp;<\/h2>\n\n\n\n<p>O governo federal regulamentou o programa para aliviar as dificuldades de milh\u00f5es de brasileiros no acesso \u00e0 energia essencial. A medida provis\u00f3ria aprovada consolidou a expans\u00e3o do acesso ao g\u00e1s em todo o pa\u00eds.<\/p>\n\n\n\n<p>Espera-se que o programa esteja em funcionamento completo at\u00e9 mar\u00e7o de 2026, cobrindo todos os munic\u00edpios brasileiros. O governo oferece canais de consulta, incluindo o portal Cidad\u00e3o Caixa e a central de atendimento Caixa Cidad\u00e3o, para auxiliar as fam\u00edlias.<\/p>\n\n\n\n<p>O programa G\u00e1s do Povo representa uma transi\u00e7\u00e3o do Aux\u00edlio G\u00e1s para um modelo mais abrangente, garantindo justi\u00e7a social e apoio econ\u00f4mico a fam\u00edlias vulner\u00e1veis. Diversos canais de suporte facilitam tanto a verifica\u00e7\u00e3o da elegibilidade quanto o fornecimento de assist\u00eancia cont\u00ednua.<\/p>\n","protected":false},"excerpt":{"rendered":"<p>Medida Provis\u00f3ria deve ser votada na pr\u00f3xima segunda-feira, dia 2. Confira detalhes.<\/p>\n","protected":false},"author":12,"featured_media":33342,"comment_status":"closed","ping_status":"closed","sticky":false,"template":"","format":"standard","meta":{"jnews-multi-image_gallery":[],"jnews_single_post":{"format":"standard"},"jnews_primary_category":[],"jnews_social_meta":[],"jnews_override_counter":[],"jnews_post_split":[],"footnotes":""},"categories":[1],"tags":[],"class_list":["post-33971","post","type-post","status-publish","format-standard","has-post-thumbnail","hentry","category-geral"],"_referencia":"","_links":{"self":[{"href":"https:\/\/diariodocomercio.com.br\/mix\/wp-json\/wp\/v2\/posts\/33971","targetHints":{"allow":["GET"]}}],"collection":[{"href":"https:\/\/diariodocomercio.com.br\/mix\/wp-json\/wp\/v2\/posts"}],"about":[{"href":"https:\/\/diariodocomercio.com.br\/mix\/wp-json\/wp\/v2\/types\/post"}],"author":[{"embeddable":true,"href":"https:\/\/diariodocomercio.com.br\/mix\/wp-json\/wp\/v2\/users\/12"}],"replies":[{"embeddable":true,"href":"https:\/\/diariodocomercio.com.br\/mix\/wp-json\/wp\/v2\/comments?post=33971"}],"version-history":[{"count":1,"href":"https:\/\/diariodocomercio.com.br\/mix\/wp-json\/wp\/v2\/posts\/33971\/revisions"}],"predecessor-version":[{"id":33976,"href":"https:\/\/diariodocomercio.com.br\/mix\/wp-json\/wp\/v2\/posts\/33971\/revisions\/33976"}],"wp:featuredmedia":[{"embeddable":true,"href":"https:\/\/diariodocomercio.com.br\/mix\/wp-json\/wp\/v2\/media\/33342"}],"wp:attachment":[{"href":"https:\/\/diariodocomercio.com.br\/mix\/wp-json\/wp\/v2\/media?parent=33971"}],"wp:term":[{"taxonomy":"category","embeddable":true,"href":"https:\/\/diariodocomercio.com.br\/mix\/wp-json\/wp\/v2\/categories?post=33971"},{"taxonomy":"post_tag","embeddable":true,"href":"https:\/\/diariodocomercio.com.br\/mix\/wp-json\/wp\/v2\/tags?post=33971"}],"curies":[{"name":"wp","href":"https:\/\/api.w.org\/{rel}","templated":true}]}}