{"id":33979,"date":"2026-01-30T16:25:13","date_gmt":"2026-01-30T19:25:13","guid":{"rendered":"https:\/\/diariodocomercio.com.br\/mix\/?p=33979"},"modified":"2026-01-30T18:47:01","modified_gmt":"2026-01-30T21:47:01","slug":"13o-salario-do-inss-2026-entenda-como-sera-feito-o-pagamento","status":"publish","type":"post","link":"https:\/\/diariodocomercio.com.br\/mix\/13o-salario-do-inss-2026-entenda-como-sera-feito-o-pagamento\/","title":{"rendered":"13\u00ba sal\u00e1rio do INSS 2026: entenda como ser\u00e1 feito o pagamento"},"content":{"rendered":"\n<p>A antecipa\u00e7\u00e3o do <strong>13\u00ba sal\u00e1rio<\/strong> para aposentados e pensionistas do INSS em 2026 continua a ser um tema de interesse para muitos no Brasil. O governo federal dever\u00e1 manter a pr\u00e1tica de liberar o benef\u00edcio no primeiro semestre, seguindo o padr\u00e3o dos \u00faltimos anos, com a primeira parcela prevista para abril e a segunda para maio. Essa medida busca aliviar as dificuldades financeiras enfrentadas por muitas fam\u00edlias.<\/p>\n\n\n\n<p>O 13\u00ba sal\u00e1rio do INSS \u00e9 pago em duas parcelas, beneficiando aproximadamente 34 milh\u00f5es de pessoas em todo o pa\u00eds, conforme \u00faltimos registros. Implementada inicialmente durante a pandemia, essa medida tornou-se eficaz para refor\u00e7ar os rendimentos dos benefici\u00e1rios. Este adiantamento n\u00e3o gera despesa adicional ao governo, pois j\u00e1 est\u00e1 previsto no or\u00e7amento. <\/p>\n\n\n\n<p>Caso n\u00e3o ocorra adiantamento dos repasses, eles devem ocorrer no final do ano.<\/p>\n\n\n\n<h2 class=\"wp-block-heading\">Como funciona o pagamento antecipado?<\/h2>\n\n\n\n<p>O pagamento do 13\u00ba sal\u00e1rio \u00e9 dividido em duas partes. A primeira parcela, que equivale a 50% do benef\u00edcio mensal, \u00e9 paga de forma integral, sem descontos.<\/p>\n\n\n\n<p>J\u00e1 a segunda parcela, tamb\u00e9m de 50%, inclui dedu\u00e7\u00f5es legais, como o Imposto de Renda, quando aplic\u00e1vel.&nbsp;<\/p>\n\n\n\n<p>O INSS organiza as libera\u00e7\u00f5es de acordo com o n\u00famero final do cart\u00e3o dos benefici\u00e1rios, garantindo um pagamento ordenado. As datas exatas para este ano ainda n\u00e3o foram divulgadas oficialmente, mas a expectativa \u00e9 de que sigam o padr\u00e3o anterior com pagamentos em abril e maio.<\/p>\n\n\n\n<h2 class=\"wp-block-heading\">Quem tem direito ao 13\u00ba sal\u00e1rio?<\/h2>\n\n\n\n<p>O abono anual do INSS \u00e9 garantido para:<\/p>\n\n\n\n<ul class=\"wp-block-list\">\n<li>Aposentados em todas as modalidades<\/li>\n\n\n\n<li>Pensionistas<\/li>\n\n\n\n<li>Benefici\u00e1rios de aux\u00edlio-doen\u00e7a<\/li>\n\n\n\n<li>Benefici\u00e1rios de aux\u00edlio-acidente<\/li>\n\n\n\n<li>Benefici\u00e1rios de aux\u00edlio-reclus\u00e3o<\/li>\n<\/ul>\n\n\n\n<p>Benefici\u00e1rios do BPC (Benef\u00edcio de Presta\u00e7\u00e3o Continuada) <strong>n\u00e3o t\u00eam direito ao 13\u00ba sal\u00e1rio, <\/strong>pois este benef\u00edcio \u00e9 de car\u00e1ter assistencial.<\/p>\n\n\n\n<p>A antecipa\u00e7\u00e3o do 13\u00ba n\u00e3o s\u00f3 alivia o or\u00e7amento dom\u00e9stico, mas tamb\u00e9m oferece aos benefici\u00e1rios a oportunidade de planejar melhor suas finan\u00e7as. Com esse recurso, muitos quitam d\u00edvidas, investem em sa\u00fade ou economizam para emerg\u00eancias. Planejamento financeiro eficaz \u00e9 essencial para maximizar o impacto positivo do benef\u00edcio ao longo do ano.<\/p>\n","protected":false},"excerpt":{"rendered":"<p>Medida busca aliviar as dificuldades financeiras enfrentadas por muitas fam\u00edlias.<\/p>\n","protected":false},"author":12,"featured_media":10504,"comment_status":"closed","ping_status":"closed","sticky":false,"template":"","format":"standard","meta":{"jnews-multi-image_gallery":[],"jnews_single_post":{"format":"standard"},"jnews_primary_category":[],"jnews_social_meta":[],"jnews_override_counter":[],"jnews_post_split":[],"footnotes":""},"categories":[1],"tags":[],"class_list":["post-33979","post","type-post","status-publish","format-standard","has-post-thumbnail","hentry","category-geral"],"_referencia":"","_links":{"self":[{"href":"https:\/\/diariodocomercio.com.br\/mix\/wp-json\/wp\/v2\/posts\/33979","targetHints":{"allow":["GET"]}}],"collection":[{"href":"https:\/\/diariodocomercio.com.br\/mix\/wp-json\/wp\/v2\/posts"}],"about":[{"href":"https:\/\/diariodocomercio.com.br\/mix\/wp-json\/wp\/v2\/types\/post"}],"author":[{"embeddable":true,"href":"https:\/\/diariodocomercio.com.br\/mix\/wp-json\/wp\/v2\/users\/12"}],"replies":[{"embeddable":true,"href":"https:\/\/diariodocomercio.com.br\/mix\/wp-json\/wp\/v2\/comments?post=33979"}],"version-history":[{"count":1,"href":"https:\/\/diariodocomercio.com.br\/mix\/wp-json\/wp\/v2\/posts\/33979\/revisions"}],"predecessor-version":[{"id":33980,"href":"https:\/\/diariodocomercio.com.br\/mix\/wp-json\/wp\/v2\/posts\/33979\/revisions\/33980"}],"wp:featuredmedia":[{"embeddable":true,"href":"https:\/\/diariodocomercio.com.br\/mix\/wp-json\/wp\/v2\/media\/10504"}],"wp:attachment":[{"href":"https:\/\/diariodocomercio.com.br\/mix\/wp-json\/wp\/v2\/media?parent=33979"}],"wp:term":[{"taxonomy":"category","embeddable":true,"href":"https:\/\/diariodocomercio.com.br\/mix\/wp-json\/wp\/v2\/categories?post=33979"},{"taxonomy":"post_tag","embeddable":true,"href":"https:\/\/diariodocomercio.com.br\/mix\/wp-json\/wp\/v2\/tags?post=33979"}],"curies":[{"name":"wp","href":"https:\/\/api.w.org\/{rel}","templated":true}]}}