{"id":33993,"date":"2026-01-30T17:20:23","date_gmt":"2026-01-30T20:20:23","guid":{"rendered":"https:\/\/diariodocomercio.com.br\/mix\/?p=33993"},"modified":"2026-01-30T18:53:52","modified_gmt":"2026-01-30T21:53:52","slug":"nova-lei-permite-enterrar-animais-em-cemiterios-de-humanos","status":"publish","type":"post","link":"https:\/\/diariodocomercio.com.br\/mix\/nova-lei-permite-enterrar-animais-em-cemiterios-de-humanos\/","title":{"rendered":"Nova lei permite enterrar animais em cemit\u00e9rios de humanos"},"content":{"rendered":"\n<p>A cidade de <strong>Natal<\/strong> sancionou a <strong>Lei n\u00ba 8.046 <\/strong>em dezembro de 2025, estabelecendo novas diretrizes para o sepultamento e crema\u00e7\u00e3o de animais dom\u00e9sticos em cemit\u00e9rios p\u00fablicos e privados. O prefeito Paulinho Freire promulgou a legisla\u00e7\u00e3o para atender \u00e0 crescente demanda por alternativas legais e respons\u00e1veis, especialmente para fam\u00edlias que consideram seus pets como membros da fam\u00edlia.<\/p>\n\n\n\n<p>A lei permite sepultamentos em sepulturas, gavetas e l\u00f3culos, exigindo um atestado veterin\u00e1rio que comprove a aus\u00eancia de doen\u00e7as transmiss\u00edveis e informa\u00e7\u00f5es detalhadas sobre a morte. Todas as despesas devem ser pagas pelo tutor, assegurando a obedi\u00eancia a normas sanit\u00e1rias.<\/p>\n\n\n\n<h2 class=\"wp-block-heading\">Motivos para a regulamenta\u00e7\u00e3o do sepultamento de pets<\/h2>\n\n\n\n<p>A nova legisla\u00e7\u00e3o visa proporcionar respeito e dignidade aos animais dom\u00e9sticos ap\u00f3s o falecimento. Antes da regulamenta\u00e7\u00e3o, muitos tutores enfrentavam dificuldades para se despedirem de seus pets de maneira adequada.<\/p>\n\n\n\n<p>A medida tamb\u00e9m previne pr\u00e1ticas inadequadas que poderiam causar danos ambientais.<\/p>\n\n\n\n<h2 class=\"wp-block-heading\">Vetos&nbsp;<\/h2>\n\n\n\n<p>Embora aprovada, a lei foi revisada com o veto de dois dispositivos por parte do prefeito, por quest\u00f5es constitucionais. Um dos artigos vetados envolvia a crema\u00e7\u00e3o de animais fora de Natal, considerado uma viola\u00e7\u00e3o da autonomia municipal.<\/p>\n\n\n\n<p>Outro ponto vetado foi a tentativa de implementar a cobran\u00e7a de taxas sem base legal espec\u00edfica.<\/p>\n\n\n\n<p>A lei de Natal reflete uma tend\u00eancia observada em outros munic\u00edpios brasileiros, como a recente legisla\u00e7\u00e3o aprovada em S\u00e3o Paulo para sepultamento de pets em jazigos familiares.&nbsp;<\/p>\n","protected":false},"excerpt":{"rendered":"<p>A lei permite sepultamentos em sepulturas, gavetas e l\u00f3culos.<\/p>\n","protected":false},"author":12,"featured_media":10230,"comment_status":"closed","ping_status":"closed","sticky":false,"template":"","format":"standard","meta":{"jnews-multi-image_gallery":[],"jnews_single_post":{"format":"standard"},"jnews_primary_category":[],"jnews_social_meta":[],"jnews_override_counter":[],"jnews_post_split":[],"footnotes":""},"categories":[1],"tags":[],"class_list":["post-33993","post","type-post","status-publish","format-standard","has-post-thumbnail","hentry","category-geral"],"_referencia":"","_links":{"self":[{"href":"https:\/\/diariodocomercio.com.br\/mix\/wp-json\/wp\/v2\/posts\/33993","targetHints":{"allow":["GET"]}}],"collection":[{"href":"https:\/\/diariodocomercio.com.br\/mix\/wp-json\/wp\/v2\/posts"}],"about":[{"href":"https:\/\/diariodocomercio.com.br\/mix\/wp-json\/wp\/v2\/types\/post"}],"author":[{"embeddable":true,"href":"https:\/\/diariodocomercio.com.br\/mix\/wp-json\/wp\/v2\/users\/12"}],"replies":[{"embeddable":true,"href":"https:\/\/diariodocomercio.com.br\/mix\/wp-json\/wp\/v2\/comments?post=33993"}],"version-history":[{"count":1,"href":"https:\/\/diariodocomercio.com.br\/mix\/wp-json\/wp\/v2\/posts\/33993\/revisions"}],"predecessor-version":[{"id":33994,"href":"https:\/\/diariodocomercio.com.br\/mix\/wp-json\/wp\/v2\/posts\/33993\/revisions\/33994"}],"wp:featuredmedia":[{"embeddable":true,"href":"https:\/\/diariodocomercio.com.br\/mix\/wp-json\/wp\/v2\/media\/10230"}],"wp:attachment":[{"href":"https:\/\/diariodocomercio.com.br\/mix\/wp-json\/wp\/v2\/media?parent=33993"}],"wp:term":[{"taxonomy":"category","embeddable":true,"href":"https:\/\/diariodocomercio.com.br\/mix\/wp-json\/wp\/v2\/categories?post=33993"},{"taxonomy":"post_tag","embeddable":true,"href":"https:\/\/diariodocomercio.com.br\/mix\/wp-json\/wp\/v2\/tags?post=33993"}],"curies":[{"name":"wp","href":"https:\/\/api.w.org\/{rel}","templated":true}]}}