{"id":33995,"date":"2026-01-30T18:11:00","date_gmt":"2026-01-30T21:11:00","guid":{"rendered":"https:\/\/diariodocomercio.com.br\/mix\/?p=33995"},"modified":"2026-01-30T17:54:06","modified_gmt":"2026-01-30T20:54:06","slug":"marcia-sensitiva-crava-os-signos-que-vao-enriquecer-em-fevereiro","status":"publish","type":"post","link":"https:\/\/diariodocomercio.com.br\/mix\/marcia-sensitiva-crava-os-signos-que-vao-enriquecer-em-fevereiro\/","title":{"rendered":"M\u00e1rcia Sensitiva crava os signos que v\u00e3o enriquecer em fevereiro"},"content":{"rendered":"\n<p>De acordo com a astr\u00f3loga <strong>M\u00e1rcia Sensitiva, <\/strong>as movimenta\u00e7\u00f5es astrol\u00f3gicas que se intensificaram nos \u00faltimos dias de janeiro continuam influenciando escolhas econ\u00f4micas, planejamento e oportunidades de ganho neste come\u00e7o de fevereiro.<\/p>\n\n\n\n<p>A conjun\u00e7\u00e3o entre Marte e Plut\u00e3o, ocorrida no final de janeiro, marcou o in\u00edcio desse ciclo ao intensificar a determina\u00e7\u00e3o para lidar com dinheiro, investimentos e reorganiza\u00e7\u00e3o de recursos. Esse aspecto favoreceu atitudes mais estrat\u00e9gicas e corajosas, mas tamb\u00e9m exigiu cautela para evitar decis\u00f5es impulsivas ou conflitos em negocia\u00e7\u00f5es.<\/p>\n\n\n\n<p>Em seguida, a conjun\u00e7\u00e3o entre Merc\u00fario e V\u00eanus, ainda no fim de janeiro, criou condi\u00e7\u00f5es mais favor\u00e1veis para acordos financeiros, renegocia\u00e7\u00e3o de valores e conversas objetivas sobre ganhos, custos e prioridades. Segundo M\u00e1rcia Sensitiva, esses movimentos seguem ativos at\u00e9 1\u00ba de fevereiro, funcionando como base para ajustes pr\u00e1ticos no in\u00edcio do m\u00eas.<\/p>\n\n\n\n<h2 class=\"wp-block-heading\">Dinheiro<\/h2>\n\n\n\n<p>Entre os signos mais favorecidos financeiramente nesse intervalo, <strong>Le\u00e3o, Virgem, Capric\u00f3rnio <\/strong>e <strong>Sagit\u00e1rio <\/strong>se destacam. Le\u00e3o tende a obter melhores resultados por meio da organiza\u00e7\u00e3o e da otimiza\u00e7\u00e3o de recursos, com chances de ampliar ganhos ao estruturar melhor sua rotina financeira.<\/p>\n\n\n\n<p>Virgem se beneficia da an\u00e1lise detalhada de gastos, encontrando oportunidades de poupan\u00e7a e maior controle do or\u00e7amento. Capric\u00f3rnio aparece como um dos signos mais estrat\u00e9gicos do per\u00edodo, especialmente ao apostar em parcerias, alian\u00e7as profissionais e planejamento de m\u00e9dio prazo.&nbsp;<\/p>\n\n\n\n<p>J\u00e1 Sagit\u00e1rio encontra um cen\u00e1rio favor\u00e1vel para pensar em novos investimentos, diversifica\u00e7\u00e3o de fontes de renda e expans\u00e3o financeira, desde que atue com cautela.<\/p>\n\n\n\n<p>Outros signos passam por fases de ajuste. \u00c1ries \u00e9 levado a definir metas financeiras claras, enquanto Touro precisa controlar a ansiedade em rela\u00e7\u00e3o ao futuro. G\u00eameos deve evitar dispers\u00e3o nos gastos, e C\u00e2ncer encontra estabilidade ao reorganizar h\u00e1bitos cotidianos.<\/p>\n\n\n\n<p>Libra aprende com experi\u00eancias recentes, Escorpi\u00e3o revisa profundamente sua rela\u00e7\u00e3o com dinheiro, Aqu\u00e1rio reflete sobre valores materiais e Peixes \u00e9 orientado a abandonar estrat\u00e9gias financeiras pouco eficazes.<\/p>\n","protected":false},"excerpt":{"rendered":"<p>Movimentos astrol\u00f3gicos seguem ativos at\u00e9 fevereiro.<\/p>\n","protected":false},"author":12,"featured_media":10780,"comment_status":"closed","ping_status":"closed","sticky":false,"template":"","format":"standard","meta":{"jnews-multi-image_gallery":[],"jnews_single_post":{"format":"standard"},"jnews_primary_category":[],"jnews_social_meta":[],"jnews_override_counter":[],"jnews_post_split":[],"footnotes":""},"categories":[1],"tags":[],"class_list":["post-33995","post","type-post","status-publish","format-standard","has-post-thumbnail","hentry","category-geral"],"_referencia":"","_links":{"self":[{"href":"https:\/\/diariodocomercio.com.br\/mix\/wp-json\/wp\/v2\/posts\/33995","targetHints":{"allow":["GET"]}}],"collection":[{"href":"https:\/\/diariodocomercio.com.br\/mix\/wp-json\/wp\/v2\/posts"}],"about":[{"href":"https:\/\/diariodocomercio.com.br\/mix\/wp-json\/wp\/v2\/types\/post"}],"author":[{"embeddable":true,"href":"https:\/\/diariodocomercio.com.br\/mix\/wp-json\/wp\/v2\/users\/12"}],"replies":[{"embeddable":true,"href":"https:\/\/diariodocomercio.com.br\/mix\/wp-json\/wp\/v2\/comments?post=33995"}],"version-history":[{"count":1,"href":"https:\/\/diariodocomercio.com.br\/mix\/wp-json\/wp\/v2\/posts\/33995\/revisions"}],"predecessor-version":[{"id":33999,"href":"https:\/\/diariodocomercio.com.br\/mix\/wp-json\/wp\/v2\/posts\/33995\/revisions\/33999"}],"wp:featuredmedia":[{"embeddable":true,"href":"https:\/\/diariodocomercio.com.br\/mix\/wp-json\/wp\/v2\/media\/10780"}],"wp:attachment":[{"href":"https:\/\/diariodocomercio.com.br\/mix\/wp-json\/wp\/v2\/media?parent=33995"}],"wp:term":[{"taxonomy":"category","embeddable":true,"href":"https:\/\/diariodocomercio.com.br\/mix\/wp-json\/wp\/v2\/categories?post=33995"},{"taxonomy":"post_tag","embeddable":true,"href":"https:\/\/diariodocomercio.com.br\/mix\/wp-json\/wp\/v2\/tags?post=33995"}],"curies":[{"name":"wp","href":"https:\/\/api.w.org\/{rel}","templated":true}]}}