{"id":34000,"date":"2026-01-30T18:32:00","date_gmt":"2026-01-30T21:32:00","guid":{"rendered":"https:\/\/diariodocomercio.com.br\/mix\/?p=34000"},"modified":"2026-01-30T18:00:09","modified_gmt":"2026-01-30T21:00:09","slug":"receita-federal-vai-notificar-brasileiros-que-utilizam-cartao-de-credito-em-2026","status":"publish","type":"post","link":"https:\/\/diariodocomercio.com.br\/mix\/receita-federal-vai-notificar-brasileiros-que-utilizam-cartao-de-credito-em-2026\/","title":{"rendered":"Receita Federal vai notificar brasileiros que utilizam cart\u00e3o de cr\u00e9dito em 2026?"},"content":{"rendered":"\n<p>Recentemente, rumores indicaram que a <strong>Receita Federal <\/strong>teria emitido um alerta sobre o uso de cart\u00f5es de cr\u00e9dito no Brasil. No entanto, a Receita desmentiu essa informa\u00e7\u00e3o, afirmando que nenhuma comunica\u00e7\u00e3o desse tipo foi feita, seja por canais digitais ou diretamente aos cidad\u00e3os.<\/p>\n\n\n\n<p>Em 2025, houve uma mudan\u00e7a significativa nas regras do e-Financeira, o sistema atualmente utilizado para monitorar dados financeiros, incluindo os das administradoras de cart\u00f5es de cr\u00e9dito.<\/p>\n\n\n\n<h2 class=\"wp-block-heading\">Transi\u00e7\u00e3o do sistema Decred para o e-Financeira<\/h2>\n\n\n\n<p>Desde 2003, a Receita Federal recebia informa\u00e7\u00f5es sobre opera\u00e7\u00f5es com cart\u00f5es de cr\u00e9dito atrav\u00e9s da Declara\u00e7\u00e3o de Opera\u00e7\u00f5es com Cart\u00f5es de Cr\u00e9dito (Decred). Este sistema foi descontinuado em 2025, sendo substitu\u00eddo pelo e-Financeira, criado em 2015.<\/p>\n\n\n\n<p>Essa altera\u00e7\u00e3o visa melhorar a transpar\u00eancia e o combate \u00e0 sonega\u00e7\u00e3o fiscal ao unificar a coleta de dados de diversas institui\u00e7\u00f5es financeiras.<\/p>\n\n\n\n<p>O e-Financeira permite que a Receita cruze informa\u00e7\u00f5es financeiras para identificar inconsist\u00eancias. O objetivo \u00e9 verificar se existe correspond\u00eancia entre a renda declarada pelos contribuintes e suas movimenta\u00e7\u00f5es financeiras. A mudan\u00e7a no sistema n\u00e3o altera o fato de que a Receita <strong>j\u00e1 monitora transa\u00e7\u00f5es financeiras h\u00e1 d\u00e9cadas.<\/strong><\/p>\n\n\n\n<h2 class=\"wp-block-heading\">Impacto da fiscaliza\u00e7\u00e3o na era digital<\/h2>\n\n\n\n<p>Com a digitaliza\u00e7\u00e3o dos meios de pagamento, o uso de cart\u00f5es de cr\u00e9dito se tornou central na fiscaliza\u00e7\u00e3o fiscal. Apesar de a Receita Federal n\u00e3o monitorar compras individuais, o volume de transa\u00e7\u00f5es \u00e9 monitorado.<\/p>\n\n\n\n<p>Gastos que n\u00e3o correspondem \u00e0 renda podem desencadear uma an\u00e1lise fiscal detalhada, pois o objetivo \u00e9 combater a evas\u00e3o fiscal.<\/p>\n\n\n\n<p>Emprestar o cart\u00e3o a terceiros pode resultar em complica\u00e7\u00f5es fiscais. Todas as despesas s\u00e3o atribu\u00eddas ao titular do CPF, e movimenta\u00e7\u00f5es que excedem a renda declarada precisam ser justificadas com documenta\u00e7\u00e3o. A falta dessa comprova\u00e7\u00e3o pode ser interpretada como renda n\u00e3o declarada, o que gera cobran\u00e7a de impostos retroativos, multas e juros.<\/p>\n\n\n\n<h2 class=\"wp-block-heading\">Recomenda\u00e7\u00e3o para contribuintes e empreendedores<\/h2>\n\n\n\n<p>Para evitar problemas com a Receita, \u00e9 recomendado que os contribuintes evitem emprestar seus cart\u00f5es de cr\u00e9dito. Se o fizerem, \u00e9 necess\u00e1rio garantir que os reembolsos estejam devidamente documentados, preferencialmente por meio de m\u00e9todos rastre\u00e1veis, como o PIX.<\/p>\n\n\n\n<p>A Receita avalia discrep\u00e2ncias entre os gastos realizados no cart\u00e3o e o que foi declarado fiscalmente.<\/p>\n\n\n\n<p>Empreendedores e trabalhadores aut\u00f4nomos devem prestar aten\u00e7\u00e3o para n\u00e3o misturar despesas pessoais com comerciais, pois isso aumenta o risco de fiscaliza\u00e7\u00e3o. Separar as finan\u00e7as pessoais das empresariais e formalizar as atividades s\u00e3o medidas cruciais para evitar problemas fiscais.<\/p>\n","protected":false},"excerpt":{"rendered":"<p>Receita Federal se pronunciou ap\u00f3s boatos.<\/p>\n","protected":false},"author":12,"featured_media":32860,"comment_status":"closed","ping_status":"closed","sticky":false,"template":"","format":"standard","meta":{"jnews-multi-image_gallery":[],"jnews_single_post":{"format":"standard"},"jnews_primary_category":[],"jnews_social_meta":[],"jnews_override_counter":[],"jnews_post_split":[],"footnotes":""},"categories":[1],"tags":[],"class_list":["post-34000","post","type-post","status-publish","format-standard","has-post-thumbnail","hentry","category-geral"],"_referencia":"","_links":{"self":[{"href":"https:\/\/diariodocomercio.com.br\/mix\/wp-json\/wp\/v2\/posts\/34000","targetHints":{"allow":["GET"]}}],"collection":[{"href":"https:\/\/diariodocomercio.com.br\/mix\/wp-json\/wp\/v2\/posts"}],"about":[{"href":"https:\/\/diariodocomercio.com.br\/mix\/wp-json\/wp\/v2\/types\/post"}],"author":[{"embeddable":true,"href":"https:\/\/diariodocomercio.com.br\/mix\/wp-json\/wp\/v2\/users\/12"}],"replies":[{"embeddable":true,"href":"https:\/\/diariodocomercio.com.br\/mix\/wp-json\/wp\/v2\/comments?post=34000"}],"version-history":[{"count":1,"href":"https:\/\/diariodocomercio.com.br\/mix\/wp-json\/wp\/v2\/posts\/34000\/revisions"}],"predecessor-version":[{"id":34001,"href":"https:\/\/diariodocomercio.com.br\/mix\/wp-json\/wp\/v2\/posts\/34000\/revisions\/34001"}],"wp:featuredmedia":[{"embeddable":true,"href":"https:\/\/diariodocomercio.com.br\/mix\/wp-json\/wp\/v2\/media\/32860"}],"wp:attachment":[{"href":"https:\/\/diariodocomercio.com.br\/mix\/wp-json\/wp\/v2\/media?parent=34000"}],"wp:term":[{"taxonomy":"category","embeddable":true,"href":"https:\/\/diariodocomercio.com.br\/mix\/wp-json\/wp\/v2\/categories?post=34000"},{"taxonomy":"post_tag","embeddable":true,"href":"https:\/\/diariodocomercio.com.br\/mix\/wp-json\/wp\/v2\/tags?post=34000"}],"curies":[{"name":"wp","href":"https:\/\/api.w.org\/{rel}","templated":true}]}}