{"id":34021,"date":"2026-01-30T19:50:26","date_gmt":"2026-01-30T22:50:26","guid":{"rendered":"https:\/\/diariodocomercio.com.br\/mix\/?p=34021"},"modified":"2026-01-30T19:50:28","modified_gmt":"2026-01-30T22:50:28","slug":"governo-vai-vender-apartamentos-novos-por-r-15-mil-para-brasileiros-em-2026","status":"publish","type":"post","link":"https:\/\/diariodocomercio.com.br\/mix\/governo-vai-vender-apartamentos-novos-por-r-15-mil-para-brasileiros-em-2026\/","title":{"rendered":"Governo vai vender apartamentos novos por R$ 15 mil para brasileiros em 2026"},"content":{"rendered":"\n<p>O governo brasileiro, liderado por Luiz In\u00e1cio Lula da Silva, anunciou significativas mudan\u00e7as no programa habitacional <strong>Minha Casa, Minha Vida <\/strong>(MCMV). Em 2026, as faixas de renda do programa ser\u00e3o ampliadas, afetando positivamente milhares de fam\u00edlias.<\/p>\n\n\n\n<p>Esta medida visa aumentar o acesso \u00e0 moradia digna ao ajustar os limites de renda, onde a Faixa 1 passar\u00e1 a incluir rendas de at\u00e9 R$ 3.200 e a Faixa 2 ter\u00e1 seu limite elevado para R$ 5.000.<\/p>\n\n\n\n<p>Essas altera\u00e7\u00f5es s\u00e3o uma resposta \u00e0 necessidade crescente de habita\u00e7\u00e3o acess\u00edvel, permitindo que mais fam\u00edlias sejam inclu\u00eddas no programa. Esse programa \u00e9 crucial para reduzir o d\u00e9ficit habitacional no Brasil. As faixas abrangem diversos segmentos da popula\u00e7\u00e3o, facilitando financiamentos e empr\u00e9stimos com taxas subsidiadas para fam\u00edlias de baixa e m\u00e9dia renda.<\/p>\n\n\n\n<p>Com o subs\u00eddio do programa Minha Casa, Minha Vida, um im\u00f3vel de R$ 300 mil, enquadrado na Faixa 1, ter\u00e1 um <strong>desconto de 95%, <\/strong>equivalente a R$ 285 mil. Assim, o benefici\u00e1rio precisar\u00e1 pagar apenas R$ 15 mil pelo im\u00f3vel.<\/p>\n\n\n\n<h2 class=\"wp-block-heading\">Impacto econ\u00f4mico<\/h2>\n\n\n\n<p>O reajuste das faixas de renda oferece benef\u00edcios n\u00e3o s\u00f3 \u00e0s fam\u00edlias, mas tamb\u00e9m \u00e0 economia. A medida incentiva o setor de constru\u00e7\u00e3o civil, promovendo a gera\u00e7\u00e3o de empregos e o crescimento do mercado imobili\u00e1rio.&nbsp;<\/p>\n\n\n\n<p>O governo projeta que, ao aumentar o teto das faixas de renda, o n\u00famero de moradias contratadas possa atingir tr\u00eas milh\u00f5es at\u00e9 o final de 2026.<\/p>\n\n\n\n<h2 class=\"wp-block-heading\">Reajustes anteriores&nbsp;<\/h2>\n\n\n\n<p>O programa Minha Casa, Minha Vida j\u00e1 passou por diversas reformula\u00e7\u00f5es para melhor atender as fam\u00edlias brasileiras. Em 2025, os limites dos valores dos im\u00f3veis foram revisados, melhorando as condi\u00e7\u00f5es de financiamento.&nbsp;<\/p>\n\n\n\n<p>Para as faixas 1 e 2, os im\u00f3veis financi\u00e1veis agora podem alcan\u00e7ar at\u00e9 R$ 350 mil em grandes munic\u00edpios, ajustando-se \u00e0s necessidades de diferentes regi\u00f5es.<\/p>\n\n\n\n<h2 class=\"wp-block-heading\">Pr\u00f3ximos passos&nbsp;<\/h2>\n\n\n\n<p>A implementa\u00e7\u00e3o das mudan\u00e7as nas faixas de renda est\u00e1 prevista para os pr\u00f3ximos meses. O Conselho Curador do FGTS est\u00e1 encarregado de aprovar as novas diretrizes.<\/p>\n\n\n\n<p>Esta atualiza\u00e7\u00e3o n\u00e3o requer recursos adicionais, pois o Fundo de Arrendamento Residencial possui um saldo robusto, garantindo a continuidade do programa.<\/p>\n","protected":false},"excerpt":{"rendered":"<p>Medida visa aumentar o acesso \u00e0 moradia. Confira detalhes. <\/p>\n","protected":false},"author":12,"featured_media":13301,"comment_status":"closed","ping_status":"closed","sticky":false,"template":"","format":"standard","meta":{"jnews-multi-image_gallery":[],"jnews_single_post":{"format":"standard"},"jnews_primary_category":[],"jnews_social_meta":[],"jnews_override_counter":[],"jnews_post_split":[],"footnotes":""},"categories":[1],"tags":[],"class_list":["post-34021","post","type-post","status-publish","format-standard","has-post-thumbnail","hentry","category-geral"],"_referencia":"","_links":{"self":[{"href":"https:\/\/diariodocomercio.com.br\/mix\/wp-json\/wp\/v2\/posts\/34021","targetHints":{"allow":["GET"]}}],"collection":[{"href":"https:\/\/diariodocomercio.com.br\/mix\/wp-json\/wp\/v2\/posts"}],"about":[{"href":"https:\/\/diariodocomercio.com.br\/mix\/wp-json\/wp\/v2\/types\/post"}],"author":[{"embeddable":true,"href":"https:\/\/diariodocomercio.com.br\/mix\/wp-json\/wp\/v2\/users\/12"}],"replies":[{"embeddable":true,"href":"https:\/\/diariodocomercio.com.br\/mix\/wp-json\/wp\/v2\/comments?post=34021"}],"version-history":[{"count":1,"href":"https:\/\/diariodocomercio.com.br\/mix\/wp-json\/wp\/v2\/posts\/34021\/revisions"}],"predecessor-version":[{"id":34024,"href":"https:\/\/diariodocomercio.com.br\/mix\/wp-json\/wp\/v2\/posts\/34021\/revisions\/34024"}],"wp:featuredmedia":[{"embeddable":true,"href":"https:\/\/diariodocomercio.com.br\/mix\/wp-json\/wp\/v2\/media\/13301"}],"wp:attachment":[{"href":"https:\/\/diariodocomercio.com.br\/mix\/wp-json\/wp\/v2\/media?parent=34021"}],"wp:term":[{"taxonomy":"category","embeddable":true,"href":"https:\/\/diariodocomercio.com.br\/mix\/wp-json\/wp\/v2\/categories?post=34021"},{"taxonomy":"post_tag","embeddable":true,"href":"https:\/\/diariodocomercio.com.br\/mix\/wp-json\/wp\/v2\/tags?post=34021"}],"curies":[{"name":"wp","href":"https:\/\/api.w.org\/{rel}","templated":true}]}}