{"id":34023,"date":"2026-01-30T19:51:11","date_gmt":"2026-01-30T22:51:11","guid":{"rendered":"https:\/\/diariodocomercio.com.br\/mix\/?p=34023"},"modified":"2026-01-30T19:51:13","modified_gmt":"2026-01-30T22:51:13","slug":"presidente-do-inss-da-pessima-noticia-que-idosos-nao-estavam-esperando-ouvir","status":"publish","type":"post","link":"https:\/\/diariodocomercio.com.br\/mix\/presidente-do-inss-da-pessima-noticia-que-idosos-nao-estavam-esperando-ouvir\/","title":{"rendered":"Presidente do INSS d\u00e1 p\u00e9ssima not\u00edcia que idosos n\u00e3o estavam esperando ouvir"},"content":{"rendered":"\n<p>A promessa de zerar a fila do Instituto Nacional do Seguro Social (INSS), feita pelo presidente Luiz In\u00e1cio Lula da Silva durante a campanha e refor\u00e7ada no in\u00edcio do atual mandato, est\u00e1 cada vez mais distante da realidade. Dados mais recentes da Previd\u00eancia Social mostram que <strong>quase 2,9 milh\u00f5es de brasileiros aguardam a an\u00e1lise de pedidos de benef\u00edcios<\/strong>, o maior n\u00famero j\u00e1 registrado, afetando diretamente aposentados, idosos de baixa renda e pessoas com incapacidade para o trabalho.<\/p>\n\n\n\n<p>O volume representa <strong>quase o triplo da fila existente em janeiro de 2023<\/strong>, quando Lula assumiu o terceiro mandato, e evidencia um cen\u00e1rio oposto ao prometido pelo governo federal.<\/p>\n\n\n\n<p>Em novembro, o total de requerimentos pendentes chegou a <strong>2,9 milh\u00f5es<\/strong>, superando todos os patamares anteriores. Em outubro, o n\u00famero j\u00e1 havia alcan\u00e7ado 2,862 milh\u00f5es, consolidando a maior fila da hist\u00f3ria do INSS. Desde o in\u00edcio de 2025, houve um crescimento de <strong>23% no volume de novos pedidos<\/strong>, pressionando ainda mais o sistema.<\/p>\n\n\n\n<p>Grande parte da fila \u00e9 composta por solicita\u00e7\u00f5es de <strong>benef\u00edcio por incapacidade tempor\u00e1ria<\/strong>, que somam cerca de <strong>1,3 milh\u00e3o<\/strong>, e pelo <strong>Benef\u00edcio de Presta\u00e7\u00e3o Continuada (BPC)<\/strong>, com aproximadamente <strong>1,1 milh\u00e3o de pedidos<\/strong>, destinado a idosos e pessoas com defici\u00eancia em situa\u00e7\u00e3o de vulnerabilidade social.<\/p>\n\n\n\n<h2 class=\"wp-block-heading\"><strong>Promessas n\u00e3o cumpridas e mudan\u00e7a de discurso<\/strong><\/h2>\n\n\n\n<p>Durante a campanha presidencial de 2022, Lula afirmou que acabaria com a \u201cvergonhosa fila do INSS\u201d, destacando que a moderniza\u00e7\u00e3o digital permitiria mais agilidade. J\u00e1 eleito, refor\u00e7ou o compromisso. No entanto, passados quase tr\u00eas anos de governo, o cen\u00e1rio \u00e9 de agravamento.<\/p>\n\n\n\n<p>O ent\u00e3o ministro da Previd\u00eancia, Carlos Lupi, tamb\u00e9m prometeu zerar a fila ao assumir o cargo em 2023, mas recuou no discurso em 2024. \u201cQuem diz que vai acabar com a fila \u00e9 mentiroso\u201d, afirmou, alegando a necessidade de an\u00e1lises rigorosas. A meta passou a ser reduzir o tempo de espera para 30 dias, mas hoje o prazo m\u00e9dio est\u00e1 em <strong>35 dias<\/strong>, pr\u00f3ximo do limite legal de 45 dias. Lupi deixou o governo em maio, em meio ao esc\u00e2ndalo dos descontos indevidos em benef\u00edcios, sem cumprir a promessa.<\/p>\n\n\n\n<h2 class=\"wp-block-heading\"><strong>Impacto fiscal e rigor maior nas concess\u00f5es<\/strong><\/h2>\n\n\n\n<p>O governo argumenta que acelerar a concess\u00e3o de benef\u00edcios tem impacto direto nas contas p\u00fablicas. Apenas o BPC custou <strong>R$ 10 bilh\u00f5es em setembro<\/strong>, valor significativamente maior que os <strong>R$ 6,7 bilh\u00f5es registrados no in\u00edcio do mandato<\/strong>. Al\u00e9m disso, o INSS endureceu regras para combater fraudes, adotando medidas como biometria e controles mais r\u00edgidos.<\/p>\n\n\n\n<p>Outro fator de press\u00e3o \u00e9 a via judicial: dos <strong>6,5 milh\u00f5es de benefici\u00e1rios do BPC<\/strong>, cerca de <strong>1 milh\u00e3o obteve o direito por decis\u00e3o da Justi\u00e7a<\/strong>. Ainda assim, especialistas alertam que o cidad\u00e3o que cumpre as regras n\u00e3o deveria arcar com o custo da lentid\u00e3o provocada por fraudes e disputas judiciais.<\/p>\n","protected":false},"excerpt":{"rendered":"<p>A promessa de zerar a fila do Instituto Nacional do Seguro Social (INSS), feita pelo presidente Luiz In\u00e1cio Lula da Silva durante a campanha e refor\u00e7ada no in\u00edcio do atual mandato, est\u00e1 cada vez mais distante da realidade. Dados mais recentes da Previd\u00eancia Social mostram que quase 2,9 milh\u00f5es de brasileiros aguardam a an\u00e1lise de [&hellip;]<\/p>\n","protected":false},"author":9,"featured_media":12611,"comment_status":"closed","ping_status":"closed","sticky":false,"template":"","format":"standard","meta":{"jnews-multi-image_gallery":[],"jnews_single_post":{"format":"standard"},"jnews_primary_category":[],"jnews_social_meta":[],"jnews_override_counter":[],"jnews_post_split":[],"footnotes":""},"categories":[1],"tags":[],"class_list":["post-34023","post","type-post","status-publish","format-standard","has-post-thumbnail","hentry","category-geral"],"_referencia":"","_links":{"self":[{"href":"https:\/\/diariodocomercio.com.br\/mix\/wp-json\/wp\/v2\/posts\/34023","targetHints":{"allow":["GET"]}}],"collection":[{"href":"https:\/\/diariodocomercio.com.br\/mix\/wp-json\/wp\/v2\/posts"}],"about":[{"href":"https:\/\/diariodocomercio.com.br\/mix\/wp-json\/wp\/v2\/types\/post"}],"author":[{"embeddable":true,"href":"https:\/\/diariodocomercio.com.br\/mix\/wp-json\/wp\/v2\/users\/9"}],"replies":[{"embeddable":true,"href":"https:\/\/diariodocomercio.com.br\/mix\/wp-json\/wp\/v2\/comments?post=34023"}],"version-history":[{"count":1,"href":"https:\/\/diariodocomercio.com.br\/mix\/wp-json\/wp\/v2\/posts\/34023\/revisions"}],"predecessor-version":[{"id":34025,"href":"https:\/\/diariodocomercio.com.br\/mix\/wp-json\/wp\/v2\/posts\/34023\/revisions\/34025"}],"wp:featuredmedia":[{"embeddable":true,"href":"https:\/\/diariodocomercio.com.br\/mix\/wp-json\/wp\/v2\/media\/12611"}],"wp:attachment":[{"href":"https:\/\/diariodocomercio.com.br\/mix\/wp-json\/wp\/v2\/media?parent=34023"}],"wp:term":[{"taxonomy":"category","embeddable":true,"href":"https:\/\/diariodocomercio.com.br\/mix\/wp-json\/wp\/v2\/categories?post=34023"},{"taxonomy":"post_tag","embeddable":true,"href":"https:\/\/diariodocomercio.com.br\/mix\/wp-json\/wp\/v2\/tags?post=34023"}],"curies":[{"name":"wp","href":"https:\/\/api.w.org\/{rel}","templated":true}]}}