{"id":34026,"date":"2026-01-30T19:57:32","date_gmt":"2026-01-30T22:57:32","guid":{"rendered":"https:\/\/diariodocomercio.com.br\/mix\/?p=34026"},"modified":"2026-01-30T19:57:35","modified_gmt":"2026-01-30T22:57:35","slug":"incendio-em-voo-da-latam-deixa-passageiros-apavorados-e-piloto-e-obrigado-a-fazer-pouso-forcado","status":"publish","type":"post","link":"https:\/\/diariodocomercio.com.br\/mix\/incendio-em-voo-da-latam-deixa-passageiros-apavorados-e-piloto-e-obrigado-a-fazer-pouso-forcado\/","title":{"rendered":"Inc\u00eandio em voo da Latam deixa passageiros apavorados e piloto \u00e9 obrigado a fazer pouso for\u00e7ado"},"content":{"rendered":"\n<p>Um voo da Latam Airlines que partiu do Aeroporto de Congonhas, em S\u00e3o Paulo, com destino a Bras\u00edlia precisou realizar um pouso for\u00e7ado na tarde desta quinta-feira (29) ap\u00f3s um <strong>carregador port\u00e1til de um passageiro pegar fogo dentro da aeronave<\/strong>. O incidente provocou momentos de p\u00e2nico a bordo e levou o comandante a desviar a rota para Ribeir\u00e3o Preto, no interior paulista.<\/p>\n\n\n\n<p>O voo LA3581 havia decolado por volta das 15h30 e seguia normalmente at\u00e9 que, cerca de 30 a 40 minutos ap\u00f3s a partida, o dispositivo eletr\u00f4nico apresentou falha, explodiu e liberou fuma\u00e7a no compartimento de bagagem de m\u00e3o. A tripula\u00e7\u00e3o identificou rapidamente o foco do inc\u00eandio e acionou os protocolos de emerg\u00eancia.<\/p>\n\n\n\n<p>Diante da situa\u00e7\u00e3o, o comandante optou por alternar o voo e pousar no Aeroporto Estadual Dr. Leite Lopes, em Ribeir\u00e3o Preto. A aterrissagem ocorreu por volta das 16h30 e foi acompanhada por equipes do Corpo de Bombeiros e do servi\u00e7o m\u00e9dico do aeroporto, mobilizadas por precau\u00e7\u00e3o.<\/p>\n\n\n\n<p>Segundo informa\u00e7\u00f5es repassadas por autoridades locais, <strong>o inc\u00eandio foi totalmente controlado ainda dentro da aeronave<\/strong>, antes do pouso. Apesar disso, ao menos tr\u00eas passageiros apresentaram sintomas como <strong>inala\u00e7\u00e3o de fuma\u00e7a e crises de ansiedade<\/strong>, sendo encaminhados para atendimento m\u00e9dico. N\u00e3o houve registro de feridos graves.<\/p>\n\n\n\n<h2 class=\"wp-block-heading\"><strong>O que disse a Latam<\/strong><\/h2>\n\n\n\n<p>Em nota oficial, a Latam Airlines Brasil confirmou o ocorrido e afirmou que o voo \u201c<strong>foi alternado e aterrissou em total seguran\u00e7a no Aeroporto de Ribeir\u00e3o Preto, devido a um incidente envolvendo um carregador port\u00e1til de um passageiro durante o voo<\/strong>\u201d.<\/p>\n\n\n\n<p>A companhia ressaltou que seus tripulantes s\u00e3o treinados para lidar com esse tipo de situa\u00e7\u00e3o e que todas as medidas t\u00e9cnicas e operacionais foram adotadas para garantir a seguran\u00e7a dos passageiros e da tripula\u00e7\u00e3o.<\/p>\n\n\n\n<p>Ap\u00f3s o desembarque e os procedimentos de seguran\u00e7a, o voo seguiu viagem para Bras\u00edlia por volta das 18h30.<\/p>\n\n\n\n<p>O epis\u00f3dio traz o alerta sobre o transporte de <strong>baterias de \u00edons de l\u00edtio<\/strong>, comuns em celulares, notebooks e power banks, que podem superaquecer, entrar em curto-circuito e at\u00e9 explodir. Por esse motivo, companhias a\u00e9reas exigem que esses dispositivos sejam levados apenas na bagagem de m\u00e3o e n\u00e3o no por\u00e3o da aeronave.<\/p>\n","protected":false},"excerpt":{"rendered":"<p>Um voo da Latam Airlines que partiu do Aeroporto de Congonhas, em S\u00e3o Paulo, com destino a Bras\u00edlia precisou realizar um pouso for\u00e7ado na tarde desta quinta-feira (29) ap\u00f3s um carregador port\u00e1til de um passageiro pegar fogo dentro da aeronave. O incidente provocou momentos de p\u00e2nico a bordo e levou o comandante a desviar a [&hellip;]<\/p>\n","protected":false},"author":9,"featured_media":28428,"comment_status":"closed","ping_status":"closed","sticky":false,"template":"","format":"standard","meta":{"jnews-multi-image_gallery":[],"jnews_single_post":{"format":"standard"},"jnews_primary_category":[],"jnews_social_meta":[],"jnews_override_counter":[],"jnews_post_split":[],"footnotes":""},"categories":[1],"tags":[],"class_list":["post-34026","post","type-post","status-publish","format-standard","has-post-thumbnail","hentry","category-geral"],"_referencia":"","_links":{"self":[{"href":"https:\/\/diariodocomercio.com.br\/mix\/wp-json\/wp\/v2\/posts\/34026","targetHints":{"allow":["GET"]}}],"collection":[{"href":"https:\/\/diariodocomercio.com.br\/mix\/wp-json\/wp\/v2\/posts"}],"about":[{"href":"https:\/\/diariodocomercio.com.br\/mix\/wp-json\/wp\/v2\/types\/post"}],"author":[{"embeddable":true,"href":"https:\/\/diariodocomercio.com.br\/mix\/wp-json\/wp\/v2\/users\/9"}],"replies":[{"embeddable":true,"href":"https:\/\/diariodocomercio.com.br\/mix\/wp-json\/wp\/v2\/comments?post=34026"}],"version-history":[{"count":1,"href":"https:\/\/diariodocomercio.com.br\/mix\/wp-json\/wp\/v2\/posts\/34026\/revisions"}],"predecessor-version":[{"id":34030,"href":"https:\/\/diariodocomercio.com.br\/mix\/wp-json\/wp\/v2\/posts\/34026\/revisions\/34030"}],"wp:featuredmedia":[{"embeddable":true,"href":"https:\/\/diariodocomercio.com.br\/mix\/wp-json\/wp\/v2\/media\/28428"}],"wp:attachment":[{"href":"https:\/\/diariodocomercio.com.br\/mix\/wp-json\/wp\/v2\/media?parent=34026"}],"wp:term":[{"taxonomy":"category","embeddable":true,"href":"https:\/\/diariodocomercio.com.br\/mix\/wp-json\/wp\/v2\/categories?post=34026"},{"taxonomy":"post_tag","embeddable":true,"href":"https:\/\/diariodocomercio.com.br\/mix\/wp-json\/wp\/v2\/tags?post=34026"}],"curies":[{"name":"wp","href":"https:\/\/api.w.org\/{rel}","templated":true}]}}