{"id":34031,"date":"2026-01-30T20:06:15","date_gmt":"2026-01-30T23:06:15","guid":{"rendered":"https:\/\/diariodocomercio.com.br\/mix\/?p=34031"},"modified":"2026-01-30T20:06:17","modified_gmt":"2026-01-30T23:06:17","slug":"conheca-as-10-cidades-com-mais-oportunidades-de-emprego-no-brasil","status":"publish","type":"post","link":"https:\/\/diariodocomercio.com.br\/mix\/conheca-as-10-cidades-com-mais-oportunidades-de-emprego-no-brasil\/","title":{"rendered":"Conhe\u00e7a as 10 cidades com mais oportunidades de emprego no Brasil"},"content":{"rendered":"\n<p>Apesar do ritmo mais fraco na gera\u00e7\u00e3o de empregos formais em 2025, algumas cidades brasileiras seguiram se destacando como polos de oportunidades. Dados do Cadastro Geral de Empregados e Desempregados (Novo Caged), divulgados pelo Minist\u00e9rio do Trabalho e Emprego, mostram que <strong>S\u00e3o Paulo manteve a lideran\u00e7a nacional na cria\u00e7\u00e3o de vagas com carteira assinada<\/strong>, seguida majoritariamente por capitais estaduais.<\/p>\n\n\n\n<p>No total, o Brasil encerrou 2025 com <strong>saldo positivo de 1,27 milh\u00e3o de empregos formais<\/strong>, o pior desempenho anual desde 2020, in\u00edcio da pandemia. O resultado reflete a perda de f\u00f4lego do mercado de trabalho ao longo do ano, pressionado por juros elevados, menor n\u00edvel de investimentos e desacelera\u00e7\u00e3o econ\u00f4mica no fim do per\u00edodo.<\/p>\n\n\n\n<p>A cidade de S\u00e3o Paulo criou <strong>101,8 mil empregos formais em 2025<\/strong>, mesmo com uma queda de 34% em rela\u00e7\u00e3o ao saldo registrado em 2024. Ainda assim, a capital paulista respondeu sozinha por parcela significativa das novas vagas do pa\u00eds.<\/p>\n\n\n\n<p>Das dez cidades que mais geraram empregos com carteira assinada no ano, <strong>oito s\u00e3o capitais<\/strong>, embora nem todas figurem entre as mais populosas do Brasil. \u00c9 o caso de <strong>S\u00e3o Lu\u00eds (MA)<\/strong> e <strong>Jo\u00e3o Pessoa (PB)<\/strong>, que aparecem no ranking apesar de ocuparem, respectivamente, a 15\u00aa e a 20\u00aa posi\u00e7\u00e3o em popula\u00e7\u00e3o, segundo o IBGE.<\/p>\n\n\n\n<p>A \u00fanica cidade fora do grupo das capitais \u00e9 <strong>Osasco (SP)<\/strong>, na Regi\u00e3o Metropolitana de S\u00e3o Paulo, que ficou em quinto lugar no ranking nacional.<\/p>\n\n\n\n<h2 class=\"wp-block-heading\"><strong>As 10 cidades que mais criaram empregos em 2025<\/strong><\/h2>\n\n\n\n<p>Confira o ranking das cidades com maior saldo de vagas formais no pa\u00eds em 2025:<\/p>\n\n\n\n<ol class=\"wp-block-list\">\n<li><strong>S\u00e3o Paulo (SP)<\/strong> \u2013 101.818 vagas<\/li>\n\n\n\n<li><strong>Bras\u00edlia (DF)<\/strong> \u2013 51.638 vagas<\/li>\n\n\n\n<li><strong>Rio de Janeiro (RJ)<\/strong> \u2013 40.487 vagas<\/li>\n\n\n\n<li><strong>Salvador (BA)<\/strong> \u2013 30.441 vagas<\/li>\n\n\n\n<li><strong>Osasco (SP)<\/strong> \u2013 24.916 vagas<\/li>\n\n\n\n<li><strong>Recife (PE)<\/strong> \u2013 22.958 vagas<\/li>\n\n\n\n<li><strong>S\u00e3o Lu\u00eds (MA)<\/strong> \u2013 19.252 vagas<\/li>\n\n\n\n<li><strong>Fortaleza (CE)<\/strong> \u2013 19.095 vagas<\/li>\n\n\n\n<li><strong>Manaus (AM)<\/strong> \u2013 18.338 vagas<\/li>\n\n\n\n<li><strong>Jo\u00e3o Pessoa (PB)<\/strong> \u2013 14.892 vagas<\/li>\n<\/ol>\n\n\n\n<h2 class=\"wp-block-heading\"><strong>Mercado perde for\u00e7a, mas servi\u00e7os seguem puxando vagas<\/strong><\/h2>\n\n\n\n<p>Embora o saldo anual tenha sido positivo, <strong>2025 marcou o pior desempenho do emprego formal desde a pandemia<\/strong>, com crescimento de apenas 2,71% no estoque de trabalhadores com carteira assinada. Em compara\u00e7\u00e3o, o avan\u00e7o foi de 3,3% em 2023 e de 3,69% em 2024.<\/p>\n\n\n\n<p>O setor de <strong>servi\u00e7os liderou a cria\u00e7\u00e3o de empregos<\/strong>, com 758 mil novas vagas no ano, seguido pelo com\u00e9rcio, que abriu 247 mil postos formais. J\u00e1 a ind\u00fastria teve desempenho mais fraco, com saldo de 144 mil empregos, impactada pelo cr\u00e9dito caro e por fatores externos, como o aumento de tarifas sobre produtos brasileiros no mercado internacional.<\/p>\n\n\n\n<p>O ministro do Trabalho e Emprego, Luiz Marinho, atribuiu a desacelera\u00e7\u00e3o principalmente \u00e0 <strong>manuten\u00e7\u00e3o da taxa Selic em patamar elevado<\/strong>, o que, segundo ele, limita investimentos e freia a expans\u00e3o do mercado de trabalho.<\/p>\n","protected":false},"excerpt":{"rendered":"<p>Apesar do ritmo mais fraco na gera\u00e7\u00e3o de empregos formais em 2025, algumas cidades brasileiras seguiram se destacando como polos de oportunidades. Dados do Cadastro Geral de Empregados e Desempregados (Novo Caged), divulgados pelo Minist\u00e9rio do Trabalho e Emprego, mostram que S\u00e3o Paulo manteve a lideran\u00e7a nacional na cria\u00e7\u00e3o de vagas com carteira assinada, seguida [&hellip;]<\/p>\n","protected":false},"author":9,"featured_media":20182,"comment_status":"closed","ping_status":"closed","sticky":false,"template":"","format":"standard","meta":{"jnews-multi-image_gallery":[],"jnews_single_post":{"format":"standard"},"jnews_primary_category":[],"jnews_social_meta":[],"jnews_override_counter":[],"jnews_post_split":[],"footnotes":""},"categories":[1],"tags":[],"class_list":["post-34031","post","type-post","status-publish","format-standard","has-post-thumbnail","hentry","category-geral"],"_referencia":"","_links":{"self":[{"href":"https:\/\/diariodocomercio.com.br\/mix\/wp-json\/wp\/v2\/posts\/34031","targetHints":{"allow":["GET"]}}],"collection":[{"href":"https:\/\/diariodocomercio.com.br\/mix\/wp-json\/wp\/v2\/posts"}],"about":[{"href":"https:\/\/diariodocomercio.com.br\/mix\/wp-json\/wp\/v2\/types\/post"}],"author":[{"embeddable":true,"href":"https:\/\/diariodocomercio.com.br\/mix\/wp-json\/wp\/v2\/users\/9"}],"replies":[{"embeddable":true,"href":"https:\/\/diariodocomercio.com.br\/mix\/wp-json\/wp\/v2\/comments?post=34031"}],"version-history":[{"count":1,"href":"https:\/\/diariodocomercio.com.br\/mix\/wp-json\/wp\/v2\/posts\/34031\/revisions"}],"predecessor-version":[{"id":34032,"href":"https:\/\/diariodocomercio.com.br\/mix\/wp-json\/wp\/v2\/posts\/34031\/revisions\/34032"}],"wp:featuredmedia":[{"embeddable":true,"href":"https:\/\/diariodocomercio.com.br\/mix\/wp-json\/wp\/v2\/media\/20182"}],"wp:attachment":[{"href":"https:\/\/diariodocomercio.com.br\/mix\/wp-json\/wp\/v2\/media?parent=34031"}],"wp:term":[{"taxonomy":"category","embeddable":true,"href":"https:\/\/diariodocomercio.com.br\/mix\/wp-json\/wp\/v2\/categories?post=34031"},{"taxonomy":"post_tag","embeddable":true,"href":"https:\/\/diariodocomercio.com.br\/mix\/wp-json\/wp\/v2\/tags?post=34031"}],"curies":[{"name":"wp","href":"https:\/\/api.w.org\/{rel}","templated":true}]}}