{"id":3539,"date":"2025-03-10T18:25:43","date_gmt":"2025-03-10T21:25:43","guid":{"rendered":"https:\/\/diariodocomercio.com.br\/mix\/?p=3539"},"modified":"2025-03-10T18:25:45","modified_gmt":"2025-03-10T21:25:45","slug":"acoes-da-bolsa-de-valores-despencaram-apos-medida-adotada-por-donald-trump","status":"publish","type":"post","link":"https:\/\/diariodocomercio.com.br\/mix\/acoes-da-bolsa-de-valores-despencaram-apos-medida-adotada-por-donald-trump\/","title":{"rendered":"A\u00e7\u00f5es da bolsa de valores despencaram ap\u00f3s medida adotada por Donald Trump"},"content":{"rendered":"\n<p>Desde que Donald Trump retornou para a Casa Branca, o presidente dos Estados Unidos anunciou uma s\u00e9rie de medidas que mexeram com os mercados internos e externos, principalmente sobre taxa\u00e7\u00f5es. No entanto, o mandat\u00e1rio afirmou que n\u00e3o descarta a possibilidade de que o pa\u00eds entre em recess\u00e3o neste ano, fazendo com que as bolsas de valores norte-americanas registrem quedas acentuadas.&nbsp;<\/p>\n\n\n\n<p>De acordo com o \u00edndice Nasdaq, que representa o setor da tecnologia, a queda foi de 4%, o maior \u00edndice desde 2022. Tamb\u00e9m foram registradas quedas nas a\u00e7\u00f5es da Tesla, com 15,4%, enquanto o Dow Jones, em Nova Iorque, fechou em -2,08%. Essa queda nas bolsas de valores vem ocorrendo h\u00e1 alguns dias, principalmente quando uma postagem na Truth Social, feita no dia 27 de fevereiro, afirmou que Trump colocaria em pr\u00e1tica o plano de tarifar 25% sobre produtos do Canad\u00e1 e do M\u00e9xico, afirmando que os pa\u00edses vizinhos n\u00e3o estavam monitorando de maneira eficaz o tr\u00e1fico de drogas na fronteira.&nbsp;<\/p>\n\n\n\n<p>O mercado internacional respondeu r\u00e1pido e o S&amp;P 500 caiu 1,6% naquele dia, assim como o \u00edndice de a\u00e7\u00f5es MSCI Europeu subiu quase 11% e o \u00edndice MSCI da China avan\u00e7ou 17%.<\/p>\n\n\n\n \n \t\n<style>@media (min-width: 992px) {\n    .recomendadorV2Area1 {\n        width: 280px;\n    }\n    .recomendadorV2Area2 {\n        padding: 0px 20px;\n        width: calc(100% - 280px);\n    }\n}\n\n@media (max-width: 992px) {\n    .recomendadorV2Button {\n        margin: 0 auto;\n    }\n    .recomendadorV2Area {\n        flex-direction: column;\n        text-align: center;\n    }\n    .recomendadorV2Area2 {\n        padding: 0px 20px;\n    }\n}\n\n.recomendadorV2Area {\n    background: #eeeeee3d;\n    border-radius: 10px;\n    padding: 15px;\n    display: flex;\n    margin: 15px auto;\n    border: 1px solid #00000014;\n    max-width: 800px;\n}\n\n.recomendadorV2Area1 img {\n    width: 280px;\n    height: auto;\n    border-radius: 8px;\n}\n\n.linkrecomendadorv2 {\n    text-decoration: none !important;\n}\n\n.recomendadorV2Area2 .recomendadorV2Type {\n    text-transform: uppercase;\n    font-weight: 500;\n    font-size: 11px;\n    letter-spacing: 2px;\n    color: #666;\n    margin: 12px 0;\n    display: block;\n}\n\n.recomendadorV2Title h2 {\n    padding-top: 0px !important;\n    margin: 0px !important;\n    border-left: none !important;\n    padding-left: 0px !important;\n    line-height: 1.3;\n    color: #000 !important;\n    font-size: 24px;\n    margin-bottom: 12px !important;\n}\n\n.recomendadorV2Desc {\n    color: #333;\n    margin: 12px 0px !important;\n    font-size: 15px;\n    line-height: 1.5;\n}\n\n.recomendadorV2Button {\n    width: auto;\n    max-width: 200px;\n    margin: 0;\n    display: inline-flex;\n    align-items: center;\n    background: #1D3557;\n    border-radius: 8px;\n    color: #fff;\n    height: 36px;\n    justify-content: center;\n    text-align: center;\n    font-size: 14px;\n    padding: 0 20px;\n    transition: background-color 0.2s ease;\n}\n\n.recomendadorV2Button:hover {\n    background: #2a4d7a;\n}\n\n.recomendadorV2Button:after {\n    margin-top: -2px;\n    content: \"\u2192\";\n    padding: 0px 0px 0px 8px;\n}\n\n.recomendadorV2Alert {\n    text-align: left;\n    font-size: 11px;\n    margin-top: 8px;\n    color: #666;\n}\n\n.recomendadorFixedArea {\n    width: 100%;\n    display: flex;\n    justify-content: center;\n    align-items: center;\n}\n\n@media (min-width: 992px) {\n    #recomendadorFixed {\n        width: 32% !important;\n        left: 5%;\n    }\n    .recomendadorCloseFixed{\n        right: inherit !important;\n        left: 378px !important;\n    }\n}\n\n#recomendadorFixed {\n    width: 90%;\n    box-shadow: 0 10px 20px 0px #00000057;\n    display: none;\n    height: 90px;\n    background: #F6F6F6;\n    position: fixed;\n    flex-direction: row;\n    bottom: 10px;\n    z-index: 9999;\n    border-radius: 16px;\n    padding: 7px 10px;\n}\n\n.recomendadorLeftArea {\n    width: 160px;\n}\n\n.recomendadorRightArea h2 {\n    padding-top: 0px;\n    margin: 2px 0px 4px 0px !important;\n    font-weight: 400;\n    text-align: center;\n    padding-left: 0px !important;\n    color: #000 !important;\n    border-left: none !important;\n    line-height: 20px;\n    font-size: 12px !important;\n}\n\n.recomendadorImgFixed {\n    overflow: hidden;\n    padding: 8px 6px;\n    height: 100%;\n}\n\n.recomendadorImgFixed img {\n    height: 100% !important;\n    border-radius: 16px;\n}\n\n.recomendadorRightArea {\n    padding-top: 6px;\n    display: flex;\n    width: calc(100% - 130px);\n    justify-content: space-between;\n    align-items: center;\n    flex-direction: column;\n}\n\n.recomendadorButtonFixed {\n    margin: 0 auto;\n    background: #1D3557;\n    width: 80%;\n    text-align: center;\n    font-size: 10px;\n    color: #FFF;\n    padding: 2px 10px;\n    border-radius: 3px;\n}\n\n.recomendadorButtonFixed:after {\n    margin-top: -3px;\n    content: \"\u2192\";\n    padding: 0px 0px 0px 10px;\n}\n\n.recomendadorAlertFixed {\n    font-weight: 400;\n    text-align: center;\n    color: #484848;\n    font-size: 8px;\n}\n\n.recomendadorCloseFixed {\n    z-index: 99999;\n    display: none;\n    right: 0px;\n    left: inherit;\n    bottom: 99px;\n    position: fixed;\n    justify-content: center;\n    background: #F6F6F6;\n    width: 25px;\n    align-items: center;\n    height: 25px;\n    font-weight: 800;\n    border-radius: 50%;\n    border: 1px solid #EBEBEB;\n}\n\n.recomendadorV2Desc{\n    color: #000000;\n    margin: 20px 0px;\n}\n\n@media (max-width: 576px) {\n    .recomendadorV2Area {\n      padding: 10px;\n      max-width: 100%;\n    }\n  \n    .recomendadorV2Area1 img {\n      width: 100%;\n      border-radius: 6px;\n    }\n  \n    .recomendadorV2Area2 .recomendadorV2Type {\n      font-size: 9px;\n      letter-spacing: 1px;\n      margin: 8px 0;\n    }\n  \n    .recomendadorV2Title h2 {\n      font-size: 18px !important;\n      margin-bottom: 8px !important;\n      line-height: 1.2;\n    }\n  \n    .recomendadorV2Desc {\n      font-size: 14px;\n      margin: 8px 0 !important;\n      line-height: 1.4;\n    }\n  \n    .recomendadorV2Button {\n      font-size: 14px;\n      height: 40px;\n      padding: 0 12px;\n      max-width: 100%;\n      width: 100%;\n    }\n  \n    .recomendadorV2Button:after {\n      padding-left: 6px;\n    }\n  }\n  <\/style>\n        <div class=\"lazyblock-recomendador-v2-2jDGz wp-block-lazyblock-recomendador-v2\">\n        <a class=\"linkrecomendadorv2\" href=\"https:\/\/diariodocomercio.com.br\/mix\/cidade-brasileira-atrai-turistas-e-supera-nova-york\/\">\n            <div class=\"recomendadorV2Area\">\n            <div class=\"recomendadorV2Area1\">\n                <div class=\"recomendadorV2Img\">\n                <img class=\"lazyloaded\" decoding=\"async\" src=\"https:\/\/mix.diariodocomercio.com.br\/wp-content\/uploads\/2025\/02\/Nova-York-1140x570.jpg\" data-src=\"https:\/\/mix.diariodocomercio.com.br\/wp-content\/uploads\/2025\/02\/Nova-York-1140x570.jpg\" alt=\"\">\n                <\/div>\n            <\/div>\n            <div class=\"recomendadorV2Area2\">\n                <div class=\"recomendadorV2Type\">\n                    <span>COMUNICADO<\/span>\n                <\/div>\n                <div class=\"recomendadorV2Title\">\n                <h2><span>Cidade brasileira atrai turistas e supera Nova York<\/span><\/h2>\n                <\/div>\n                <div class=\"recomendadorV2Desc\">\n                <span>Entrou para o ranking de destinos preferidos para viajar do mundo!<\/span>\n                <\/div>\n                <div class=\"recomendadorV2Button\">Confira<\/div>\n                <div class=\"recomendadorV2Alert\"><\/div>\n            <\/div>\n            <\/div>\n        <\/a>\n        <div>\n            <div style=\"z-index:99999;\" id=\"buttonClose\" onclick=\"closeRecomendadorFixed()\">\n            <div class=\"recomendadorCloseFixed\">X<\/div>\n            <\/div>\n            <a href=\"https:\/\/diariodocomercio.com.br\/mix\/cidade-brasileira-atrai-turistas-e-supera-nova-york\/\">\n            <div class=\"recomendadorFixedArea\">\n                <div id=\"recomendadorFixed\">\n                <div class=\"recomendadorLeftArea\">\n                    <div class=\"recomendadorImgFixed\">\n                    <img class=\"lazyload\" decoding=\"async\" src=\"https:\/\/mix.diariodocomercio.com.br\/wp-content\/uploads\/2025\/02\/Nova-York-1140x570.jpg\" alt=\"\">\n                    <\/div>\n                <\/div>\n                <div class=\"recomendadorRightArea\">\n                    <div class=\"recomendadorTitleFixed\">\n                    <h2><span>Cidade brasileira atrai turistas e supera Nova York<\/span><\/h2>\n                    <\/div>\n                    <div class=\"recomendadorButtonFixed\">Confira<\/div>\n                    <div class=\"recomendadorAlertFixed\"><\/div>\n                <\/div>\n                <\/div>\n            <\/div>\n            <\/a>\n        <\/div>\n        <\/div>\n\n\n\n<h2 class=\"wp-block-heading\">Como o risco de recess\u00e3o nos EUA fez Bolsas de Valores ca\u00edrem\u00a0<\/h2>\n\n\n\n<p>Em termos simples, recess\u00e3o significa que a economia de um pa\u00eds est\u00e1 em decl\u00ednio, algo negativo para o in\u00edcio do segundo governo Trump. No entanto, o presidente norte-americano concedeu uma entrevista para a Fox News e se recusou a usar o termo: &#8220;Detesto fazer previs\u00f5es como essas&#8221;. Mas, durante suas falas, deu a entender que a economia est\u00e1 em um per\u00edodo de transi\u00e7\u00e3o.<\/p>\n\n\n\n<p>O problema \u00e9 que a frase n\u00e3o foi bem vista pelo mercado e as bolsas americanas voltaram a cair, pois era esperado que Trump desse uma sinaliza\u00e7\u00e3o mais concreta sobre o futuro da economia nos pr\u00f3ximos meses, como a certeza sobre implementa\u00e7\u00e3o da pol\u00edtica tarif\u00e1ria.&nbsp;<\/p>\n","protected":false},"excerpt":{"rendered":"<p>Desde que Donald Trump retornou para a Casa Branca, o presidente dos Estados Unidos anunciou uma s\u00e9rie de medidas que mexeram com os mercados internos e externos, principalmente sobre taxa\u00e7\u00f5es. No entanto, o mandat\u00e1rio afirmou que n\u00e3o descarta a possibilidade de que o pa\u00eds entre em recess\u00e3o neste ano, fazendo com que as bolsas de [&hellip;]<\/p>\n","protected":false},"author":7,"featured_media":3540,"comment_status":"closed","ping_status":"closed","sticky":false,"template":"","format":"standard","meta":{"jnews-multi-image_gallery":[],"jnews_single_post":{"format":"standard"},"jnews_primary_category":[],"jnews_social_meta":[],"jnews_override_counter":[],"jnews_post_split":[],"footnotes":""},"categories":[1],"tags":[],"class_list":["post-3539","post","type-post","status-publish","format-standard","has-post-thumbnail","hentry","category-geral"],"_referencia":"","_links":{"self":[{"href":"https:\/\/diariodocomercio.com.br\/mix\/wp-json\/wp\/v2\/posts\/3539","targetHints":{"allow":["GET"]}}],"collection":[{"href":"https:\/\/diariodocomercio.com.br\/mix\/wp-json\/wp\/v2\/posts"}],"about":[{"href":"https:\/\/diariodocomercio.com.br\/mix\/wp-json\/wp\/v2\/types\/post"}],"author":[{"embeddable":true,"href":"https:\/\/diariodocomercio.com.br\/mix\/wp-json\/wp\/v2\/users\/7"}],"replies":[{"embeddable":true,"href":"https:\/\/diariodocomercio.com.br\/mix\/wp-json\/wp\/v2\/comments?post=3539"}],"version-history":[{"count":1,"href":"https:\/\/diariodocomercio.com.br\/mix\/wp-json\/wp\/v2\/posts\/3539\/revisions"}],"predecessor-version":[{"id":3541,"href":"https:\/\/diariodocomercio.com.br\/mix\/wp-json\/wp\/v2\/posts\/3539\/revisions\/3541"}],"wp:featuredmedia":[{"embeddable":true,"href":"https:\/\/diariodocomercio.com.br\/mix\/wp-json\/wp\/v2\/media\/3540"}],"wp:attachment":[{"href":"https:\/\/diariodocomercio.com.br\/mix\/wp-json\/wp\/v2\/media?parent=3539"}],"wp:term":[{"taxonomy":"category","embeddable":true,"href":"https:\/\/diariodocomercio.com.br\/mix\/wp-json\/wp\/v2\/categories?post=3539"},{"taxonomy":"post_tag","embeddable":true,"href":"https:\/\/diariodocomercio.com.br\/mix\/wp-json\/wp\/v2\/tags?post=3539"}],"curies":[{"name":"wp","href":"https:\/\/api.w.org\/{rel}","templated":true}]}}