{"id":3542,"date":"2025-03-10T19:02:22","date_gmt":"2025-03-10T22:02:22","guid":{"rendered":"https:\/\/diariodocomercio.com.br\/mix\/?p=3542"},"modified":"2025-03-10T19:02:24","modified_gmt":"2025-03-10T22:02:24","slug":"presidente-da-franca-coloca-humanidade-em-risco-com-ameaca-de-guerra-nuclear","status":"publish","type":"post","link":"https:\/\/diariodocomercio.com.br\/mix\/presidente-da-franca-coloca-humanidade-em-risco-com-ameaca-de-guerra-nuclear\/","title":{"rendered":"Presidente da Fran\u00e7a coloca humanidade em risco com amea\u00e7a de Guerra Nuclear"},"content":{"rendered":"\n<p>No dia 5 de mar\u00e7o, o presidente franc\u00eas Emmanuel Macron declarou ter inten\u00e7\u00e3o de estender a prote\u00e7\u00e3o de seu arsenal nuclear a seus aliados, diante das movimenta\u00e7\u00f5es na guerra Ucr\u00e2nia-R\u00fassia. Isso serviu de alerta para a Europa, no qual Macron afirmou que todos precisam estar preparados em caso dos Estados Unidos n\u00e3o<em> \u201cpermane\u00e7am ao nosso lado\u201d.&nbsp;<\/em><\/p>\n\n\n\n<p>Depois das falas do mandat\u00e1rio franc\u00eas, os pa\u00edses da Uni\u00e3o Europeia (UE) concordaram que precisam de um plano de rearmamento em defesa do bloco, durante a reuni\u00e3o extraordin\u00e1ria realizada em Bruxelas. Quem tamb\u00e9m se manifestou foi a R\u00fassia, que alegou n\u00e3o ter interesse em participar de uma corrida armamentista: <em>&#8220;Eles n\u00e3o v\u00e3o nos vencer, porque n\u00e3o nos envolveremos com eles. Vamos nos concentrar em nossos pr\u00f3prios assuntos e proteger nossos pr\u00f3prios interesses&#8221;, <\/em>disse Dmitry Peskov, porta-voz do Kremlin.<\/p>\n\n\n\n<h2 class=\"wp-block-heading\">Declara\u00e7\u00f5es de Macron s\u00e3o mal vistas por Putin\u00a0<\/h2>\n\n\n\n<p>Apesar do Kremlin ter emitido uma nota contr\u00e1ria \u00e0 ideia armamentista, o presidente russo, Vladimir Putin, criticou as indiretas feitas por Emmanuel Macron, lamentando que existam <em>&#8220;pessoas que querem retornar aos tempos de Napole\u00e3o Bonaparte, esquecendo como tudo terminou&#8221;. <\/em>Essa fala remete ao acontecimento de 1812, quando tropas do imperador franc\u00eas invadiram o Imp\u00e9rio Russo e tomaram Moscou, mas que n\u00e3o foi bem sucedida e precisaram ser retiradas do local.&nbsp;<\/p>\n\n\n\n<p>O assunto continuou tendo repercuss\u00e3o negativa na R\u00fassia e as falas de Macron tamb\u00e9m foram refutadas pelo ministro das Rela\u00e7\u00f5es Exteriores, Serguei Lavrov, que comparou o mandat\u00e1rio franc\u00eas com Adolf Hitler: <em>&#8220;Ao contr\u00e1rio de seus antecessores, que tamb\u00e9m buscavam lutar contra a R\u00fassia \u2014 Napole\u00e3o e Hitler \u2014, o sr. Macron n\u00e3o age muito diplomaticamente. Eles (Napole\u00e3o e Hitler) declaravam abertamente: &#8216;N\u00f3s devemos conquistar e derrotar a R\u00fassia&#8217;. Aparentemente, ele quer a mesma coisa, mas, por alguma raz\u00e3o, diz ser necess\u00e1rio lutar contra a R\u00fassia para que ele n\u00e3o derrote a Fran\u00e7a&#8221;.<\/em><\/p>\n","protected":false},"excerpt":{"rendered":"<p>No dia 5 de mar\u00e7o, o presidente franc\u00eas Emmanuel Macron declarou ter inten\u00e7\u00e3o de estender a prote\u00e7\u00e3o de seu arsenal nuclear a seus aliados, diante das movimenta\u00e7\u00f5es na guerra Ucr\u00e2nia-R\u00fassia. Isso serviu de alerta para a Europa, no qual Macron afirmou que todos precisam estar preparados em caso dos Estados Unidos n\u00e3o \u201cpermane\u00e7am ao nosso [&hellip;]<\/p>\n","protected":false},"author":7,"featured_media":3543,"comment_status":"closed","ping_status":"closed","sticky":false,"template":"","format":"standard","meta":{"jnews-multi-image_gallery":[],"jnews_single_post":{"format":"standard"},"jnews_primary_category":[],"jnews_social_meta":[],"jnews_override_counter":[],"jnews_post_split":[],"footnotes":""},"categories":[1],"tags":[],"class_list":["post-3542","post","type-post","status-publish","format-standard","has-post-thumbnail","hentry","category-geral"],"_referencia":"","_links":{"self":[{"href":"https:\/\/diariodocomercio.com.br\/mix\/wp-json\/wp\/v2\/posts\/3542","targetHints":{"allow":["GET"]}}],"collection":[{"href":"https:\/\/diariodocomercio.com.br\/mix\/wp-json\/wp\/v2\/posts"}],"about":[{"href":"https:\/\/diariodocomercio.com.br\/mix\/wp-json\/wp\/v2\/types\/post"}],"author":[{"embeddable":true,"href":"https:\/\/diariodocomercio.com.br\/mix\/wp-json\/wp\/v2\/users\/7"}],"replies":[{"embeddable":true,"href":"https:\/\/diariodocomercio.com.br\/mix\/wp-json\/wp\/v2\/comments?post=3542"}],"version-history":[{"count":1,"href":"https:\/\/diariodocomercio.com.br\/mix\/wp-json\/wp\/v2\/posts\/3542\/revisions"}],"predecessor-version":[{"id":3546,"href":"https:\/\/diariodocomercio.com.br\/mix\/wp-json\/wp\/v2\/posts\/3542\/revisions\/3546"}],"wp:featuredmedia":[{"embeddable":true,"href":"https:\/\/diariodocomercio.com.br\/mix\/wp-json\/wp\/v2\/media\/3543"}],"wp:attachment":[{"href":"https:\/\/diariodocomercio.com.br\/mix\/wp-json\/wp\/v2\/media?parent=3542"}],"wp:term":[{"taxonomy":"category","embeddable":true,"href":"https:\/\/diariodocomercio.com.br\/mix\/wp-json\/wp\/v2\/categories?post=3542"},{"taxonomy":"post_tag","embeddable":true,"href":"https:\/\/diariodocomercio.com.br\/mix\/wp-json\/wp\/v2\/tags?post=3542"}],"curies":[{"name":"wp","href":"https:\/\/api.w.org\/{rel}","templated":true}]}}