{"id":36950,"date":"2026-03-07T14:44:00","date_gmt":"2026-03-07T17:44:00","guid":{"rendered":"https:\/\/diariodocomercio.com.br\/mix\/?p=36950"},"modified":"2026-03-02T14:59:17","modified_gmt":"2026-03-02T17:59:17","slug":"pensionistas-vao-receber-presente-em-dinheiro-do-governo-federal-em-2026-neste-pais","status":"publish","type":"post","link":"https:\/\/diariodocomercio.com.br\/mix\/pensionistas-vao-receber-presente-em-dinheiro-do-governo-federal-em-2026-neste-pais\/","title":{"rendered":"Pensionistas v\u00e3o receber presente em dinheiro do Governo Federal em 2026 neste pa\u00eds"},"content":{"rendered":"\n<p>Milhares de pensionistas na Espanha poder\u00e3o receber um valor extra em 2026 ap\u00f3s uma decis\u00e3o do Tribunal Supremo que corrige um erro hist\u00f3rico na tributa\u00e7\u00e3o do Imposto sobre a Renda das Pessoas F\u00edsicas (IRPF). A medida pode garantir a devolu\u00e7\u00e3o de valores pagos a mais, com estimativas que variam entre 3 mil e 4 mil euros por benefici\u00e1rio.<\/p>\n\n\n\n<p>O Minist\u00e9rio da Hacienda (equivalente ao Minist\u00e9rio da Fazenda) emitiu comunicado alertando que aposentados que trabalharam entre 1976 e 1978 e contribu\u00edram para antigas mutualidades laborais podem ter direito \u00e0 restitui\u00e7\u00e3o. A devolu\u00e7\u00e3o, no entanto, n\u00e3o ser\u00e1 autom\u00e1tica: \u00e9 necess\u00e1rio apresentar solicita\u00e7\u00e3o formal \u00e0 Ag\u00eancia Tribut\u00e1ria.<\/p>\n\n\n\n<p>Antes da consolida\u00e7\u00e3o do sistema atual de Seguridade Social, as pens\u00f5es na Espanha eram financiadas por meio de contribui\u00e7\u00f5es a mutualidades administradas pelo Minist\u00e9rio do Trabalho. At\u00e9 1967, essas contribui\u00e7\u00f5es eram tributadas integralmente no IRPF, sem possibilidade de dedu\u00e7\u00e3o.<\/p>\n\n\n\n<p>Entre 1967 e 1978, o sistema passou por integra\u00e7\u00e3o progressiva \u00e0 Seguridade Social. Embora as contribui\u00e7\u00f5es j\u00e1 pudessem ser consideradas dedut\u00edveis, em muitos casos isso n\u00e3o foi aplicado corretamente, gerando dupla tributa\u00e7\u00e3o.<\/p>\n\n\n\n<p>O Tribunal Supremo determinou agora que as pens\u00f5es derivadas dessas contribui\u00e7\u00f5es deveriam ter sido tributadas apenas sobre 75% do valor recebido \u2014 e n\u00e3o sobre 100%, como vinha ocorrendo. Com isso, abre-se a possibilidade de recuperar valores pagos indevidamente nos \u00faltimos quatro exerc\u00edcios n\u00e3o prescritos: 2018, 2019, 2020 e 2021.<\/p>\n\n\n\n<p>A decis\u00e3o impacta especialmente trabalhadores de setores como ind\u00fastria e minera\u00e7\u00e3o, bastante representativos em regi\u00f5es como Ast\u00farias, onde houve aumento significativo na procura por informa\u00e7\u00f5es junto \u00e0 Hacienda e a sindicatos.<\/p>\n\n\n\n<h2 class=\"wp-block-heading\"><strong>Redu\u00e7\u00e3o de at\u00e9 75% no IRPF<\/strong><\/h2>\n\n\n\n<p>Al\u00e9m das mutualidades, o Supremo tamb\u00e9m fixou crit\u00e9rios para a tributa\u00e7\u00e3o de seguros coletivos contratados durante a vida laboral, utilizados como complemento \u00e0 aposentadoria.<\/p>\n\n\n\n<p>De acordo com a decis\u00e3o, aposentados poder\u00e3o aplicar redu\u00e7\u00e3o de at\u00e9 75% na base tribut\u00e1vel do IRPF sobre valores recebidos desses seguros, desde que cumpram tr\u00eas requisitos principais:<\/p>\n\n\n\n<ul class=\"wp-block-list\">\n<li>O contrato tenha sido firmado antes de 20 de janeiro de 2006;<\/li>\n\n\n\n<li>As primas tenham sido pagas pelo pr\u00f3prio trabalhador, e n\u00e3o integralmente pela empresa;<\/li>\n\n\n\n<li>O benef\u00edcio tenha sido gerado por per\u00edodo superior a cinco anos.<\/li>\n<\/ul>\n\n\n\n<p>Se atendidas as condi\u00e7\u00f5es, o impacto pode ser significativo, reduzindo a carga tribut\u00e1ria ou at\u00e9 gerando restitui\u00e7\u00f5es adicionais.<\/p>\n\n\n\n<h2 class=\"wp-block-heading\"><strong>Como solicitar a devolu\u00e7\u00e3o<\/strong><\/h2>\n\n\n\n<p>A devolu\u00e7\u00e3o n\u00e3o ser\u00e1 concedida automaticamente. Os pensionistas devem revisar suas declara\u00e7\u00f5es dos anos n\u00e3o prescritos e apresentar requerimento formal \u00e0 Ag\u00eancia Tribut\u00e1ria espanhola.<\/p>\n\n\n\n<p>Especialistas recomendam que os benefici\u00e1rios mantenham documenta\u00e7\u00e3o detalhada, como contratos originais, comprovantes de pagamento das primas e certificados emitidos pelas seguradoras, para comprovar a antiguidade do seguro e a origem das contribui\u00e7\u00f5es.<\/p>\n","protected":false},"excerpt":{"rendered":"<p>Milhares de pensionistas na Espanha poder\u00e3o receber um valor extra em 2026 ap\u00f3s uma decis\u00e3o do Tribunal Supremo que corrige um erro hist\u00f3rico na tributa\u00e7\u00e3o do Imposto sobre a Renda das Pessoas F\u00edsicas (IRPF). A medida pode garantir a devolu\u00e7\u00e3o de valores pagos a mais, com estimativas que variam entre 3 mil e 4 mil [&hellip;]<\/p>\n","protected":false},"author":9,"featured_media":18828,"comment_status":"closed","ping_status":"closed","sticky":false,"template":"","format":"standard","meta":{"jnews-multi-image_gallery":[],"jnews_single_post":{"format":"standard"},"jnews_primary_category":[],"jnews_social_meta":[],"jnews_override_counter":[],"jnews_post_split":[],"footnotes":""},"categories":[1],"tags":[],"class_list":["post-36950","post","type-post","status-publish","format-standard","has-post-thumbnail","hentry","category-geral"],"_referencia":"","_links":{"self":[{"href":"https:\/\/diariodocomercio.com.br\/mix\/wp-json\/wp\/v2\/posts\/36950","targetHints":{"allow":["GET"]}}],"collection":[{"href":"https:\/\/diariodocomercio.com.br\/mix\/wp-json\/wp\/v2\/posts"}],"about":[{"href":"https:\/\/diariodocomercio.com.br\/mix\/wp-json\/wp\/v2\/types\/post"}],"author":[{"embeddable":true,"href":"https:\/\/diariodocomercio.com.br\/mix\/wp-json\/wp\/v2\/users\/9"}],"replies":[{"embeddable":true,"href":"https:\/\/diariodocomercio.com.br\/mix\/wp-json\/wp\/v2\/comments?post=36950"}],"version-history":[{"count":1,"href":"https:\/\/diariodocomercio.com.br\/mix\/wp-json\/wp\/v2\/posts\/36950\/revisions"}],"predecessor-version":[{"id":36954,"href":"https:\/\/diariodocomercio.com.br\/mix\/wp-json\/wp\/v2\/posts\/36950\/revisions\/36954"}],"wp:featuredmedia":[{"embeddable":true,"href":"https:\/\/diariodocomercio.com.br\/mix\/wp-json\/wp\/v2\/media\/18828"}],"wp:attachment":[{"href":"https:\/\/diariodocomercio.com.br\/mix\/wp-json\/wp\/v2\/media?parent=36950"}],"wp:term":[{"taxonomy":"category","embeddable":true,"href":"https:\/\/diariodocomercio.com.br\/mix\/wp-json\/wp\/v2\/categories?post=36950"},{"taxonomy":"post_tag","embeddable":true,"href":"https:\/\/diariodocomercio.com.br\/mix\/wp-json\/wp\/v2\/tags?post=36950"}],"curies":[{"name":"wp","href":"https:\/\/api.w.org\/{rel}","templated":true}]}}