{"id":36993,"date":"2026-03-07T20:35:00","date_gmt":"2026-03-07T23:35:00","guid":{"rendered":"https:\/\/diariodocomercio.com.br\/mix\/?p=36993"},"modified":"2026-03-02T18:23:52","modified_gmt":"2026-03-02T21:23:52","slug":"oncas-estao-passando-fome-no-brasil-e-risco-de-extincao-e-alto","status":"publish","type":"post","link":"https:\/\/diariodocomercio.com.br\/mix\/oncas-estao-passando-fome-no-brasil-e-risco-de-extincao-e-alto\/","title":{"rendered":"On\u00e7as est\u00e3o passando fome no Brasil e risco de extin\u00e7\u00e3o \u00e9 alto"},"content":{"rendered":"\n<p>A on\u00e7a-pintada pode desaparecer da Mata Atl\u00e2ntica caso medidas urgentes n\u00e3o sejam adotadas. Um estudo conduzido por pesquisadores brasileiros aponta que a escassez de presas do maior felino das Am\u00e9ricas atingiu n\u00edveis cr\u00edticos, inclusive dentro de \u00e1reas oficialmente protegidas.<\/p>\n\n\n\n<p>Os dados, divulgados com apoio da Funda\u00e7\u00e3o de Amparo \u00e0 Pesquisa do Estado de S\u00e3o Paulo (Fapesp) e publicados na revista <em>Global Ecology and Conservation<\/em>, indicam que restam menos de 300 on\u00e7as-pintadas (Panthera onca) em todo o bioma. Se o cen\u00e1rio persistir, a Mata Atl\u00e2ntica poder\u00e1 se tornar o primeiro bioma do mundo a registrar a extin\u00e7\u00e3o local de um predador de topo de cadeia alimentar.<\/p>\n\n\n\n<p>A pesquisa analisou a disponibilidade de 14 esp\u00e9cies que comp\u00f5em a base alimentar da on\u00e7a-pintada em nove \u00e1reas protegidas da Mata Atl\u00e2ntica. O levantamento foi feito por meio de armadilhas fotogr\u00e1ficas e cruzamento de dados sobre dieta e h\u00e1bitos do animal.<\/p>\n\n\n\n<p>Os resultados mostram uma queda expressiva na abund\u00e2ncia de presas de m\u00e9dio e grande porte, como:<\/p>\n\n\n\n<ul class=\"wp-block-list\">\n<li>Porcos-do-mato (Tayassu pecari)<\/li>\n\n\n\n<li>Catetos (Dicotyles tajacu)<\/li>\n\n\n\n<li>Cerv\u00eddeos (veados)<\/li>\n<\/ul>\n\n\n\n<p>Segundo os pesquisadores, essas esp\u00e9cies v\u00eam sendo pressionadas pela ca\u00e7a ilegal, o que reduz drasticamente a oferta de alimento para as on\u00e7as.<\/p>\n\n\n<div class=\"wp-block-image\">\n<figure class=\"aligncenter size-full\"><img decoding=\"async\" width=\"800\" height=\"533\" src=\"https:\/\/diariodocomercio.com.br\/mix\/wp-content\/uploads\/2026\/03\/image-16.png\" alt=\"\" class=\"wp-image-37001\" srcset=\"https:\/\/diariodocomercio.com.br\/mix\/wp-content\/uploads\/2026\/03\/image-16.png 800w, https:\/\/diariodocomercio.com.br\/mix\/wp-content\/uploads\/2026\/03\/image-16-300x200.png 300w, https:\/\/diariodocomercio.com.br\/mix\/wp-content\/uploads\/2026\/03\/image-16-768x512.png 768w, https:\/\/diariodocomercio.com.br\/mix\/wp-content\/uploads\/2026\/03\/image-16-150x100.png 150w, https:\/\/diariodocomercio.com.br\/mix\/wp-content\/uploads\/2026\/03\/image-16-750x500.png 750w\" sizes=\"(max-width: 800px) 100vw, 800px\" \/><figcaption class=\"wp-element-caption\">On\u00e7a Pintada (Reprodu\u00e7\u00e3o\/SECOM)<\/figcaption><\/figure>\n<\/div>\n\n\n<h2 class=\"wp-block-heading\"><strong>Diferen\u00e7a abismal entre regi\u00f5es<\/strong><\/h2>\n\n\n\n<p>O estudo identificou forte contraste entre \u00e1reas mais preservadas e regi\u00f5es com maior presen\u00e7a humana.<\/p>\n\n\n\n<p>No chamado Corredor Verde \u2014 onde h\u00e1 maior conectividade entre unidades de conserva\u00e7\u00e3o e a\u00e7\u00f5es cont\u00ednuas de combate \u00e0 ca\u00e7a, como o Projeto On\u00e7as do Igua\u00e7u \u2014 a biomassa de presas chegou a 638 quilos.<\/p>\n\n\n\n<p>J\u00e1 na Mata Atl\u00e2ntica costeira, incluindo trechos da Serra do Mar, o \u00edndice caiu para apenas 8,2 quilos \u2014 uma diferen\u00e7a considerada cr\u00edtica pelos pesquisadores. Nessas \u00e1reas, a presen\u00e7a da on\u00e7a-pintada \u00e9 inexistente ou extremamente rara.<\/p>\n\n\n\n<p>A pesquisa aponta que a facilidade de acesso \u00e0s \u00e1reas protegidas, especialmente nas regi\u00f5es pr\u00f3ximas a grandes centros urbanos como S\u00e3o Paulo e Curitiba, contribui para a ca\u00e7a ilegal e para o decl\u00ednio das esp\u00e9cies que servem de alimento ao felino.<\/p>\n\n\n\n<h2 class=\"wp-block-heading\"><strong>Risco real de extin\u00e7\u00e3o local<\/strong><\/h2>\n\n\n\n<p>A Mata Atl\u00e2ntica cobre cerca de 15% do territ\u00f3rio brasileiro e se estende por 17 estados das regi\u00f5es Sul, Sudeste e Nordeste, al\u00e9m de \u00e1reas na Argentina e no Paraguai. Mesmo sendo um dos biomas mais protegidos do pa\u00eds, enfrenta fragmenta\u00e7\u00e3o hist\u00f3rica e forte press\u00e3o antr\u00f3pica.<\/p>\n\n\n\n<p>Os pesquisadores alertam que, sem medidas dr\u00e1sticas para conter a ca\u00e7a ilegal e recuperar popula\u00e7\u00f5es de presas, a on\u00e7a-pintada pode desaparecer definitivamente da regi\u00e3o.<\/p>\n\n\n\n<p>A perda do maior predador da cadeia alimentar teria impacto profundo no equil\u00edbrio ecol\u00f3gico, afetando o controle populacional de outras esp\u00e9cies e alterando a din\u00e2mica dos ecossistemas.<\/p>\n","protected":false},"excerpt":{"rendered":"<p>A on\u00e7a-pintada pode desaparecer da Mata Atl\u00e2ntica caso medidas urgentes n\u00e3o sejam adotadas. Um estudo conduzido por pesquisadores brasileiros aponta que a escassez de presas do maior felino das Am\u00e9ricas atingiu n\u00edveis cr\u00edticos, inclusive dentro de \u00e1reas oficialmente protegidas. Os dados, divulgados com apoio da Funda\u00e7\u00e3o de Amparo \u00e0 Pesquisa do Estado de S\u00e3o Paulo [&hellip;]<\/p>\n","protected":false},"author":9,"featured_media":37002,"comment_status":"closed","ping_status":"closed","sticky":false,"template":"","format":"standard","meta":{"jnews-multi-image_gallery":[],"jnews_single_post":{"format":"standard"},"jnews_primary_category":[],"jnews_social_meta":[],"jnews_override_counter":[],"jnews_post_split":[],"footnotes":""},"categories":[1],"tags":[],"class_list":["post-36993","post","type-post","status-publish","format-standard","has-post-thumbnail","hentry","category-geral"],"_referencia":"","_links":{"self":[{"href":"https:\/\/diariodocomercio.com.br\/mix\/wp-json\/wp\/v2\/posts\/36993","targetHints":{"allow":["GET"]}}],"collection":[{"href":"https:\/\/diariodocomercio.com.br\/mix\/wp-json\/wp\/v2\/posts"}],"about":[{"href":"https:\/\/diariodocomercio.com.br\/mix\/wp-json\/wp\/v2\/types\/post"}],"author":[{"embeddable":true,"href":"https:\/\/diariodocomercio.com.br\/mix\/wp-json\/wp\/v2\/users\/9"}],"replies":[{"embeddable":true,"href":"https:\/\/diariodocomercio.com.br\/mix\/wp-json\/wp\/v2\/comments?post=36993"}],"version-history":[{"count":1,"href":"https:\/\/diariodocomercio.com.br\/mix\/wp-json\/wp\/v2\/posts\/36993\/revisions"}],"predecessor-version":[{"id":37003,"href":"https:\/\/diariodocomercio.com.br\/mix\/wp-json\/wp\/v2\/posts\/36993\/revisions\/37003"}],"wp:featuredmedia":[{"embeddable":true,"href":"https:\/\/diariodocomercio.com.br\/mix\/wp-json\/wp\/v2\/media\/37002"}],"wp:attachment":[{"href":"https:\/\/diariodocomercio.com.br\/mix\/wp-json\/wp\/v2\/media?parent=36993"}],"wp:term":[{"taxonomy":"category","embeddable":true,"href":"https:\/\/diariodocomercio.com.br\/mix\/wp-json\/wp\/v2\/categories?post=36993"},{"taxonomy":"post_tag","embeddable":true,"href":"https:\/\/diariodocomercio.com.br\/mix\/wp-json\/wp\/v2\/tags?post=36993"}],"curies":[{"name":"wp","href":"https:\/\/api.w.org\/{rel}","templated":true}]}}