{"id":37082,"date":"2026-03-08T12:12:00","date_gmt":"2026-03-08T15:12:00","guid":{"rendered":"https:\/\/diariodocomercio.com.br\/mix\/?p=37082"},"modified":"2026-03-03T11:48:17","modified_gmt":"2026-03-03T14:48:17","slug":"municipio-com-347-mil-pessoas-confirma-transporte-publico-gratuito-para-a-populacao","status":"publish","type":"post","link":"https:\/\/diariodocomercio.com.br\/mix\/municipio-com-347-mil-pessoas-confirma-transporte-publico-gratuito-para-a-populacao\/","title":{"rendered":"Munic\u00edpio com 347 mil pessoas confirma transporte p\u00fablico gratuito para a popula\u00e7\u00e3o"},"content":{"rendered":"\n<p>A cidade de <strong>Canoas, <\/strong>no Rio Grande do Sul, anunciou uma mudan\u00e7a marcante em seu transporte p\u00fablico. No \u00faltimo dia 27 de fevereiro, o prefeito Airton Souza oficializou a <strong>tarifa zero <\/strong>como pol\u00edtica permanente no munic\u00edpio de 347 mil habitantes.<\/p>\n\n\n\n<p>Isso faz de Canoas a maior cidade do estado a adotar essa medida, promovendo um acesso gratuito e abrangente ao transporte p\u00fablico. A decis\u00e3o segue sucessivas prorroga\u00e7\u00f5es do Passe Livre, originalmente implantado em 2024 por causa das enchentes.<\/p>\n\n\n\n<p>A implementa\u00e7\u00e3o do Passe Livre em Canoas \u00e9 mais que um marco municipal; representa uma pol\u00edtica de inclus\u00e3o e desenvolvimento urbano. Com mais de 1 milh\u00e3o de utiliza\u00e7\u00f5es mensais, o sistema facilita o acesso a empregos, sa\u00fade e educa\u00e7\u00e3o, superando a m\u00e9dia anterior de 852 mil usu\u00e1rios.&nbsp;<\/p>\n\n\n\n<h2 class=\"wp-block-heading\">Modelo de subs\u00eddio sustent\u00e1vel<\/h2>\n\n\n\n<p>O sistema de transporte de Canoas baseia-se em subs\u00eddios diretos \u00e0 concession\u00e1ria de transporte p\u00fablico. Esse modelo mant\u00e9m transpar\u00eancia ao calcular subs\u00eddios conforme a tarifa t\u00e9cnica e o uso real dos servi\u00e7os.&nbsp;<\/p>\n\n\n\n<p>Trajetos s\u00e3o custeados integralmente pela prefeitura, garantindo acesso cont\u00ednuo e eficiente.<\/p>\n\n\n\n<h2 class=\"wp-block-heading\">Passe Livre no Brasil<\/h2>\n\n\n\n<p>O Passe Livre n\u00e3o \u00e9 novidade no Brasil, mas sua ado\u00e7\u00e3o em Canoas serve como exemplo para discuss\u00f5es nacionais. Atualmente, 182 cidades brasileiras oferecem algum tipo de gratuidade no transporte p\u00fablico, das quais 132 integram tarifa zero completa.<\/p>\n\n\n\n<p>Expandir essa pol\u00edtica para maiores centros urbanos desafia a estrutura financeira e operacional dos sistemas de transporte.<\/p>\n\n\n\n<p>O an\u00fancio do Passe Livre Permanente em Canoas refor\u00e7a a cidade como refer\u00eancia nacional em mobilidade urbana.&nbsp;<\/p>\n","protected":false},"excerpt":{"rendered":"<p>Trajetos s\u00e3o custeados integralmente pela prefeitura, garantindo acesso cont\u00ednuo e eficiente.<\/p>\n","protected":false},"author":12,"featured_media":30554,"comment_status":"closed","ping_status":"closed","sticky":false,"template":"","format":"standard","meta":{"jnews-multi-image_gallery":[],"jnews_single_post":{"format":"standard"},"jnews_primary_category":[],"jnews_social_meta":[],"jnews_override_counter":[],"jnews_post_split":[],"footnotes":""},"categories":[1],"tags":[],"class_list":["post-37082","post","type-post","status-publish","format-standard","has-post-thumbnail","hentry","category-geral"],"_referencia":"","_links":{"self":[{"href":"https:\/\/diariodocomercio.com.br\/mix\/wp-json\/wp\/v2\/posts\/37082","targetHints":{"allow":["GET"]}}],"collection":[{"href":"https:\/\/diariodocomercio.com.br\/mix\/wp-json\/wp\/v2\/posts"}],"about":[{"href":"https:\/\/diariodocomercio.com.br\/mix\/wp-json\/wp\/v2\/types\/post"}],"author":[{"embeddable":true,"href":"https:\/\/diariodocomercio.com.br\/mix\/wp-json\/wp\/v2\/users\/12"}],"replies":[{"embeddable":true,"href":"https:\/\/diariodocomercio.com.br\/mix\/wp-json\/wp\/v2\/comments?post=37082"}],"version-history":[{"count":1,"href":"https:\/\/diariodocomercio.com.br\/mix\/wp-json\/wp\/v2\/posts\/37082\/revisions"}],"predecessor-version":[{"id":37104,"href":"https:\/\/diariodocomercio.com.br\/mix\/wp-json\/wp\/v2\/posts\/37082\/revisions\/37104"}],"wp:featuredmedia":[{"embeddable":true,"href":"https:\/\/diariodocomercio.com.br\/mix\/wp-json\/wp\/v2\/media\/30554"}],"wp:attachment":[{"href":"https:\/\/diariodocomercio.com.br\/mix\/wp-json\/wp\/v2\/media?parent=37082"}],"wp:term":[{"taxonomy":"category","embeddable":true,"href":"https:\/\/diariodocomercio.com.br\/mix\/wp-json\/wp\/v2\/categories?post=37082"},{"taxonomy":"post_tag","embeddable":true,"href":"https:\/\/diariodocomercio.com.br\/mix\/wp-json\/wp\/v2\/tags?post=37082"}],"curies":[{"name":"wp","href":"https:\/\/api.w.org\/{rel}","templated":true}]}}