{"id":37107,"date":"2026-03-08T13:13:00","date_gmt":"2026-03-08T16:13:00","guid":{"rendered":"https:\/\/diariodocomercio.com.br\/mix\/?p=37107"},"modified":"2026-03-03T12:34:42","modified_gmt":"2026-03-03T15:34:42","slug":"narcisistas-geralmente-dizem-essas-7-frases-para-transmitir-superioridade","status":"publish","type":"post","link":"https:\/\/diariodocomercio.com.br\/mix\/narcisistas-geralmente-dizem-essas-7-frases-para-transmitir-superioridade\/","title":{"rendered":"Narcisistas geralmente dizem essas 7 frases para transmitir superioridade"},"content":{"rendered":"\n<p>A percep\u00e7\u00e3o de que <strong>comportamentos narcisistas <\/strong>est\u00e3o cada vez mais presentes no cotidiano tem levado especialistas a comparar o fen\u00f4meno a uma esp\u00e9cie de epidemia social. O perfil \u00e9 marcado por uma autoimagem inflada, senso exagerado de import\u00e2ncia, sensibilidade extrema a cr\u00edticas e dificuldade significativa de empatia.<\/p>\n\n\n\n<p>Al\u00e9m disso, pessoas com esses tra\u00e7os tendem a buscar valida\u00e7\u00e3o constante e admira\u00e7\u00e3o cont\u00ednua, mesmo que isso implique desgaste emocional para quem convive com elas.<\/p>\n\n\n\n<h2 class=\"wp-block-heading\">7 frases recorrentes utilizadas por pessoas narcisistas<\/h2>\n\n\n\n<p>O site Minha Vida publicou mat\u00e9ria baseada em entrevista da psic\u00f3loga <strong>Cortney S. Warren<\/strong> concedida \u00e0 CNBC. Ela \u00e9 formada pela Universidade de Harvard, explicou que discutir com indiv\u00edduos altamente narcisistas costuma ser um desafio, pois a postura egoc\u00eantrica dificulta trocas equilibradas. Segundo ela, \u00e9 comum que o interlocutor termine a conversa sentindo-se ignorado, criticado ou invis\u00edvel.<\/p>\n\n\n\n<p>A especialista listou <strong>sete frases recorrentes<\/strong> utilizadas por pessoas com esse perfil, geralmente empregadas como forma de desestabilizar ou ferir o outro:<\/p>\n\n\n\n<p>1. \u201cVoc\u00ea tem sorte que eu me importo\u201d<\/p>\n\n\n\n<p>2. \u201cNingu\u00e9m iria querer ficar com voc\u00ea\u201d<\/p>\n\n\n\n<p>3. \u201cVoc\u00ea precisa de mim\u201d<\/p>\n\n\n\n<p>4. \u201cMeus sentimentos s\u00e3o mais importantes\u201d ou \u201cVoc\u00ea est\u00e1 errada por se sentir assim\u201d<\/p>\n\n\n\n<p>5. \u201cPor que voc\u00ea fala com o fulano? Ele \u00e9 um idiota\u201d<\/p>\n\n\n\n<p>6. \u201cSe eu gritei, a culpa \u00e9 sua\u201d ou \u201cse voc\u00ea n\u00e3o tivesse feito isso, eu n\u00e3o estaria com raiva\u201d<\/p>\n\n\n\n<p>7. \u201cN\u00e3o tenho tempo para isso\u201d<\/p>\n\n\n\n<p>De acordo com Warren, essas declara\u00e7\u00f5es revelam padr\u00f5es como sentimento de superioridade, desvaloriza\u00e7\u00e3o do outro, manipula\u00e7\u00e3o emocional, invalida\u00e7\u00e3o de sentimentos, necessidade de se colocar acima das demais pessoas, transfer\u00eancia de responsabilidade e uso do sil\u00eancio como estrat\u00e9gia de controle \u2014 pr\u00e1tica frequentemente associada \u00e0 chamada \u201clei do gelo\u201d.<\/p>\n\n\n\n<p>Sobre como reagir, a psic\u00f3loga orienta que a principal estrat\u00e9gia \u00e9 evitar respostas emocionais intensas. Ela recomenda fazer pausas antes de responder, manter o tom de voz est\u00e1vel, n\u00e3o adotar postura defensiva e estabelecer limites claros, demonstrando disposi\u00e7\u00e3o para ouvir sem necessariamente concordar.<\/p>\n","protected":false},"excerpt":{"rendered":"<p>Pessoas com esses tra\u00e7os tendem a buscar valida\u00e7\u00e3o constante e admira\u00e7\u00e3o cont\u00ednua.<\/p>\n","protected":false},"author":12,"featured_media":27738,"comment_status":"closed","ping_status":"closed","sticky":false,"template":"","format":"standard","meta":{"jnews-multi-image_gallery":[],"jnews_single_post":{"format":"standard"},"jnews_primary_category":[],"jnews_social_meta":[],"jnews_override_counter":[],"jnews_post_split":[],"footnotes":""},"categories":[1],"tags":[],"class_list":["post-37107","post","type-post","status-publish","format-standard","has-post-thumbnail","hentry","category-geral"],"_referencia":"","_links":{"self":[{"href":"https:\/\/diariodocomercio.com.br\/mix\/wp-json\/wp\/v2\/posts\/37107","targetHints":{"allow":["GET"]}}],"collection":[{"href":"https:\/\/diariodocomercio.com.br\/mix\/wp-json\/wp\/v2\/posts"}],"about":[{"href":"https:\/\/diariodocomercio.com.br\/mix\/wp-json\/wp\/v2\/types\/post"}],"author":[{"embeddable":true,"href":"https:\/\/diariodocomercio.com.br\/mix\/wp-json\/wp\/v2\/users\/12"}],"replies":[{"embeddable":true,"href":"https:\/\/diariodocomercio.com.br\/mix\/wp-json\/wp\/v2\/comments?post=37107"}],"version-history":[{"count":1,"href":"https:\/\/diariodocomercio.com.br\/mix\/wp-json\/wp\/v2\/posts\/37107\/revisions"}],"predecessor-version":[{"id":37115,"href":"https:\/\/diariodocomercio.com.br\/mix\/wp-json\/wp\/v2\/posts\/37107\/revisions\/37115"}],"wp:featuredmedia":[{"embeddable":true,"href":"https:\/\/diariodocomercio.com.br\/mix\/wp-json\/wp\/v2\/media\/27738"}],"wp:attachment":[{"href":"https:\/\/diariodocomercio.com.br\/mix\/wp-json\/wp\/v2\/media?parent=37107"}],"wp:term":[{"taxonomy":"category","embeddable":true,"href":"https:\/\/diariodocomercio.com.br\/mix\/wp-json\/wp\/v2\/categories?post=37107"},{"taxonomy":"post_tag","embeddable":true,"href":"https:\/\/diariodocomercio.com.br\/mix\/wp-json\/wp\/v2\/tags?post=37107"}],"curies":[{"name":"wp","href":"https:\/\/api.w.org\/{rel}","templated":true}]}}