{"id":37291,"date":"2026-03-07T13:39:00","date_gmt":"2026-03-07T16:39:00","guid":{"rendered":"https:\/\/diariodocomercio.com.br\/mix\/?p=37291"},"modified":"2026-03-04T15:11:28","modified_gmt":"2026-03-04T18:11:28","slug":"e-possivel-remover-o-circulo-azul-do-whatsapp-veja-para-que-ele-serve","status":"publish","type":"post","link":"https:\/\/diariodocomercio.com.br\/mix\/e-possivel-remover-o-circulo-azul-do-whatsapp-veja-para-que-ele-serve\/","title":{"rendered":"\u00c9 poss\u00edvel remover o c\u00edrculo azul do WhatsApp? Veja para que ele serve"},"content":{"rendered":"\n<p>Em 2024, a <strong>Meta<\/strong> transformou a forma como milh\u00f5es de usu\u00e1rios interagem no <strong>WhatsApp <\/strong>ao integrar a <strong>Meta AI.<\/strong> Dispon\u00edvel inicialmente no Brasil, Reino Unido e Filipinas, essa tecnologia oferece um chatbot identific\u00e1vel pelo c\u00edrculo azul, que realiza tarefas pr\u00e1ticas dentro do aplicativo. Essa inova\u00e7\u00e3o visa trazer maior praticidade ao uso di\u00e1rio do WhatsApp.<\/p>\n\n\n\n<p>A implementa\u00e7\u00e3o da Meta AI no WhatsApp permite uma s\u00e9rie de funcionalidades. O chatbot possibilita desde a gera\u00e7\u00e3o de textos criativos at\u00e9 o planejamento de viagens, passando por sugest\u00f5es de presentes e cria\u00e7\u00e3o de imagens a partir de comandos de texto. Isso transforma o simples ato de conversar em uma poderosa ferramenta para resolver tarefas do cotidiano.<\/p>\n\n\n\n<h2 class=\"wp-block-heading\">O que a Meta AI oferece no WhatsApp?<\/h2>\n\n\n\n<p>Os usu\u00e1rios podem acessar o chatbot da Meta AI clicando no bot\u00e3o azul na aba &#8220;Conversas&#8221; ou digitando &#8220;@Meta AI&#8221; nos chats. O recurso est\u00e1 dispon\u00edvel em dispositivos com as vers\u00f5es mais recentes do WhatsApp, facilitando o acesso aos servi\u00e7os de intelig\u00eancia artificial.<\/p>\n\n\n\n<p>A Meta garante que as intera\u00e7\u00f5es com a IA sejam protegidas por criptografia de ponta a ponta. No entanto, a empresa pode utilizar dados das conversas para melhorar o sistema, embora os usu\u00e1rios tenham a op\u00e7\u00e3o de contestar esse uso. Isso \u00e9 feito por meio de um formul\u00e1rio dispon\u00edvel pela empresa, garantindo maior controle sobre as informa\u00e7\u00f5es pessoais.<\/p>\n\n\n\n<h2 class=\"wp-block-heading\">Como limitar a intera\u00e7\u00e3o com a Meta AI<\/h2>\n\n\n\n<p>Apesar de <strong>n\u00e3o ser poss\u00edvel remover a Meta AI do WhatsApp,<\/strong> usu\u00e1rios que desejam diminuir sua presen\u00e7a podem excluir ou arquivar chats. Essa a\u00e7\u00e3o reduz a visibilidade do chatbot na lista de conversas.<\/p>\n\n\n\n<p>Al\u00e9m disso, os usu\u00e1rios preocupados com a privacidade podem preencher um formul\u00e1rio espec\u00edfico da Meta para contestar o uso de dados pessoais.<\/p>\n\n\n\n<p>A introdu\u00e7\u00e3o da Meta AI representa um avan\u00e7o significativo na intera\u00e7\u00e3o digital dos usu\u00e1rios do WhatsApp.&nbsp;<\/p>\n","protected":false},"excerpt":{"rendered":"<p>A implementa\u00e7\u00e3o no WhatsApp permite uma s\u00e9rie de funcionalidades.<\/p>\n","protected":false},"author":12,"featured_media":10467,"comment_status":"closed","ping_status":"closed","sticky":false,"template":"","format":"standard","meta":{"jnews-multi-image_gallery":[],"jnews_single_post":{"format":"standard"},"jnews_primary_category":[],"jnews_social_meta":[],"jnews_override_counter":[],"jnews_post_split":[],"footnotes":""},"categories":[1],"tags":[],"class_list":["post-37291","post","type-post","status-publish","format-standard","has-post-thumbnail","hentry","category-geral"],"_referencia":"","_links":{"self":[{"href":"https:\/\/diariodocomercio.com.br\/mix\/wp-json\/wp\/v2\/posts\/37291","targetHints":{"allow":["GET"]}}],"collection":[{"href":"https:\/\/diariodocomercio.com.br\/mix\/wp-json\/wp\/v2\/posts"}],"about":[{"href":"https:\/\/diariodocomercio.com.br\/mix\/wp-json\/wp\/v2\/types\/post"}],"author":[{"embeddable":true,"href":"https:\/\/diariodocomercio.com.br\/mix\/wp-json\/wp\/v2\/users\/12"}],"replies":[{"embeddable":true,"href":"https:\/\/diariodocomercio.com.br\/mix\/wp-json\/wp\/v2\/comments?post=37291"}],"version-history":[{"count":1,"href":"https:\/\/diariodocomercio.com.br\/mix\/wp-json\/wp\/v2\/posts\/37291\/revisions"}],"predecessor-version":[{"id":37292,"href":"https:\/\/diariodocomercio.com.br\/mix\/wp-json\/wp\/v2\/posts\/37291\/revisions\/37292"}],"wp:featuredmedia":[{"embeddable":true,"href":"https:\/\/diariodocomercio.com.br\/mix\/wp-json\/wp\/v2\/media\/10467"}],"wp:attachment":[{"href":"https:\/\/diariodocomercio.com.br\/mix\/wp-json\/wp\/v2\/media?parent=37291"}],"wp:term":[{"taxonomy":"category","embeddable":true,"href":"https:\/\/diariodocomercio.com.br\/mix\/wp-json\/wp\/v2\/categories?post=37291"},{"taxonomy":"post_tag","embeddable":true,"href":"https:\/\/diariodocomercio.com.br\/mix\/wp-json\/wp\/v2\/tags?post=37291"}],"curies":[{"name":"wp","href":"https:\/\/api.w.org\/{rel}","templated":true}]}}